{"id":10235,"date":"2019-09-11T12:19:58","date_gmt":"2019-09-11T10:19:58","guid":{"rendered":"http:\/\/www.rosanerosiamonoi.it\/palermocalcio\/?p=10235"},"modified":"2019-09-11T12:20:05","modified_gmt":"2019-09-11T10:20:05","slug":"roccella-ssd-palermo-si-gioca-a-locri","status":"publish","type":"post","link":"http:\/\/www.rosanerosiamonoi.it\/palermocalcio\/2019\/09\/11\/roccella-ssd-palermo-si-gioca-a-locri\/","title":{"rendered":"Roccella-Ssd Palermo si gioca a LOCRI"},"content":{"rendered":"<p><a href=\"http:\/\/www.rosanerosiamonoi.it\/palermocalcio\/2019\/09\/11\/roccella-ssd-palermo-si-gioca-a-locri\/stadio-locri\/\" rel=\"attachment wp-att-10236\"><img decoding=\"async\" loading=\"lazy\" class=\"aligncenter size-full wp-image-10236\" src=\"http:\/\/www.rosanerosiamonoi.it\/palermocalcio\/wp-content\/uploads\/2019\/09\/stadio-locri.jpg\" alt=\"\" width=\"290\" height=\"174\" \/><\/a><\/p>\n<p>La notizia \u00e8 confermata , la gara fra <strong>Roccella Jonica<\/strong> e l&#8217;<strong> SSD Palermo<\/strong> si giocher\u00e0 a <strong>Locri<\/strong>.<br \/>\nOrmai \u00e8 ufficiale: <strong>Roccella \u2013 Ssd Palermo<\/strong> di domenica prossima <strong>15 Settembre<\/strong> si giocher\u00e0 allo <strong>stadio Giuseppe Raffaele Macr\u00ec di Locri<\/strong>; la decisione della Lega Nazionale Dilettanti \u00e8 arrivata nella tarda mattinata di ieri.<\/p>\n<p>La necessit\u00e0 di avere uno stadio pi\u00f9 capiente nasce dal fatto che potrebbero essere un migliaio i tifosi rosanero in arrivo da Palermo cos\u00ec sarebbe stato insufficiente la capienza dello stadio di Roccella Jonica.<br \/>\nTroppo piccolo il Ninetto Muscolo di Roccella per fare fronte alla forte richiesta di biglietti in arrivo dal capoluogo siciliano, con i tifosi che gi\u00e0 nella giornata di ieri avuta conferama che si gioca a Locri, hanno iniziato a prendere d\u2019assalto le rivenditorie della citt\u00e0.<\/p>\n<p><strong>Lo stadio di Locri<\/strong>, ristrutturato e ampliato qualche anno fa, <strong>\u00e8 in grado di contenere 5 mila spettatori<\/strong>, praticamente il doppio rispetto all\u2019impianto di via degli Ulivi a Roccella e inoltre consente una pi\u00f9 efficiente separazione tra le due tifoserie.<\/p>\n<p>Certo sar\u00e0 un peccato per il Roccella non giocare tra le mura amiche con una formazione blasonata come quella rosanero ma le notizie che vengono da Palermo sul ritrovato amore tra la tifoseria e la squadra dopo il fallimento, cui \u00e8 stato inspiegabilmente costretta e che \u00e8 costato ai rosanero la serie A, spostare la partita a Locri , stadio molto pi\u00f9 capiente ed adeguato, era diventato inevitabile.<br \/>\nQua sar\u00e0 anche possibile curare meglio l&#8217;aspetto dell\u2019ordine pubblico, in considerazione del cattivo sangue che scorre tra le frange pi\u00f9 oltranziste della tifoseria palermitana e la tifoseria della Reggina, molto seguita in provincia.<br \/>\nMa vogliamo credere che come con il San Tommaso alla fine non potr\u00e0 che essere solo una bella giornata di sport.<br \/>\nNoi come facciamo fin dall&#8217;inizio del campionato dei rosanero ci saremo ancora una volta con la nostra radiocronaca sulle frequenze di <strong>Radio TV Azzurra<\/strong> per vivere insieme questo terzo incontro del campionato di serie D e speriamo fortemente in un terzo successo per il Palermo.<\/p>\n","protected":false},"excerpt":{"rendered":"<p>La notizia \u00e8 confermata , la gara fra Roccella Jonica e l&#8217; SSD Palermo si giocher\u00e0 a Locri. Ormai \u00e8 ufficiale: Roccella \u2013 Ssd Palermo di domenica prossima 15 Settembre si giocher\u00e0 allo stadio Giuseppe Raffaele Macr\u00ec di Locri; la decisione della Lega Nazionale Dilettanti \u00e8 arrivata nella tarda mattinata di ieri. La necessit\u00e0 di [&hellip;]<\/p>\n","protected":false},"author":2,"featured_media":10238,"comment_status":"closed","ping_status":"open","sticky":false,"template":"","format":"standard","meta":[],"categories":[10,1,6],"tags":[1838,1839,1836,1837,1657],"_links":{"self":[{"href":"http:\/\/www.rosanerosiamonoi.it\/palermocalcio\/wp-json\/wp\/v2\/posts\/10235"}],"collection":[{"href":"http:\/\/www.rosanerosiamonoi.it\/palermocalcio\/wp-json\/wp\/v2\/posts"}],"about":[{"href":"http:\/\/www.rosanerosiamonoi.it\/palermocalcio\/wp-json\/wp\/v2\/types\/post"}],"author":[{"embeddable":true,"href":"http:\/\/www.rosanerosiamonoi.it\/palermocalcio\/wp-json\/wp\/v2\/users\/2"}],"replies":[{"embeddable":true,"href":"http:\/\/www.rosanerosiamonoi.it\/palermocalcio\/wp-json\/wp\/v2\/comments?post=10235"}],"version-history":[{"count":2,"href":"http:\/\/www.rosanerosiamonoi.it\/palermocalcio\/wp-json\/wp\/v2\/posts\/10235\/revisions"}],"predecessor-version":[{"id":10239,"href":"http:\/\/www.rosanerosiamonoi.it\/palermocalcio\/wp-json\/wp\/v2\/posts\/10235\/revisions\/10239"}],"wp:featuredmedia":[{"embeddable":true,"href":"http:\/\/www.rosanerosiamonoi.it\/palermocalcio\/wp-json\/wp\/v2\/media\/10238"}],"wp:attachment":[{"href":"http:\/\/www.rosanerosiamonoi.it\/palermocalcio\/wp-json\/wp\/v2\/media?parent=10235"}],"wp:term":[{"taxonomy":"category","embeddable":true,"href":"http:\/\/www.rosanerosiamonoi.it\/palermocalcio\/wp-json\/wp\/v2\/categories?post=10235"},{"taxonomy":"post_tag","embeddable":true,"href":"http:\/\/www.rosanerosiamonoi.it\/palermocalcio\/wp-json\/wp\/v2\/tags?post=10235"}],"curies":[{"name":"wp","href":"https:\/\/api.w.org\/{rel}","templated":true}]}}