{"id":10304,"date":"2019-09-15T01:04:50","date_gmt":"2019-09-14T23:04:50","guid":{"rendered":"http:\/\/www.rosanerosiamonoi.it\/palermocalcio\/?p=10304"},"modified":"2019-09-15T01:15:21","modified_gmt":"2019-09-14T23:15:21","slug":"roccella-ssd-palermo-radiocronaca-su-rta","status":"publish","type":"post","link":"http:\/\/www.rosanerosiamonoi.it\/palermocalcio\/2019\/09\/15\/roccella-ssd-palermo-radiocronaca-su-rta\/","title":{"rendered":"Roccella-Ssd Palermo radiocronaca su RTA"},"content":{"rendered":"<p><a href=\"http:\/\/www.rosanerosiamonoi.it\/palermocalcio\/2019\/09\/15\/roccella-sssd-palermo-radiocronaca-su-rta\/roccela-pa-rta\/\" rel=\"attachment wp-att-10305\"><img decoding=\"async\" loading=\"lazy\" src=\"http:\/\/www.rosanerosiamonoi.it\/palermocalcio\/wp-content\/uploads\/2019\/09\/roccela-pa-rta-520x293.jpg\" alt=\"\" width=\"520\" height=\"293\" class=\"aligncenter size-medium wp-image-10305\" srcset=\"http:\/\/www.rosanerosiamonoi.it\/palermocalcio\/wp-content\/uploads\/2019\/09\/roccela-pa-rta-520x293.jpg 520w, http:\/\/www.rosanerosiamonoi.it\/palermocalcio\/wp-content\/uploads\/2019\/09\/roccela-pa-rta-768x432.jpg 768w, http:\/\/www.rosanerosiamonoi.it\/palermocalcio\/wp-content\/uploads\/2019\/09\/roccela-pa-rta-640x360.jpg 640w, http:\/\/www.rosanerosiamonoi.it\/palermocalcio\/wp-content\/uploads\/2019\/09\/roccela-pa-rta.jpg 960w\" sizes=\"(max-width: 520px) 100vw, 520px\" \/><\/a><br \/>\nLA RADIOCRONACA<br \/>\nDomenica In Diretta su<br \/>\nRTA &#8211; Radio Tiv\u00f9 Azzurra<br \/>\nin tutti i canali, frequenze, app player, siti e streaming di propriet\u00e0 del gruppo<br \/>\nA.C. Start Azzurra s.P.a.<br \/>\nper i quali ha acquisito dalla lega,<br \/>\ni diritti \u201cAudio\u201d della partite del Palermo,<br \/>\ndentro e fuori casa,<br \/>\nsenza alcuna immagine ne dei giocatori, ne di altro all\u2019interno del rettangolo di gioco.<\/p>\n<p>LA TELECRONACA invece per chi avesse la possibilit\u00e0, potr\u00e0 seguirla in streaming abbonandosi a pagamento alla societ\u00e0 Eleven Sports che ha acquisito dalla lega l\u2019esclusiva \u201cVideo\u201d, delle partite del Palermo con le immagini complete del rettangolo di gioco.<\/p>\n<p>scarica l\u2019App per<br \/>\nApple <code>https:\/\/apps.apple.com\/\u2026\/rta-radio-tiv%C3%B9-az\u2026\/id806102580<\/code><br \/>\no<br \/>\nAndroid <code>https:\/\/play.google.com\/store\/apps\/details\u2026<\/code><\/p>\n<p>In ogni caso sempre e solo FORZA PALERMO<\/p>\n<p>PRE PARTITA dalle 14 con TODAY SPORT su RTA<br \/>\ncon Rosario Carraffa \u2014 con Sasa&#8217; Taibi e Anna Cane<\/p>\n<p>Radiocronaca della voce storica del Palermo e dei tifosi su Radio Studio 104, Mario Giglio.<\/p>\n","protected":false},"excerpt":{"rendered":"<p>LA RADIOCRONACA Domenica In Diretta su RTA &#8211; Radio Tiv\u00f9 Azzurra in tutti i canali, frequenze, app player, siti e streaming di propriet\u00e0 del gruppo A.C. Start Azzurra s.P.a. per i quali ha acquisito dalla lega, i diritti \u201cAudio\u201d della partite del Palermo, dentro e fuori casa, senza alcuna immagine ne dei giocatori, ne di [&hellip;]<\/p>\n","protected":false},"author":2,"featured_media":10305,"comment_status":"closed","ping_status":"open","sticky":false,"template":"","format":"standard","meta":[],"categories":[10,35,1,6],"tags":[1839,1857,1856,1657,1858,1703,1859],"_links":{"self":[{"href":"http:\/\/www.rosanerosiamonoi.it\/palermocalcio\/wp-json\/wp\/v2\/posts\/10304"}],"collection":[{"href":"http:\/\/www.rosanerosiamonoi.it\/palermocalcio\/wp-json\/wp\/v2\/posts"}],"about":[{"href":"http:\/\/www.rosanerosiamonoi.it\/palermocalcio\/wp-json\/wp\/v2\/types\/post"}],"author":[{"embeddable":true,"href":"http:\/\/www.rosanerosiamonoi.it\/palermocalcio\/wp-json\/wp\/v2\/users\/2"}],"replies":[{"embeddable":true,"href":"http:\/\/www.rosanerosiamonoi.it\/palermocalcio\/wp-json\/wp\/v2\/comments?post=10304"}],"version-history":[{"count":4,"href":"http:\/\/www.rosanerosiamonoi.it\/palermocalcio\/wp-json\/wp\/v2\/posts\/10304\/revisions"}],"predecessor-version":[{"id":10309,"href":"http:\/\/www.rosanerosiamonoi.it\/palermocalcio\/wp-json\/wp\/v2\/posts\/10304\/revisions\/10309"}],"wp:featuredmedia":[{"embeddable":true,"href":"http:\/\/www.rosanerosiamonoi.it\/palermocalcio\/wp-json\/wp\/v2\/media\/10305"}],"wp:attachment":[{"href":"http:\/\/www.rosanerosiamonoi.it\/palermocalcio\/wp-json\/wp\/v2\/media?parent=10304"}],"wp:term":[{"taxonomy":"category","embeddable":true,"href":"http:\/\/www.rosanerosiamonoi.it\/palermocalcio\/wp-json\/wp\/v2\/categories?post=10304"},{"taxonomy":"post_tag","embeddable":true,"href":"http:\/\/www.rosanerosiamonoi.it\/palermocalcio\/wp-json\/wp\/v2\/tags?post=10304"}],"curies":[{"name":"wp","href":"https:\/\/api.w.org\/{rel}","templated":true}]}}