{"id":10326,"date":"2019-09-18T14:10:54","date_gmt":"2019-09-18T12:10:54","guid":{"rendered":"http:\/\/www.rosanerosiamonoi.it\/palermocalcio\/?p=10326"},"modified":"2019-09-18T15:34:09","modified_gmt":"2019-09-18T13:34:09","slug":"sforzini-nuovo-attaccante-palermo-video-crivello","status":"publish","type":"post","link":"http:\/\/www.rosanerosiamonoi.it\/palermocalcio\/2019\/09\/18\/sforzini-nuovo-attaccante-palermo-video-crivello\/","title":{"rendered":"Sforzini, nuovo attaccante Palermo (VIDEO Crivello)"},"content":{"rendered":"<p><a href=\"http:\/\/www.rosanerosiamonoi.it\/palermocalcio\/2019\/09\/18\/sforzini-nuovo-attaccante-palermo-video-crivello\/ferdinando-sforzini-celebra-una-rete-realizzata-con-la-maglia-dellentella\/\" rel=\"attachment wp-att-10327\"><img decoding=\"async\" loading=\"lazy\" class=\"aligncenter size-full wp-image-10327\" src=\"http:\/\/www.rosanerosiamonoi.it\/palermocalcio\/wp-content\/uploads\/2019\/09\/Ferdinando-Sforzini-celebra-una-rete-realizzata-con-la-maglia-dellEntella-.jpg\" alt=\"\" width=\"421\" height=\"237\" \/><\/a><\/p>\n<p>L&#8217;SSD conferma quanto valutavamo su di un organico incompleto e provvede prendendo un&#8217;altra punta che pu\u00f2 essere mandata in campo con Ricciardo fin da subito.<br \/>\nIl Palermo ha cos\u00ec un nuovo attaccante e si tratta di <strong>Ferdinando Sforzini<\/strong> che era l\u2019anno scorso in forza all\u2019Avellino ed ha contribuito alla promozione in Serie C degli irpini con <strong>11 reti<\/strong>.<\/p>\n<p>Non \u00e8 proprio l&#8217;attaccante da 25-30 gol che serve a questa squadra per avere calciatori in campo che fanno la differenza ma \u00e8 certamente la valida alternativa per l&#8217;attacco da parte di Rosario Pergolizzi che quindi avr\u00e0 un attaccante di esperienza e di categoria su cui contare e che per ora potr\u00e0 utilizzare per mandarlo in campo in coppia con Ricciardo in attesa che gli venga presa la punta che fa la differenza e veramente forte come ricordavamo prima e che con Ricciardo e Sforzini comporrebbe un attacco fortissimo per la serie D capace di fare la differenza.<\/p>\n<p>Ora serve il regista che sa fare tagli, assist, cross e passaggi smarcanti per mandarli in gol cosa che \u00e8 mancata invece in tutte e tre le partite giocate tant&#8217;\u00e8 che nell&#8217;ultima Ricciardo non ha ricevuta neanche una palla, proprio cos\u00ec neanche un palla da calciare in rete.<\/p>\n<p>A<strong> Sforzini<\/strong> durante la sua permanenza a Grosseto gli sono stati affibbiati i soprannomi <strong>Nandogoal<\/strong> e <strong>Tagliagole<\/strong>, soprannome ricorrente alla sua esultanza a seguito di un gol, ispirata alla celebre Signature Taunt del wrestler canadese Chris Benoit.<\/p>\n<p><strong>Ferdinando Sforzini<\/strong><br \/>\nNazionalit\u00e0 Italia Italia<br \/>\nAltezza 194 cm<br \/>\nPeso 86 kg<br \/>\nRuolo Attaccante<br \/>\nSquadra Palermo<br \/>\n<strong>Carriera<br \/>\nGiovanili<\/strong><br \/>\n1999-2001 Tor di Quinto Tor di Quinto<br \/>\n2001-2002 Napoli Napoli<br \/>\n2002-2003 Lazio Lazio<br \/>\n<strong>Squadre di club<\/strong><br \/>\n2003-2005 Sassuolo 38 (9)[1]<br \/>\n2005 Udinese (0)<br \/>\n2005-2006 \u2192 Verona 35 (5)<br \/>\n2006-2007 \u2192 Modena 30 (5)<br \/>\n2007-2008 \u2192 Vicenza 14 (2)<br \/>\n2008 \u2192 Ravenna 21 (9)<br \/>\n2008-2009 \u2192 Grosseto 18 (3)<br \/>\n2009 \u2192 Avellino 12 (7)<br \/>\n2009-2010 \u2192 Bari 8 (0)<br \/>\n2010-2011 \u2192 CFR Cluj 3 (0)<br \/>\n2011-2013 Grosseto 78 (38)<br \/>\n2013-2014 Pescara 30 (2)<br \/>\n2014-2015 Latina 20 (4)<br \/>\n2015-2016 Virtus Entella 19 (6)[2]<br \/>\n2016 Pavia 11 (3)<br \/>\n2016-2018 Viterbese Castrense 9 (1)<br \/>\n2018-2019 Avellino 28 (11)[3]<br \/>\n2019 Cavese 1 (0)<br \/>\n2019- Palermo 0 (0)<\/p>\n<p>Vi proponiamo anche il video integrale del difensore <strong>Roberto Crivello<\/strong> in sala stampa al termine di <strong>Asd Roccella SSD Palermo 0-2<\/strong>.<\/p>\n<p><iframe loading=\"lazy\" src=\"https:\/\/www.youtube.com\/embed\/YWX0jxmjHic\" width=\"656\" height=\"408\" frameborder=\"0\" allowfullscreen=\"allowfullscreen\"><\/iframe><\/p>\n","protected":false},"excerpt":{"rendered":"<p>L&#8217;SSD conferma quanto valutavamo su di un organico incompleto e provvede prendendo un&#8217;altra punta che pu\u00f2 essere mandata in campo con Ricciardo fin da subito. Il Palermo ha cos\u00ec un nuovo attaccante e si tratta di Ferdinando Sforzini che era l\u2019anno scorso in forza all\u2019Avellino ed ha contribuito alla promozione in Serie C degli irpini [&hellip;]<\/p>\n","protected":false},"author":2,"featured_media":10327,"comment_status":"closed","ping_status":"open","sticky":false,"template":"","format":"standard","meta":[],"categories":[43,10,1,6,44],"tags":[1872,1766,1869,1870,1703,1871],"_links":{"self":[{"href":"http:\/\/www.rosanerosiamonoi.it\/palermocalcio\/wp-json\/wp\/v2\/posts\/10326"}],"collection":[{"href":"http:\/\/www.rosanerosiamonoi.it\/palermocalcio\/wp-json\/wp\/v2\/posts"}],"about":[{"href":"http:\/\/www.rosanerosiamonoi.it\/palermocalcio\/wp-json\/wp\/v2\/types\/post"}],"author":[{"embeddable":true,"href":"http:\/\/www.rosanerosiamonoi.it\/palermocalcio\/wp-json\/wp\/v2\/users\/2"}],"replies":[{"embeddable":true,"href":"http:\/\/www.rosanerosiamonoi.it\/palermocalcio\/wp-json\/wp\/v2\/comments?post=10326"}],"version-history":[{"count":8,"href":"http:\/\/www.rosanerosiamonoi.it\/palermocalcio\/wp-json\/wp\/v2\/posts\/10326\/revisions"}],"predecessor-version":[{"id":10335,"href":"http:\/\/www.rosanerosiamonoi.it\/palermocalcio\/wp-json\/wp\/v2\/posts\/10326\/revisions\/10335"}],"wp:featuredmedia":[{"embeddable":true,"href":"http:\/\/www.rosanerosiamonoi.it\/palermocalcio\/wp-json\/wp\/v2\/media\/10327"}],"wp:attachment":[{"href":"http:\/\/www.rosanerosiamonoi.it\/palermocalcio\/wp-json\/wp\/v2\/media?parent=10326"}],"wp:term":[{"taxonomy":"category","embeddable":true,"href":"http:\/\/www.rosanerosiamonoi.it\/palermocalcio\/wp-json\/wp\/v2\/categories?post=10326"},{"taxonomy":"post_tag","embeddable":true,"href":"http:\/\/www.rosanerosiamonoi.it\/palermocalcio\/wp-json\/wp\/v2\/tags?post=10326"}],"curies":[{"name":"wp","href":"https:\/\/api.w.org\/{rel}","templated":true}]}}