{"id":10482,"date":"2019-10-08T13:08:44","date_gmt":"2019-10-08T11:08:44","guid":{"rendered":"http:\/\/www.rosanerosiamonoi.it\/palermocalcio\/?p=10482"},"modified":"2019-10-08T13:08:47","modified_gmt":"2019-10-08T11:08:47","slug":"italia-bosnia-oggi-alle-17-30-al-barbera-video","status":"publish","type":"post","link":"http:\/\/www.rosanerosiamonoi.it\/palermocalcio\/2019\/10\/08\/italia-bosnia-oggi-alle-17-30-al-barbera-video\/","title":{"rendered":"Italia-Bosnia oggi alle 17.30 al Barbera (VIDEO)"},"content":{"rendered":"<p><a href=\"http:\/\/www.rosanerosiamonoi.it\/palermocalcio\/2019\/10\/08\/italia-bosnia-oggi-alle-17-30-al-barbera-video\/italia-femminile-calcio\/\" rel=\"attachment wp-att-10483\"><img decoding=\"async\" loading=\"lazy\" class=\"aligncenter size-medium wp-image-10483\" src=\"http:\/\/www.rosanerosiamonoi.it\/palermocalcio\/wp-content\/uploads\/2019\/10\/italia-femminile-calcio-520x346.jpg\" alt=\"\" width=\"520\" height=\"346\" srcset=\"http:\/\/www.rosanerosiamonoi.it\/palermocalcio\/wp-content\/uploads\/2019\/10\/italia-femminile-calcio-520x346.jpg 520w, http:\/\/www.rosanerosiamonoi.it\/palermocalcio\/wp-content\/uploads\/2019\/10\/italia-femminile-calcio-768x511.jpg 768w, http:\/\/www.rosanerosiamonoi.it\/palermocalcio\/wp-content\/uploads\/2019\/10\/italia-femminile-calcio-1024x681.jpg 1024w, http:\/\/www.rosanerosiamonoi.it\/palermocalcio\/wp-content\/uploads\/2019\/10\/italia-femminile-calcio-150x100.jpg 150w, http:\/\/www.rosanerosiamonoi.it\/palermocalcio\/wp-content\/uploads\/2019\/10\/italia-femminile-calcio-200x133.jpg 200w, http:\/\/www.rosanerosiamonoi.it\/palermocalcio\/wp-content\/uploads\/2019\/10\/italia-femminile-calcio-250x166.jpg 250w, http:\/\/www.rosanerosiamonoi.it\/palermocalcio\/wp-content\/uploads\/2019\/10\/italia-femminile-calcio-640x426.jpg 640w, http:\/\/www.rosanerosiamonoi.it\/palermocalcio\/wp-content\/uploads\/2019\/10\/italia-femminile-calcio.jpg 1500w\" sizes=\"(max-width: 520px) 100vw, 520px\" \/><\/a><\/p>\n<p style=\"text-align: center;\"><em>(Foto Figc)<\/em><\/p>\n<p>Dopo aver conquistato tre vittorie nelle trasferte in <strong>Israele, Georgia e Malta<\/strong>, la Nazionale Italiana Femminile di calcio si appresta a giocare la sua <strong>prima gara casalinga nelle qualificazioni ad EURO 2021<\/strong>.<br \/>\nOggi alle ore <strong>17.30<\/strong> \u2013 in diretta anche su <strong>RAI2<\/strong>&#8211; allo stadio <strong>\u2018Renzo Barbera\u2019<\/strong> di Palermo le Azzurre affronteranno la <strong>Bosnia Erzegovina<\/strong>, 65\u00aa nel ranking FIFA e terza nel girone a quota 6 punti alle spalle di Italia e Danimarca, prime a punteggio pieno dopo i primi tre incontri.<br \/>\nL\u2019Italia giocher\u00e0 per la terza volta a Palermo, dove ha vinto i due match disputati nel giugno del 1971 con l\u2019<strong>Austria (6-0)<\/strong> e nell\u2019ottobre del 2000 con il <strong>Portogallo (3-0)<\/strong>.<br \/>\nPer la sfida di oggi, vista l\u2019indisponibilit\u00e0 di <strong>Rachele Baldi<\/strong>, il Ct <strong>Milena Bertolini<\/strong> ha convocato il portiere dell\u2019Inter <strong>Roberta Aprile<\/strong>, alla prima chiamata in Nazionale maggiore.<\/p>\n<p style=\"text-align: center;\"><a href=\"http:\/\/www.rosanerosiamonoi.it\/palermocalcio\/2019\/10\/07\/italia-bosnia-ore-17-30-al-barbera-video\/italia-bosnia-femminile\/\" rel=\"attachment wp-att-10476\"><img decoding=\"async\" loading=\"lazy\" class=\"aligncenter size-medium wp-image-10476\" src=\"http:\/\/www.rosanerosiamonoi.it\/palermocalcio\/wp-content\/uploads\/2019\/10\/italia-bosnia-femminile-520x293.jpg\" alt=\"\" width=\"520\" height=\"293\" srcset=\"http:\/\/www.rosanerosiamonoi.it\/palermocalcio\/wp-content\/uploads\/2019\/10\/italia-bosnia-femminile-520x293.jpg 520w, http:\/\/www.rosanerosiamonoi.it\/palermocalcio\/wp-content\/uploads\/2019\/10\/italia-bosnia-femminile-768x432.jpg 768w, http:\/\/www.rosanerosiamonoi.it\/palermocalcio\/wp-content\/uploads\/2019\/10\/italia-bosnia-femminile-1024x576.jpg 1024w, http:\/\/www.rosanerosiamonoi.it\/palermocalcio\/wp-content\/uploads\/2019\/10\/italia-bosnia-femminile-640x360.jpg 640w, http:\/\/www.rosanerosiamonoi.it\/palermocalcio\/wp-content\/uploads\/2019\/10\/italia-bosnia-femminile.jpg 1920w\" sizes=\"(max-width: 520px) 100vw, 520px\" \/>(<\/a><em>Foto Mario Giglio<\/em>)<\/p>\n<p><strong>\u201c\u00c8 bello tornare in Italia dopo il Mondiale<\/strong> \u2013 le parole della Ct in conferenza stampa &#8211; <strong>e mi piace molto l&#8217;idea di giocare a Palermo. Al Sud ci sono tanti talenti, per\u00f2 mancano le opportunit\u00e0 e le strutture e il fatto che la Nazionale venga in questa citt\u00e0, che ha anche una storia nel calcio femminile, \u00e8 un mezzo importante per promuovere il movimento. Confido nel calore e nella passione che hanno i palermitani per il calcio\u201d.<\/strong><\/p>\n<p>Guai a sottovalutare la Bosnia.<em> \u201cAffronteremo una squadra fisicamente forte e aggressiva \u2013 avverte Bertolini &#8211; con individualit\u00e0 superiori rispetto alle nazionali che abbiamo incontrato finora nelle qualificazioni. Fin qui abbiamo giocato contro squadre molto chiuse ed \u00e8 stato difficile trovare spazi. C&#8217;\u00e8 stata poca concretezza sotto porta, mentre le statistiche dicono che ai Mondiali la nostra \u00e8 stata la Nazionale pi\u00f9 cinica&#8221;.<\/em><\/p>\n<p style=\"text-align: center;\"><a href=\"http:\/\/www.rosanerosiamonoi.it\/palermocalcio\/2019\/10\/08\/italia-bosnia-oggi-alle-17-30-al-barbera-video\/figc-calcio-femminile-6-696x391\/\" rel=\"attachment wp-att-10484\"><img decoding=\"async\" loading=\"lazy\" class=\"aligncenter size-medium wp-image-10484\" src=\"http:\/\/www.rosanerosiamonoi.it\/palermocalcio\/wp-content\/uploads\/2019\/10\/figc-calcio-femminile-6-696x391-520x292.jpg\" alt=\"\" width=\"520\" height=\"292\" srcset=\"http:\/\/www.rosanerosiamonoi.it\/palermocalcio\/wp-content\/uploads\/2019\/10\/figc-calcio-femminile-6-696x391-520x292.jpg 520w, http:\/\/www.rosanerosiamonoi.it\/palermocalcio\/wp-content\/uploads\/2019\/10\/figc-calcio-femminile-6-696x391-640x360.jpg 640w, http:\/\/www.rosanerosiamonoi.it\/palermocalcio\/wp-content\/uploads\/2019\/10\/figc-calcio-femminile-6-696x391.jpg 696w\" sizes=\"(max-width: 520px) 100vw, 520px\" \/><\/a><\/p>\n<p style=\"text-align: center;\"><em>(Foto\u00a0calciofemminileitaliano.it)<\/em><\/p>\n<p>Ieri mattina oltre 500 studentesse e studenti delle scuole di Palermo hanno incontrato presso la <strong>Cittadella Universitaria <\/strong>del capoluogo siciliano una delegazione della Nazionale Femminile.<br \/>\nAll\u2019iniziativa, organizzata dal Settore Giovanile e Scolastico della FIGC, sono intervenute la vice capodelegazione <strong>Barbara Facchetti<\/strong> e le calciatrici Azzurre <strong>Elena Linari, Rachele Baldi e Gloria Marinelli,<\/strong> che hanno avuto l&#8217;occasione di raccontare le proprie esperienze e rispondere alle domande dei ragazzi, affrontando il tema dello sport nelle scuole proprio nel territorio che negli ultimi anni ha registrato il maggior numero di adesioni alle attivit\u00e0 di <strong>\u2018Giococalciando\u2019<\/strong> e <strong>\u2018Ragazze in Gioco\u2019<\/strong> nell\u2019ambito del <strong>Progetto Valori in Rete<\/strong>.<br \/>\nPresente all\u2019incontro anche <strong>Rosalia Pipitone<\/strong>, il portiere della Roma nativa di Palermo che ha lasciato la Nazionale dopo il Mondiale francese.<\/p>\n<p><strong>Rosalia Pipitone<\/strong>:\u00a0<em>\u201cI pregiudizi nei confronti del calcio femminile esistono sempre, ma grazie alle nostre energie messe in campo e nel vedere la gente che ci sostiene, partita dopo partita, riusciremo a superarli del tutto. Personalmente ho dovuto lottare per affermarmi come calciatrice, sono partita proprio da Palermo, e sono contenta del percorso fatto, soprattutto per essere approdata in Nazionale e aver partecipato al mondiale: a voi ragazzine l\u2019unico consiglio che vi posso dare \u00e8 di andare sempre avanti con sacrificio e passione.\u201d<\/em>.<\/p>\n<p>I saluti istituzionali sono stati affidati a <strong>Stefano Valenti<\/strong>, Coordinatore del Settore Giovanile e Scolastico della Regione Sicilia, che ha illustrato la genesi dell&#8217;evento, seguito da <strong>Santino Lo Presti<\/strong>, Presidente del Comitato Regionale della Lega Nazionale Dilettanti. Significativo l&#8217;intervento del Rettore dell\u2019Universit\u00e0 di Palermo, il prof. <strong>Fabrizio Micari<\/strong>. \u201c<em>Vedere tante giovani ragazze riunite in questa sala fa tanto piacere, cos\u00ec come ospitare la Nazionale, soprattutto in un momento come questo per la nostra citt\u00e0: dopo i tempi della Serie A, stiamo vivendo un momento di rinascita e di risalita con il Palermo in serie D. La gioia pi\u00f9 grande \u00e8 perch\u00e9 si tratta della Nazionale femminile, reduce da un ottimo Mondiale che ci ha tenuti incollati al televisore: un calcio che per me significa freschezza<\/em>\u201d.<\/p>\n<p>Di seguito un nostro servizio con le immagini dell&#8221;allenamento al Barbera della Nazionale Italiana femminile di calcio. La musica di sottofondo \u00e8 di <strong>Mario Giglio\u00a0 &amp; l&#8217;ORCHESTRA SICILIANA\u00a0<\/strong> tratta da un concerto realizzato all&#8217;Alexander Platz a Berlino.<\/p>\n<p>&nbsp;<\/p>\n<p><iframe loading=\"lazy\" src=\"https:\/\/www.youtube.com\/embed\/r6fbIqTHRlY\" width=\"656\" height=\"408\" frameborder=\"0\" allowfullscreen=\"allowfullscreen\"><span data-mce-type=\"bookmark\" style=\"display: inline-block; width: 0px; overflow: hidden; line-height: 0;\" class=\"mce_SELRES_start\">\ufeff<\/span><\/iframe><\/p>\n","protected":false},"excerpt":{"rendered":"<p>(Foto Figc) Dopo aver conquistato tre vittorie nelle trasferte in Israele, Georgia e Malta, la Nazionale Italiana Femminile di calcio si appresta a giocare la sua prima gara casalinga nelle qualificazioni ad EURO 2021. Oggi alle ore 17.30 \u2013 in diretta anche su RAI2&#8211; allo stadio \u2018Renzo Barbera\u2019 di Palermo le Azzurre affronteranno la Bosnia [&hellip;]<\/p>\n","protected":false},"author":2,"featured_media":10483,"comment_status":"closed","ping_status":"open","sticky":false,"template":"","format":"standard","meta":[],"categories":[10,7,1,44],"tags":[1929,1928,1927,1924,1925,1926],"_links":{"self":[{"href":"http:\/\/www.rosanerosiamonoi.it\/palermocalcio\/wp-json\/wp\/v2\/posts\/10482"}],"collection":[{"href":"http:\/\/www.rosanerosiamonoi.it\/palermocalcio\/wp-json\/wp\/v2\/posts"}],"about":[{"href":"http:\/\/www.rosanerosiamonoi.it\/palermocalcio\/wp-json\/wp\/v2\/types\/post"}],"author":[{"embeddable":true,"href":"http:\/\/www.rosanerosiamonoi.it\/palermocalcio\/wp-json\/wp\/v2\/users\/2"}],"replies":[{"embeddable":true,"href":"http:\/\/www.rosanerosiamonoi.it\/palermocalcio\/wp-json\/wp\/v2\/comments?post=10482"}],"version-history":[{"count":2,"href":"http:\/\/www.rosanerosiamonoi.it\/palermocalcio\/wp-json\/wp\/v2\/posts\/10482\/revisions"}],"predecessor-version":[{"id":10486,"href":"http:\/\/www.rosanerosiamonoi.it\/palermocalcio\/wp-json\/wp\/v2\/posts\/10482\/revisions\/10486"}],"wp:featuredmedia":[{"embeddable":true,"href":"http:\/\/www.rosanerosiamonoi.it\/palermocalcio\/wp-json\/wp\/v2\/media\/10483"}],"wp:attachment":[{"href":"http:\/\/www.rosanerosiamonoi.it\/palermocalcio\/wp-json\/wp\/v2\/media?parent=10482"}],"wp:term":[{"taxonomy":"category","embeddable":true,"href":"http:\/\/www.rosanerosiamonoi.it\/palermocalcio\/wp-json\/wp\/v2\/categories?post=10482"},{"taxonomy":"post_tag","embeddable":true,"href":"http:\/\/www.rosanerosiamonoi.it\/palermocalcio\/wp-json\/wp\/v2\/tags?post=10482"}],"curies":[{"name":"wp","href":"https:\/\/api.w.org\/{rel}","templated":true}]}}