{"id":10757,"date":"2019-11-07T12:35:03","date_gmt":"2019-11-07T11:35:03","guid":{"rendered":"http:\/\/www.rosanerosiamonoi.it\/palermocalcio\/?p=10757"},"modified":"2019-11-07T12:35:05","modified_gmt":"2019-11-07T11:35:05","slug":"corteo-solidarieta-forze-dellordine-video-1a-parte","status":"publish","type":"post","link":"http:\/\/www.rosanerosiamonoi.it\/palermocalcio\/2019\/11\/07\/corteo-solidarieta-forze-dellordine-video-1a-parte\/","title":{"rendered":"Corteo solidariet\u00e0 Forze dell&#8217;Ordine (VIDEO 1a parte)"},"content":{"rendered":"<div id=\"attachment_10759\" style=\"width: 530px\" class=\"wp-caption aligncenter\"><a href=\"http:\/\/www.rosanerosiamonoi.it\/palermocalcio\/2019\/11\/07\/corteo-solidarieta-forze-dellordine-video-1a-parte\/in-questura-per-un-furto-uno-spara-e-uccide-due-agenti\/\" rel=\"attachment wp-att-10759\"><img aria-describedby=\"caption-attachment-10759\" decoding=\"async\" loading=\"lazy\" class=\"size-medium wp-image-10759\" src=\"http:\/\/www.rosanerosiamonoi.it\/palermocalcio\/wp-content\/uploads\/2019\/11\/poliziotti_uccisi_Trieste-520x367.jpg\" alt=\"\" width=\"520\" height=\"367\" srcset=\"http:\/\/www.rosanerosiamonoi.it\/palermocalcio\/wp-content\/uploads\/2019\/11\/poliziotti_uccisi_Trieste-520x367.jpg 520w, http:\/\/www.rosanerosiamonoi.it\/palermocalcio\/wp-content\/uploads\/2019\/11\/poliziotti_uccisi_Trieste-768x542.jpg 768w, http:\/\/www.rosanerosiamonoi.it\/palermocalcio\/wp-content\/uploads\/2019\/11\/poliziotti_uccisi_Trieste-1024x723.jpg 1024w, http:\/\/www.rosanerosiamonoi.it\/palermocalcio\/wp-content\/uploads\/2019\/11\/poliziotti_uccisi_Trieste-640x452.jpg 640w\" sizes=\"(max-width: 520px) 100vw, 520px\" \/><\/a><p id=\"caption-attachment-10759\" class=\"wp-caption-text\">Due foto, rese disponibili dalla Polizia di Stato, di <strong>Pierluigi Rotta (S) e Matteo De Menego (D)<\/strong>, i due poliziotti uccisi a Trieste, 04 ottobre 2019.\u00a0 Polizia di Stato<\/p><\/div>\n<p>Si \u00e8 tenuto venerd\u00ec 11 ottobre un corteo spontaneo organizzato e ideato da <strong>Marcella Chirchio<\/strong>, operatrice televisiva, per manifestare vicinanza a tutte le forze dell\u2019ordine dopo i fatti di Trieste e unirsi al dolore dei familiari delle due vittime.<\/p>\n<p>Ed oggi diventa ancora attuale il messaggio del corteo per la morte di 3 pompieri , <strong>Matteo, Marco ed Antonio<\/strong> uccisi a causa di 2 esplosioni di origine dolosa in una villa ad Alessandria.<a href=\"http:\/\/www.rosanerosiamonoi.it\/palermocalcio\/2019\/11\/07\/corteo-solidarieta-forze-dellordine-video-1a-parte\/matteo-marco-antonio_alessandria_pompieri_morti\/\" rel=\"attachment wp-att-10760\"><img decoding=\"async\" loading=\"lazy\" class=\"aligncenter size-medium wp-image-10760\" src=\"http:\/\/www.rosanerosiamonoi.it\/palermocalcio\/wp-content\/uploads\/2019\/11\/matteo-marco-antonio_alessandria_pompieri_morti-520x284.jpg\" alt=\"\" width=\"520\" height=\"284\" srcset=\"http:\/\/www.rosanerosiamonoi.it\/palermocalcio\/wp-content\/uploads\/2019\/11\/matteo-marco-antonio_alessandria_pompieri_morti-520x284.jpg 520w, http:\/\/www.rosanerosiamonoi.it\/palermocalcio\/wp-content\/uploads\/2019\/11\/matteo-marco-antonio_alessandria_pompieri_morti.jpg 620w\" sizes=\"(max-width: 520px) 100vw, 520px\" \/><\/a><\/p>\n<p>Hanno perso la vita dopo essere stati coinvolti nell&#8217;esplosione di una cascina a\u00a0Quargnento, in provincia di Alessandria.\u00a0Matteo, Marco e Antonio, questi i nomi dei tre pompieri che avevano gi\u00e0 operato in situazioni ad alto rischio, durante terremoti, alluvioni o complicate operazioni di salvataggio.\u00a0<strong>Quella di ieri mattina doveva essere una operazione relativamente semplice per loro<\/strong>: lo spegnimento di un incendio che era divampato all&#8217;interno della cascina, che dalle prime indagini, parrebbe doloso. Dopo l&#8217;eplosione\u00a0di alcune bombole di gas collocate all&#8217;interno dell&#8217;edificio, per i tre pompieri non c&#8217;\u00e8 stato nulla da fare.<\/p>\n<p>Da piazza Verdi si \u00e8 sostato dinanzi alla Caserma Carini, sede del Comando provinciale dei carabinieri dove \u00e8 stato consegnato un omaggio floreale al comandante provinciale. La tappa successiva \u00e8 stata proprio al Comando dei vigili del fuoco di via Sgarlata per poi tornare in via Maqueda.<\/p>\n<p>Il corteo poi ha percorso via Vittorio Emanuele con il sindaco che si \u00e8 unito al corteo ai Quattro Canti arrivando fino alla Questura dove \u00e8 stato deposto\u00a0 un omaggio floreale alla presenza del Vice Questore di Palermo sotto la lapide che ricorda le vittime della mafia e dove \u00e8 seguito un minuto di silenzio.<\/p>\n<p>Nel video (1080 hd) la prima parte dell&#8217;evento con interviste e immagini complete del corteo. Segue la seconda ed ultima parte .<\/p>\n<p><iframe loading=\"lazy\" width=\"656\" height=\"408\" src=\"https:\/\/www.youtube.com\/embed\/xk7tQipwjQ4\" frameborder=\"0\" allow=\"accelerometer; autoplay; encrypted-media; gyroscope; picture-in-picture\" allowfullscreen><\/iframe><\/p>\n","protected":false},"excerpt":{"rendered":"<p>Si \u00e8 tenuto venerd\u00ec 11 ottobre un corteo spontaneo organizzato e ideato da Marcella Chirchio, operatrice televisiva, per manifestare vicinanza a tutte le forze dell\u2019ordine dopo i fatti di Trieste e unirsi al dolore dei familiari delle due vittime. Ed oggi diventa ancora attuale il messaggio del corteo per la morte di 3 pompieri , [&hellip;]<\/p>\n","protected":false},"author":2,"featured_media":10758,"comment_status":"closed","ping_status":"open","sticky":false,"template":"","format":"standard","meta":[],"categories":[10,1,44],"tags":[1880,2037,2035,1826,1445,672,2039,209,2042,2036,2038,1910,2040,1965,2041,1169],"_links":{"self":[{"href":"http:\/\/www.rosanerosiamonoi.it\/palermocalcio\/wp-json\/wp\/v2\/posts\/10757"}],"collection":[{"href":"http:\/\/www.rosanerosiamonoi.it\/palermocalcio\/wp-json\/wp\/v2\/posts"}],"about":[{"href":"http:\/\/www.rosanerosiamonoi.it\/palermocalcio\/wp-json\/wp\/v2\/types\/post"}],"author":[{"embeddable":true,"href":"http:\/\/www.rosanerosiamonoi.it\/palermocalcio\/wp-json\/wp\/v2\/users\/2"}],"replies":[{"embeddable":true,"href":"http:\/\/www.rosanerosiamonoi.it\/palermocalcio\/wp-json\/wp\/v2\/comments?post=10757"}],"version-history":[{"count":5,"href":"http:\/\/www.rosanerosiamonoi.it\/palermocalcio\/wp-json\/wp\/v2\/posts\/10757\/revisions"}],"predecessor-version":[{"id":10767,"href":"http:\/\/www.rosanerosiamonoi.it\/palermocalcio\/wp-json\/wp\/v2\/posts\/10757\/revisions\/10767"}],"wp:featuredmedia":[{"embeddable":true,"href":"http:\/\/www.rosanerosiamonoi.it\/palermocalcio\/wp-json\/wp\/v2\/media\/10758"}],"wp:attachment":[{"href":"http:\/\/www.rosanerosiamonoi.it\/palermocalcio\/wp-json\/wp\/v2\/media?parent=10757"}],"wp:term":[{"taxonomy":"category","embeddable":true,"href":"http:\/\/www.rosanerosiamonoi.it\/palermocalcio\/wp-json\/wp\/v2\/categories?post=10757"},{"taxonomy":"post_tag","embeddable":true,"href":"http:\/\/www.rosanerosiamonoi.it\/palermocalcio\/wp-json\/wp\/v2\/tags?post=10757"}],"curies":[{"name":"wp","href":"https:\/\/api.w.org\/{rel}","templated":true}]}}