{"id":10770,"date":"2019-11-09T20:12:11","date_gmt":"2019-11-09T19:12:11","guid":{"rendered":"http:\/\/www.rosanerosiamonoi.it\/palermocalcio\/?p=10770"},"modified":"2019-11-11T15:15:07","modified_gmt":"2019-11-11T14:15:07","slug":"corteo-solidarieta-forze-dellordine-2a-parte","status":"publish","type":"post","link":"http:\/\/www.rosanerosiamonoi.it\/palermocalcio\/2019\/11\/09\/corteo-solidarieta-forze-dellordine-2a-parte\/","title":{"rendered":"Corteo solidariet\u00e0 Forze dell&#8217;Ordine (VIDEO 2a parte)"},"content":{"rendered":"<p>Corteo di solidariet\u00e0 per le Forze dell&#8217;Ordine che si \u00e8 svolto a Palermo l&#8217;11 Ottobre 2019 promosso da <strong>Marcella Chirchio<\/strong>, operatrice televisiva.<br \/>\nC&#8217;eravamo anche noi con con l&#8217;<strong>Anps di Monreale<\/strong>, <strong>Istituzioni civili e militari<\/strong> , <strong>Forze di Polizia<\/strong>, <strong>Carabinieri<\/strong> e  gente comune per ricordare i due agenti uccisi a Trieste ma anche in questi giorni i 3 vigili rimasti uccisi in una villa dell&#8217;Allessandrino.<br \/>\nSeconda ed ultima parte<br \/>\nIl corteo si \u00e8 sviluppato da <strong>piazza Verdi<\/strong> (luogo del concentramento davanti al Teatro Massimo) per poi sostare dinanzi la <strong>Caserma Carini<\/strong>, sede del Comando provinciale dei carabinieri, dove \u00e8 stato consegnato un omaggio floreale al comandante provinciale dei carabinieri, colonnello <strong>Arturo Guarino<\/strong>.<br \/>\nLa tappa successiva \u00e8 stata al <strong>Comando dei Vigili del Fuoco<\/strong> di via Scarlatti. Poi, passando per via Maqueda e via Vittorio Emanuele, il corteo ha raggiunto la Questura dove \u00e8 stato deposto un omaggio floreale sotto la lapide ai caduti all&#8217;interno del porticato della <strong>Questura di Palermo<\/strong>, dove si \u00e8 tenuto anche il minuto di silenzio.<br \/>\n&#8220;Proteggiamo chi ci deve proteggere&#8221; recitava lo striscione preceduto dalla rappresentanza dell&#8217;ANPS di Monreale con il suo striscione.<br \/>\nDietro all&#8217;<strong>Anps di Monreale <\/strong>lo striscione dietro al quale si sono alternati semplici cittadini, poliziotti, carabinieri, rappresentanti delle associazioni dei carabinieri, della finanza e dei poliziotti in pensione, i sindaci dei comuni di Palermo, Cammarata, Camporeale e della Provincia di Palermo.<br \/>\nTra gli altri presenti il vice sindaco <strong>Fabio Giambrone <\/strong>che poi ai Quattro canti ha lasciato il posto al sindaco <strong>Leoluca Orlando, Vincenzo Agostino, Antonio Vullo, Luciano Traina, Giovanni Paparcuri, Tina Montinaro e Graziella Domino.<\/strong><br \/>\nPresenti anche i rappresentanti delle comunit\u00e0 straniere presenti a Palermo scesi in strada a fianco di chi solidarizzava con le forze dell&#8217;Ordine.<\/p>\n<p><iframe loading=\"lazy\" width=\"656\" height=\"408\" src=\"https:\/\/www.youtube.com\/embed\/JdxG9gOoOKk\" frameborder=\"0\" allow=\"accelerometer; autoplay; encrypted-media; gyroscope; picture-in-picture\" allowfullscreen><\/iframe><\/p>\n","protected":false},"excerpt":{"rendered":"<p>Corteo di solidariet\u00e0 per le Forze dell&#8217;Ordine che si \u00e8 svolto a Palermo l&#8217;11 Ottobre 2019 promosso da Marcella Chirchio, operatrice televisiva. C&#8217;eravamo anche noi con con l&#8217;Anps di Monreale, Istituzioni civili e militari , Forze di Polizia, Carabinieri e gente comune per ricordare i due agenti uccisi a Trieste ma anche in questi giorni [&hellip;]<\/p>\n","protected":false},"author":2,"featured_media":10771,"comment_status":"closed","ping_status":"open","sticky":false,"template":"","format":"standard","meta":[],"categories":[10,1,44],"tags":[138,2045,2037,2035,1826,1445,2044,2043,2039,209,244,2038,1910,2046],"_links":{"self":[{"href":"http:\/\/www.rosanerosiamonoi.it\/palermocalcio\/wp-json\/wp\/v2\/posts\/10770"}],"collection":[{"href":"http:\/\/www.rosanerosiamonoi.it\/palermocalcio\/wp-json\/wp\/v2\/posts"}],"about":[{"href":"http:\/\/www.rosanerosiamonoi.it\/palermocalcio\/wp-json\/wp\/v2\/types\/post"}],"author":[{"embeddable":true,"href":"http:\/\/www.rosanerosiamonoi.it\/palermocalcio\/wp-json\/wp\/v2\/users\/2"}],"replies":[{"embeddable":true,"href":"http:\/\/www.rosanerosiamonoi.it\/palermocalcio\/wp-json\/wp\/v2\/comments?post=10770"}],"version-history":[{"count":6,"href":"http:\/\/www.rosanerosiamonoi.it\/palermocalcio\/wp-json\/wp\/v2\/posts\/10770\/revisions"}],"predecessor-version":[{"id":10787,"href":"http:\/\/www.rosanerosiamonoi.it\/palermocalcio\/wp-json\/wp\/v2\/posts\/10770\/revisions\/10787"}],"wp:featuredmedia":[{"embeddable":true,"href":"http:\/\/www.rosanerosiamonoi.it\/palermocalcio\/wp-json\/wp\/v2\/media\/10771"}],"wp:attachment":[{"href":"http:\/\/www.rosanerosiamonoi.it\/palermocalcio\/wp-json\/wp\/v2\/media?parent=10770"}],"wp:term":[{"taxonomy":"category","embeddable":true,"href":"http:\/\/www.rosanerosiamonoi.it\/palermocalcio\/wp-json\/wp\/v2\/categories?post=10770"},{"taxonomy":"post_tag","embeddable":true,"href":"http:\/\/www.rosanerosiamonoi.it\/palermocalcio\/wp-json\/wp\/v2\/tags?post=10770"}],"curies":[{"name":"wp","href":"https:\/\/api.w.org\/{rel}","templated":true}]}}