{"id":11497,"date":"2020-04-24T01:02:33","date_gmt":"2020-04-23T23:02:33","guid":{"rendered":"http:\/\/www.rosanerosiamonoi.it\/palermocalcio\/?p=11497"},"modified":"2020-04-24T01:02:33","modified_gmt":"2020-04-23T23:02:33","slug":"serie-a-la-figc-proroga-la-chiusura-al-2-agosto","status":"publish","type":"post","link":"http:\/\/www.rosanerosiamonoi.it\/palermocalcio\/2020\/04\/24\/serie-a-la-figc-proroga-la-chiusura-al-2-agosto\/","title":{"rendered":"Serie A, la Figc proroga la chiusura al\u00a02 agosto"},"content":{"rendered":"<p><a href=\"http:\/\/www.rosanerosiamonoi.it\/palermocalcio\/2019\/05\/23\/palermo-udienza-rinviata-al-29-maggio\/figc-esterni\/\" rel=\"attachment wp-att-8953\"><img decoding=\"async\" loading=\"lazy\" class=\"aligncenter size-full wp-image-8953\" src=\"http:\/\/www.rosanerosiamonoi.it\/palermocalcio\/wp-content\/uploads\/2019\/05\/figc-esterni.jpg\" alt=\"\" width=\"321\" height=\"157\" \/><\/a><\/p>\n<p>Serie A, la Figc proroga la chiusura al\u00a0<b>2 agosto<\/b>. &#8230; Sul sito della Figc\u00a0<b>si<\/b>\u00a0legge: &#8220;\u00c8 intenzione del presidente Gravina adottare nelle prossime ore, d&#8217;accordo con tutte le componenti federali, una delibera per posticipare al\u00a0<b>2 agosto<\/b>\u00a0la fine della stagione sportiva 2019\/2020.&#8221;<\/p>\n<p><strong>ROMA\u00a0<\/strong>&#8211; La <strong>Federcalcio<\/strong> fa la prima mossa. In attesa di capire se il campionato potr\u00e0 ripartire, il presidente <strong>Gabriele\u00a0Gravina<\/strong> ha comunicato alla riunione delle componenti della Figc l&#8217;intenzione di posticipare il termine della stagione sportiva italiana al 2 agosto. Una scelta che ricalca le direttive Uefa, da cui \u00e8 arrivato l&#8217;input di chiudere le competizioni nazionali entro il 3 agosto. Il giorno successivo \u00e8 infatti il termine ultimo per comunicare alla Uefa quali saranno le squadre che parteciperanno alle coppe europee della prossima stagione. Intanto Nyon ribadisce: &#8220;Campionati da portare a termine&#8221;. Il ruolo principale sar\u00e0 quello di mettere in condizione Uefa e Aic di dialogare per definire il prolungamento dei contratti in scadenza al 30 giugno: in questo senso, un ruolo lo reciter\u00e0 la Uefa stessa.<\/p>\n<p>In un comunicato, <strong>Gravina<\/strong> ha spiegato la natura dell&#8217;iniziativa: &#8220;<em>Il mondo del calcio sta lavorando incessantemente e in maniera responsabile per trovare soluzioni concrete e sostenibili alla crisi generata dal Covid-19, comprese quelle necessarie e indispensabili per salvaguardare le competizioni 2020\/21. Anche per questo merita rispetto, invece di essere strumentalmente utilizzato per polemiche destituite di qualunque fondamento. <\/em><\/p>\n<p><em>Ringrazio il Ministro Spadafora per l\u2019attenzione riservata nella riunione di ieri, durante la quale \u00e8 stato spiegato approfonditamente qual \u00e8 il nostro approccio: tornare a giocare in sicurezza perch\u00e9 ce lo dice il buon senso e perch\u00e9 ce lo chiedono gli organismi internazionali a cui il calcio italiano \u00e8 collegato. <\/em><\/p>\n<p><em>Confermando quanto affermato durante l\u2019incontro e animati dal consueto spirito di collaborazione, sar\u00e0 mia cura inviare al Coni il protocollo che abbiamo realizzato, restando a disposizione per eventuali preziose indicazioni. Siamo soddisfatti del costante confronto che stiamo avendo col Ministro per lo Sport, ma anche con quelli della Salute e dell\u2019Economia e delle Finanze, ai quali abbiamo prospettato tutte le misure necessarie. <\/em><\/p>\n<p><em>Mi stupisce, invece, dover constatare ancora una volta quanto la tentazione di parlare continuamente di calcio, per la notoriet\u00e0 che da questo discende, induca diversi interlocutori a commentare cose di cui sono evidentemente male informati&#8221;.<\/em><\/p>\n<p>La\u00a0<strong>Uefa<\/strong>\u00a0 che ha riunito il proprio comitato esecutivo\u00a0 ha ribadito in via definitiva ci\u00f2 che aveva gi\u00e0 sussurrato in maniera ufficiosa:\u00a0<strong>tutte le federazioni dovranno fare il possibile per portare a termine i campionati nazionali, senza cambiare il format<\/strong>.<\/p>\n<p>Non ce la dovessero fare, sarebbero comunque ammesse<strong>\u00a0formule diverse, come ad esempio play-off e play-out<\/strong>.<\/p>\n<p>Si deve tentare di arrivare ad una qualificazione delle squadre alle prossime coppe europee per meriti sportivi. Ai tasselli del puzzle, ne \u00e8 stato aggiunto anche un altro:\u00a0<strong>quei Paesi che non riusciranno a chiudere i campionati per ordini dei governi o a causa di insormontabili problemi economici, dovranno stilare le proprie classifiche \u2013 attraverso le federazioni e le leghe \u2013 basandosi esclusivamente sui meriti sportivi<\/strong>\u00a0acquisiti in campionato nella stagione 2019\/20, cio\u00e8 quella attuale, prima dello stop.<\/p>\n<p>In pratica cristallizzando le classifiche stesse. Di conseguenza\u00a0<strong>niente wild card e niente graduatorie stilate in base al ranking<\/strong>.<\/p>\n<p>La Uefa si \u00e8 riservata il diritto di non ammettere una squadra indicata da una federazione, nel caso in cui il club non sia stato scelto attraverso una procedura obiettiva, trasparente e non discriminatoria, oppure se dovesse esistere una percezione pubblica di ingiustizia nella qualificazione del club.<\/p>\n","protected":false},"excerpt":{"rendered":"<p>Serie A, la Figc proroga la chiusura al\u00a02 agosto. &#8230; Sul sito della Figc\u00a0si\u00a0legge: &#8220;\u00c8 intenzione del presidente Gravina adottare nelle prossime ore, d&#8217;accordo con tutte le componenti federali, una delibera per posticipare al\u00a02 agosto\u00a0la fine della stagione sportiva 2019\/2020.&#8221; ROMA\u00a0&#8211; La Federcalcio fa la prima mossa. In attesa di capire se il campionato potr\u00e0 [&hellip;]<\/p>\n","protected":false},"author":2,"featured_media":11498,"comment_status":"closed","ping_status":"open","sticky":false,"template":"","format":"standard","meta":[],"categories":[10,28,1],"tags":[2377,2375,277,1426,106,2376],"_links":{"self":[{"href":"http:\/\/www.rosanerosiamonoi.it\/palermocalcio\/wp-json\/wp\/v2\/posts\/11497"}],"collection":[{"href":"http:\/\/www.rosanerosiamonoi.it\/palermocalcio\/wp-json\/wp\/v2\/posts"}],"about":[{"href":"http:\/\/www.rosanerosiamonoi.it\/palermocalcio\/wp-json\/wp\/v2\/types\/post"}],"author":[{"embeddable":true,"href":"http:\/\/www.rosanerosiamonoi.it\/palermocalcio\/wp-json\/wp\/v2\/users\/2"}],"replies":[{"embeddable":true,"href":"http:\/\/www.rosanerosiamonoi.it\/palermocalcio\/wp-json\/wp\/v2\/comments?post=11497"}],"version-history":[{"count":1,"href":"http:\/\/www.rosanerosiamonoi.it\/palermocalcio\/wp-json\/wp\/v2\/posts\/11497\/revisions"}],"predecessor-version":[{"id":11499,"href":"http:\/\/www.rosanerosiamonoi.it\/palermocalcio\/wp-json\/wp\/v2\/posts\/11497\/revisions\/11499"}],"wp:featuredmedia":[{"embeddable":true,"href":"http:\/\/www.rosanerosiamonoi.it\/palermocalcio\/wp-json\/wp\/v2\/media\/11498"}],"wp:attachment":[{"href":"http:\/\/www.rosanerosiamonoi.it\/palermocalcio\/wp-json\/wp\/v2\/media?parent=11497"}],"wp:term":[{"taxonomy":"category","embeddable":true,"href":"http:\/\/www.rosanerosiamonoi.it\/palermocalcio\/wp-json\/wp\/v2\/categories?post=11497"},{"taxonomy":"post_tag","embeddable":true,"href":"http:\/\/www.rosanerosiamonoi.it\/palermocalcio\/wp-json\/wp\/v2\/tags?post=11497"}],"curies":[{"name":"wp","href":"https:\/\/api.w.org\/{rel}","templated":true}]}}