{"id":11533,"date":"2020-05-09T18:30:05","date_gmt":"2020-05-09T16:30:05","guid":{"rendered":"http:\/\/www.rosanerosiamonoi.it\/palermocalcio\/?p=11533"},"modified":"2020-05-09T18:30:07","modified_gmt":"2020-05-09T16:30:07","slug":"giovanni-grotta-giovane-portiere-nel-mirino-della-serie-a","status":"publish","type":"post","link":"http:\/\/www.rosanerosiamonoi.it\/palermocalcio\/2020\/05\/09\/giovanni-grotta-giovane-portiere-nel-mirino-della-serie-a\/","title":{"rendered":"Giovanni Grotta giovane portiere nel mirino della serie A &#8230;"},"content":{"rendered":"<p><strong>Giovanni Grotta<\/strong> \u00e8 nato a Palermo il 15 0ttobre 2004 le sue caratteristiche altezza 196 cm, forza esplosiva 10\u00a0 e reattivit\u00e0 eccellente.<\/p>\n<p>Il giovane portiere si \u00e8 messo in evidenza con il <strong>Torneo Brucato<\/strong> e da quel momento \u00e8 finito sotto osservazione di numerose societ\u00e0 di serie A fra cui in particolare il <strong>Torino,<\/strong> dove ha fatto uno stage\u00a0di una settimana prima del covid-19, mentre altre , come detto , lo hanno messo sotto osservazione prima che il coronavirus portasse al blocco del calcio.<\/p>\n<p>Pensiamo che il Palermo in ottica futura non debba farsi sfuggire queste giovani promesse pagando il giusto prezzo ricordando che la pacchia serie D \u00e8 finit\u00e0 ed ora come squadra professionistica, visto che salvo imprevisti presto arriver\u00e0 la conferma della promozione, per costruire la nuova squadra dovr\u00e0 comprarli e pagarli sopratutto dovendo creare da subito una squadra che ammazzi il campionato e vada subito in serie B\u00a0 ed insieme a grandi giocatori d&#8217;esperienza e di categoria superiore sarebbe bene costruire in casa grandi campioni come bene ha fatto Zamparini ma anche tutti i bravi Presidenti di qualsiasi categoria &#8230;<\/p>\n<p>Per quel che ci riguarda come abbiamo fatto sempre , non possiamo fare altro che segnalare il giocatore\u00a0 e se siamo riusciti ad aiutare un giovane ad emergere ed una societ\u00e0&#8230; a prendere quello che per noi \u00e8 un futuro campione anche se in erba &#8230; non possiamo che esserne felici per entrambi &#8230;.<\/p>\n<p>Giovanni \u00e8 un giovane di grandi potenzialit\u00e0 che seguito da un bravo preparatore di portieri di grande esperienza ha ancora grandissimi margini di crescita e potrebbe\u00a0 diventare un nuovo Gianluigi\u00a0<strong>Donnarumma<\/strong> talento precoce, ha esordito in\u00a0 Serie A\u00a0a 16 anni e 8 mesi,\u00a0<sup id=\"cite_ref-1\" class=\"reference\"><\/sup>affermandosi fin dall&#8217;inizio come portiere titolare del\u00a0 Milan, con cui ha vinto una Supercoppa Italiana.\u00a0 &#8230;o perch\u00e9 no potrebbe succedere come accadde il 19 novembre 1995, quando un giovanissimo Gigi\u00a0<b>Buffon<\/b>\u00a0debutta in Serie A con la maglia del Parma, lanciato da Nevio Scala a soli 17\u00a0<b>anni<\/b>\u00a0per sostituire l&#8217;infortunato Luca Bucci: gioca una grande partita contro il Milan, salvando il risultato (0-0 finale) con due grandi parate&#8230; e da qual momento una carriera stellare&#8230;<\/p>\n<p>Ci avete fatto caso <strong>GI<\/strong>anluigi, <strong>GI<\/strong>gi, <strong>GI<\/strong>ovanni fosse il destino ?<\/p>\n<p>Perch\u00e8 no, noi ci crediamo dopo averlo visto anche con la Rappresentativa Siciliana &#8230;. guidata da Mister Modica , \u00e8 una sicurezza in porta e presto potrebbe esserlo anche lui in serie A &#8230;. non \u00e8 un caso che gi\u00e0 il Torino lo abbia gi\u00e0 chiamato per uno stage ma sappiamo anche di altre squadre di serie A interessate che per motivi di opportunit\u00e0 non vogliamo per ora svelare sperando che la societ\u00e0 rosanero che dovr\u00e0 ricostruire tutta la prima squadra e la panchina possa prenderlo in considerazione &#8230; ma consentendogli di giocare sopratutto nella squadra della citt\u00e0 dove \u00e8 nato.<\/p>\n<p>Di seguito alcune foto e due video &#8230;per imparare a conoscerlo meglio &#8230; da parte mia l&#8217;augurio di buona fortuna e di una grande carriera !<\/p>\n<p>&nbsp;<\/p>\n<p>&nbsp;<\/p>\n<p><a href=\"http:\/\/www.rosanerosiamonoi.it\/palermocalcio\/2020\/05\/09\/giovanni-grotta-giovane-portiere-nel-mirino-della-serie-a\/photo-2020-05-08-21-33-39-1\/\" rel=\"attachment wp-att-11534\"><img decoding=\"async\" loading=\"lazy\" class=\"aligncenter size-medium wp-image-11534\" src=\"http:\/\/www.rosanerosiamonoi.it\/palermocalcio\/wp-content\/uploads\/2020\/05\/PHOTO-2020-05-08-21-33-39-1-390x520.jpg\" alt=\"\" width=\"390\" height=\"520\" \/><\/a> <a href=\"http:\/\/www.rosanerosiamonoi.it\/palermocalcio\/2020\/05\/09\/giovanni-grotta-giovane-portiere-nel-mirino-della-serie-a\/photo-2020-05-08-21-33-39-2\/\" rel=\"attachment wp-att-11535\"><img decoding=\"async\" loading=\"lazy\" class=\"aligncenter size-medium wp-image-11535\" src=\"http:\/\/www.rosanerosiamonoi.it\/palermocalcio\/wp-content\/uploads\/2020\/05\/PHOTO-2020-05-08-21-33-39-2-347x520.jpg\" alt=\"\" width=\"347\" height=\"520\" srcset=\"http:\/\/www.rosanerosiamonoi.it\/palermocalcio\/wp-content\/uploads\/2020\/05\/PHOTO-2020-05-08-21-33-39-2-347x520.jpg 347w, http:\/\/www.rosanerosiamonoi.it\/palermocalcio\/wp-content\/uploads\/2020\/05\/PHOTO-2020-05-08-21-33-39-2-768x1152.jpg 768w, http:\/\/www.rosanerosiamonoi.it\/palermocalcio\/wp-content\/uploads\/2020\/05\/PHOTO-2020-05-08-21-33-39-2-682x1024.jpg 682w, http:\/\/www.rosanerosiamonoi.it\/palermocalcio\/wp-content\/uploads\/2020\/05\/PHOTO-2020-05-08-21-33-39-2-640x960.jpg 640w, http:\/\/www.rosanerosiamonoi.it\/palermocalcio\/wp-content\/uploads\/2020\/05\/PHOTO-2020-05-08-21-33-39-2.jpg 921w\" sizes=\"(max-width: 347px) 100vw, 347px\" \/><\/a> <a href=\"http:\/\/www.rosanerosiamonoi.it\/palermocalcio\/2020\/05\/09\/giovanni-grotta-giovane-portiere-nel-mirino-della-serie-a\/photo-2020-05-09-11-38-35\/\" rel=\"attachment wp-att-11536\"><img decoding=\"async\" loading=\"lazy\" class=\"aligncenter size-medium wp-image-11536\" src=\"http:\/\/www.rosanerosiamonoi.it\/palermocalcio\/wp-content\/uploads\/2020\/05\/PHOTO-2020-05-09-11-38-35-520x346.jpg\" alt=\"\" width=\"520\" height=\"346\" srcset=\"http:\/\/www.rosanerosiamonoi.it\/palermocalcio\/wp-content\/uploads\/2020\/05\/PHOTO-2020-05-09-11-38-35-520x346.jpg 520w, http:\/\/www.rosanerosiamonoi.it\/palermocalcio\/wp-content\/uploads\/2020\/05\/PHOTO-2020-05-09-11-38-35-768x512.jpg 768w, http:\/\/www.rosanerosiamonoi.it\/palermocalcio\/wp-content\/uploads\/2020\/05\/PHOTO-2020-05-09-11-38-35-1024x682.jpg 1024w, http:\/\/www.rosanerosiamonoi.it\/palermocalcio\/wp-content\/uploads\/2020\/05\/PHOTO-2020-05-09-11-38-35-150x100.jpg 150w, http:\/\/www.rosanerosiamonoi.it\/palermocalcio\/wp-content\/uploads\/2020\/05\/PHOTO-2020-05-09-11-38-35-200x133.jpg 200w, http:\/\/www.rosanerosiamonoi.it\/palermocalcio\/wp-content\/uploads\/2020\/05\/PHOTO-2020-05-09-11-38-35-250x166.jpg 250w, http:\/\/www.rosanerosiamonoi.it\/palermocalcio\/wp-content\/uploads\/2020\/05\/PHOTO-2020-05-09-11-38-35-640x426.jpg 640w, http:\/\/www.rosanerosiamonoi.it\/palermocalcio\/wp-content\/uploads\/2020\/05\/PHOTO-2020-05-09-11-38-35.jpg 1600w\" sizes=\"(max-width: 520px) 100vw, 520px\" \/><\/a><\/p>\n<div style=\"width: 848px;\" class=\"wp-video\"><!--[if lt IE 9]><script>document.createElement('video');<\/script><![endif]-->\n<video class=\"wp-video-shortcode\" id=\"video-11533-1\" width=\"848\" height=\"480\" preload=\"metadata\" controls=\"controls\"><source type=\"video\/mp4\" src=\"http:\/\/www.rosanerosiamonoi.it\/palermocalcio\/wp-content\/uploads\/2020\/05\/VIDEO-2020-01-14-18-32-25.mp4?_=1\" \/><a href=\"http:\/\/www.rosanerosiamonoi.it\/palermocalcio\/wp-content\/uploads\/2020\/05\/VIDEO-2020-01-14-18-32-25.mp4\">http:\/\/www.rosanerosiamonoi.it\/palermocalcio\/wp-content\/uploads\/2020\/05\/VIDEO-2020-01-14-18-32-25.mp4<\/a><\/video><\/div>\n<div style=\"width: 816px;\" class=\"wp-video\"><video class=\"wp-video-shortcode\" id=\"video-11533-2\" width=\"816\" height=\"480\" preload=\"metadata\" controls=\"controls\"><source type=\"video\/mp4\" src=\"http:\/\/www.rosanerosiamonoi.it\/palermocalcio\/wp-content\/uploads\/2020\/05\/VIDEO-2020-01-21-18-52-48.mp4?_=2\" \/><a href=\"http:\/\/www.rosanerosiamonoi.it\/palermocalcio\/wp-content\/uploads\/2020\/05\/VIDEO-2020-01-21-18-52-48.mp4\">http:\/\/www.rosanerosiamonoi.it\/palermocalcio\/wp-content\/uploads\/2020\/05\/VIDEO-2020-01-21-18-52-48.mp4<\/a><\/video><\/div>\n<p><a href=\"http:\/\/www.rosanerosiamonoi.it\/palermocalcio\/2020\/05\/09\/giovanni-grotta-giovane-portiere-nel-mirino-della-serie-a\/photo-2020-05-08-21-33-38\/\" rel=\"attachment wp-att-11539\"><img decoding=\"async\" loading=\"lazy\" class=\"aligncenter size-medium wp-image-11539\" src=\"http:\/\/www.rosanerosiamonoi.it\/palermocalcio\/wp-content\/uploads\/2020\/05\/PHOTO-2020-05-08-21-33-38-520x346.jpg\" alt=\"\" width=\"520\" height=\"346\" srcset=\"http:\/\/www.rosanerosiamonoi.it\/palermocalcio\/wp-content\/uploads\/2020\/05\/PHOTO-2020-05-08-21-33-38-520x346.jpg 520w, http:\/\/www.rosanerosiamonoi.it\/palermocalcio\/wp-content\/uploads\/2020\/05\/PHOTO-2020-05-08-21-33-38-768x512.jpg 768w, http:\/\/www.rosanerosiamonoi.it\/palermocalcio\/wp-content\/uploads\/2020\/05\/PHOTO-2020-05-08-21-33-38-1024x682.jpg 1024w, http:\/\/www.rosanerosiamonoi.it\/palermocalcio\/wp-content\/uploads\/2020\/05\/PHOTO-2020-05-08-21-33-38-150x100.jpg 150w, http:\/\/www.rosanerosiamonoi.it\/palermocalcio\/wp-content\/uploads\/2020\/05\/PHOTO-2020-05-08-21-33-38-200x133.jpg 200w, http:\/\/www.rosanerosiamonoi.it\/palermocalcio\/wp-content\/uploads\/2020\/05\/PHOTO-2020-05-08-21-33-38-250x166.jpg 250w, http:\/\/www.rosanerosiamonoi.it\/palermocalcio\/wp-content\/uploads\/2020\/05\/PHOTO-2020-05-08-21-33-38-640x426.jpg 640w, http:\/\/www.rosanerosiamonoi.it\/palermocalcio\/wp-content\/uploads\/2020\/05\/PHOTO-2020-05-08-21-33-38.jpg 1600w\" sizes=\"(max-width: 520px) 100vw, 520px\" \/><\/a> <a href=\"http:\/\/www.rosanerosiamonoi.it\/palermocalcio\/2020\/05\/09\/giovanni-grotta-giovane-portiere-nel-mirino-della-serie-a\/photo-2020-05-08-21-33-39\/\" rel=\"attachment wp-att-11540\"><img decoding=\"async\" loading=\"lazy\" class=\"aligncenter size-medium wp-image-11540\" src=\"http:\/\/www.rosanerosiamonoi.it\/palermocalcio\/wp-content\/uploads\/2020\/05\/PHOTO-2020-05-08-21-33-39-520x346.jpg\" alt=\"\" width=\"520\" height=\"346\" srcset=\"http:\/\/www.rosanerosiamonoi.it\/palermocalcio\/wp-content\/uploads\/2020\/05\/PHOTO-2020-05-08-21-33-39-520x346.jpg 520w, http:\/\/www.rosanerosiamonoi.it\/palermocalcio\/wp-content\/uploads\/2020\/05\/PHOTO-2020-05-08-21-33-39-768x512.jpg 768w, http:\/\/www.rosanerosiamonoi.it\/palermocalcio\/wp-content\/uploads\/2020\/05\/PHOTO-2020-05-08-21-33-39-1024x682.jpg 1024w, http:\/\/www.rosanerosiamonoi.it\/palermocalcio\/wp-content\/uploads\/2020\/05\/PHOTO-2020-05-08-21-33-39-150x100.jpg 150w, http:\/\/www.rosanerosiamonoi.it\/palermocalcio\/wp-content\/uploads\/2020\/05\/PHOTO-2020-05-08-21-33-39-200x133.jpg 200w, http:\/\/www.rosanerosiamonoi.it\/palermocalcio\/wp-content\/uploads\/2020\/05\/PHOTO-2020-05-08-21-33-39-250x166.jpg 250w, http:\/\/www.rosanerosiamonoi.it\/palermocalcio\/wp-content\/uploads\/2020\/05\/PHOTO-2020-05-08-21-33-39-640x426.jpg 640w, http:\/\/www.rosanerosiamonoi.it\/palermocalcio\/wp-content\/uploads\/2020\/05\/PHOTO-2020-05-08-21-33-39.jpg 1600w\" sizes=\"(max-width: 520px) 100vw, 520px\" \/><\/a><\/p>\n","protected":false},"excerpt":{"rendered":"<p>Giovanni Grotta \u00e8 nato a Palermo il 15 0ttobre 2004 le sue caratteristiche altezza 196 cm, forza esplosiva 10\u00a0 e reattivit\u00e0 eccellente. Il giovane portiere si \u00e8 messo in evidenza con il Torneo Brucato e da quel momento \u00e8 finito sotto osservazione di numerose societ\u00e0 di serie A fra cui in particolare il Torino, dove [&hellip;]<\/p>\n","protected":false},"author":2,"featured_media":11535,"comment_status":"closed","ping_status":"open","sticky":false,"template":"","format":"standard","meta":[],"categories":[10,1],"tags":[2397,1543,277,2398,2394,1128,2396,106,2399,2400,2395],"_links":{"self":[{"href":"http:\/\/www.rosanerosiamonoi.it\/palermocalcio\/wp-json\/wp\/v2\/posts\/11533"}],"collection":[{"href":"http:\/\/www.rosanerosiamonoi.it\/palermocalcio\/wp-json\/wp\/v2\/posts"}],"about":[{"href":"http:\/\/www.rosanerosiamonoi.it\/palermocalcio\/wp-json\/wp\/v2\/types\/post"}],"author":[{"embeddable":true,"href":"http:\/\/www.rosanerosiamonoi.it\/palermocalcio\/wp-json\/wp\/v2\/users\/2"}],"replies":[{"embeddable":true,"href":"http:\/\/www.rosanerosiamonoi.it\/palermocalcio\/wp-json\/wp\/v2\/comments?post=11533"}],"version-history":[{"count":2,"href":"http:\/\/www.rosanerosiamonoi.it\/palermocalcio\/wp-json\/wp\/v2\/posts\/11533\/revisions"}],"predecessor-version":[{"id":11542,"href":"http:\/\/www.rosanerosiamonoi.it\/palermocalcio\/wp-json\/wp\/v2\/posts\/11533\/revisions\/11542"}],"wp:featuredmedia":[{"embeddable":true,"href":"http:\/\/www.rosanerosiamonoi.it\/palermocalcio\/wp-json\/wp\/v2\/media\/11535"}],"wp:attachment":[{"href":"http:\/\/www.rosanerosiamonoi.it\/palermocalcio\/wp-json\/wp\/v2\/media?parent=11533"}],"wp:term":[{"taxonomy":"category","embeddable":true,"href":"http:\/\/www.rosanerosiamonoi.it\/palermocalcio\/wp-json\/wp\/v2\/categories?post=11533"},{"taxonomy":"post_tag","embeddable":true,"href":"http:\/\/www.rosanerosiamonoi.it\/palermocalcio\/wp-json\/wp\/v2\/tags?post=11533"}],"curies":[{"name":"wp","href":"https:\/\/api.w.org\/{rel}","templated":true}]}}