{"id":11595,"date":"2020-05-22T21:09:14","date_gmt":"2020-05-22T19:09:14","guid":{"rendered":"http:\/\/www.rosanerosiamonoi.it\/palermocalcio\/?p=11595"},"modified":"2020-05-22T21:09:16","modified_gmt":"2020-05-22T19:09:16","slug":"spadafora-ripresa-calcio-si-decide-il-28","status":"publish","type":"post","link":"http:\/\/www.rosanerosiamonoi.it\/palermocalcio\/2020\/05\/22\/spadafora-ripresa-calcio-si-decide-il-28\/","title":{"rendered":"Spadafora &#8220;Ripresa calcio si decide il 28&#8221;"},"content":{"rendered":"<section class=\"header-article\">\n<div class=\"bck-titles is-centered\">\n<div class=\"columns\">\n<div class=\"column is-9\">\n<h1 id=\"mainTitle\" class=\"title is--large\" style=\"text-align: center;\"><a href=\"http:\/\/www.rosanerosiamonoi.it\/palermocalcio\/2020\/05\/22\/spadafora-ripresa-calcio-si-decide-il-28\/spadafora\/\" rel=\"attachment wp-att-11600\"><img decoding=\"async\" loading=\"lazy\" class=\"aligncenter size-full wp-image-11600\" src=\"http:\/\/www.rosanerosiamonoi.it\/palermocalcio\/wp-content\/uploads\/2020\/05\/spadafora.jpg\" alt=\"\" width=\"298\" height=\"169\" \/><\/a>Spadafora : &#8220;Il 28 decideremo se e quando riprendere la Serie A&#8221;<\/h1>\n<\/div>\n<\/div>\n<\/div>\n<\/section>\n<section class=\"body-article\">\n<div class=\"columns\">\n<div class=\"column is-8\">\n<div class=\"columns\">\n<div class=\"column is-12\">\n<div class=\"bck-media-image\">\n<div class=\"media-image__content has--shadow has--caption\">Sono state pubblicate le linee guida per gli allenamenti delle squadre ed adesso luned\u00ec la Figc invier\u00e0 il protocollo che sar\u00e0 sottoposto al vaglio del Comitato tecnico-scientifico per le decisioni sulla ripresa del campionato di serie A.<\/div>\n<div class=\"media-image__content has--shadow has--caption\">Questo il commento del ministro dello sport: &#8220;<em>La prudenza dell&#8217;inizio ci consente ora di essere ottimisti&#8221;<\/em><\/div>\n<\/div>\n<\/div>\n<\/div>\n<div class=\"columns\">\n<div class=\"column is-9\">\n<div class=\"content not-selectable-js\">Sono state pubblicate poco fa le linee guida per gli allenamenti delle squadre professionistiche di calcio. Era l\u2019ultimo passaggio formale e quindi a questo punto non manca pi\u00f9 niente per decidere se come e quando far ripartire il calcio in Italia dopo che gi\u00e0 in Germania la Bundensliga ha ripreso regolarmente.<\/div>\n<div>Torna la normalit\u00e0 negli allenamenti, con esercizi in gruppo con e senza pallone e partitelle, ovviamente rispettando tutte le prescrizioni in termini di esami molecolari (tamponi ogni quattro giorni) e sierologici (all\u2019inizio degli allenamenti di gruppo e dopo due settimane).<\/div>\n<div class=\"content-video is-mr-b-25\">\n<div id=\"player_rcs\" class=\"bck-media player custom-video-sticky rcs-video\" data-config=\"{&quot;newspaper&quot;:&quot;gazzetta&quot;,&quot;uuid&quot;:&quot;0b7dda54-9c51-11ea-b86e-532d8347a2b3&quot;,&quot;autoplay&quot;:false,&quot;muted&quot;:true,&quot;coverTemplate&quot;:&quot;articleEmbed&quot;}\" data-player-active=\"true\">\n<div id=\"player_rcs_video\" class=\"video-js vjs-default-skin vjs-controls-enabled vjs-workinghover vjs-v6 vjs-muted player_rcs_video-dimensions vjs-playing vjs-has-started vjs-user-inactive\" lang=\"it-it\" title=\"Spadafora: &quot;Se riparte l'Italia, non pu\u00f2 non ripartire il calcio. Sono ottimista&quot;\" role=\"region\" aria-label=\"Video Player\">\n<div class=\"vjs-control-bar\" dir=\"ltr\" role=\"group\">A \u201cLa vita in diretta\u201d su Rai 1, il ministro dello sport, <strong>Vincenzo Spadafora<\/strong>, si \u00e8 manifestato pi\u00f9 ottimista rispetto alla ripresa del campionato: <em>\u201cProprio quella linea di prudenza che abbiamo avuto all\u2019inizio quando qualcuno voleva una data per riprendere il campionato, mentre vedevamo le immagini dei mezzi della Difesa che portavano via le bare, ci consente oggi di essere ottimisti\u201d.<\/em><\/div>\n<\/div>\n<\/div>\n<\/div>\n<div class=\"content\">\n<p>Il ministro dello sport ha annunciato che <strong>luned\u00ec prossimo la Figc invier\u00e0 il suo protocollo per la ripresa del campionato<\/strong> che sar\u00e0 immediatamente sottoposto al vaglio del Comitato Tecnico-Scientifico. <em>\u201cFaremo in modo che gioved\u00ec 28<\/em> \u2013 quando \u00e8 programmato l\u2019incontro con i referenti del mondo del calcio \u2013 s<em>i possa decidere in merito alla possibilit\u00e0 di riprendere e quando\u201d.<\/em><\/p>\n<\/div>\n<\/div>\n<\/div>\n<\/div>\n<\/div>\n<\/section>\n","protected":false},"excerpt":{"rendered":"<p>Spadafora : &#8220;Il 28 decideremo se e quando riprendere la Serie A&#8221; Sono state pubblicate le linee guida per gli allenamenti delle squadre ed adesso luned\u00ec la Figc invier\u00e0 il protocollo che sar\u00e0 sottoposto al vaglio del Comitato tecnico-scientifico per le decisioni sulla ripresa del campionato di serie A. Questo il commento del ministro dello [&hellip;]<\/p>\n","protected":false},"author":2,"featured_media":11600,"comment_status":"closed","ping_status":"open","sticky":false,"template":"","format":"standard","meta":[],"categories":[10,1,5],"tags":[2338,277,2423,2424,5,2422],"_links":{"self":[{"href":"http:\/\/www.rosanerosiamonoi.it\/palermocalcio\/wp-json\/wp\/v2\/posts\/11595"}],"collection":[{"href":"http:\/\/www.rosanerosiamonoi.it\/palermocalcio\/wp-json\/wp\/v2\/posts"}],"about":[{"href":"http:\/\/www.rosanerosiamonoi.it\/palermocalcio\/wp-json\/wp\/v2\/types\/post"}],"author":[{"embeddable":true,"href":"http:\/\/www.rosanerosiamonoi.it\/palermocalcio\/wp-json\/wp\/v2\/users\/2"}],"replies":[{"embeddable":true,"href":"http:\/\/www.rosanerosiamonoi.it\/palermocalcio\/wp-json\/wp\/v2\/comments?post=11595"}],"version-history":[{"count":3,"href":"http:\/\/www.rosanerosiamonoi.it\/palermocalcio\/wp-json\/wp\/v2\/posts\/11595\/revisions"}],"predecessor-version":[{"id":11602,"href":"http:\/\/www.rosanerosiamonoi.it\/palermocalcio\/wp-json\/wp\/v2\/posts\/11595\/revisions\/11602"}],"wp:featuredmedia":[{"embeddable":true,"href":"http:\/\/www.rosanerosiamonoi.it\/palermocalcio\/wp-json\/wp\/v2\/media\/11600"}],"wp:attachment":[{"href":"http:\/\/www.rosanerosiamonoi.it\/palermocalcio\/wp-json\/wp\/v2\/media?parent=11595"}],"wp:term":[{"taxonomy":"category","embeddable":true,"href":"http:\/\/www.rosanerosiamonoi.it\/palermocalcio\/wp-json\/wp\/v2\/categories?post=11595"},{"taxonomy":"post_tag","embeddable":true,"href":"http:\/\/www.rosanerosiamonoi.it\/palermocalcio\/wp-json\/wp\/v2\/tags?post=11595"}],"curies":[{"name":"wp","href":"https:\/\/api.w.org\/{rel}","templated":true}]}}