{"id":11620,"date":"2020-05-28T16:32:28","date_gmt":"2020-05-28T14:32:28","guid":{"rendered":"http:\/\/www.rosanerosiamonoi.it\/palermocalcio\/?p=11620"},"modified":"2020-05-28T18:45:48","modified_gmt":"2020-05-28T16:45:48","slug":"calcio-via-libera-per-13-o-20-giugno-salvo-rinvii","status":"publish","type":"post","link":"http:\/\/www.rosanerosiamonoi.it\/palermocalcio\/2020\/05\/28\/calcio-via-libera-per-13-o-20-giugno-salvo-rinvii\/","title":{"rendered":"Calcio, via libera per 13 o 20 giugno salvo rinvii."},"content":{"rendered":"<h2><\/h2>\n<h2 class=\"is-subtitle\"><a href=\"http:\/\/www.rosanerosiamonoi.it\/palermocalcio\/2019\/05\/23\/palermo-udienza-rinviata-al-29-maggio\/figc-esterni\/\" rel=\"attachment wp-att-8953\"><img decoding=\"async\" loading=\"lazy\" class=\"aligncenter size-full wp-image-8953\" src=\"http:\/\/www.rosanerosiamonoi.it\/palermocalcio\/wp-content\/uploads\/2019\/05\/figc-esterni.jpg\" alt=\"\" width=\"321\" height=\"157\" \/><\/a>Atteso il via libera per 13 o 20 giugno salvo rinvii.<\/h2>\n<h2 class=\"is-subtitle\">La Lega propone le 21.45 e porta Sky in tribunale<\/h2>\n<p>Il giorno tanto atteso \u00e8 arrivato. Alle\u00a0<strong>18.30<\/strong>\u00a0il ministro dello sport\u00a0<strong>Vincenzo Spadafora<\/strong>\u00a0incontrer\u00e0 tutte le componenti federali: da\u00a0<strong>Gravina<\/strong>\u00a0per la\u00a0<strong>FIGC<\/strong>\u00a0a\u00a0<strong>Dal Pino<\/strong>\u00a0per la\u00a0<strong>Serie A<\/strong>, passando per\u00a0<strong>Balata, Ghirelli, Sibilia, Tommasi, Ulivieri e Nicchi.<\/strong>\u00a0Il ministro informer\u00e0 il mondo del calcio sulle valutazioni fatte dal CTS circa il <b>Protocollo per le partite<\/b>.\u00a0<strong>Spadafora<\/strong>\u00a0molto probabilmente dar\u00e0 anche una risposta definitiva sulla ripresa del campionato.<\/p>\n<p><strong>Ultimora<\/strong>. Il comitato tecnico scientifico della Protezione civile <strong>ha dato parere positivo al protocollo gare della Federcalcio<\/strong> per la ripartenza del campionato.<\/p>\n<p>&#8220;Apprezzamento per la puntualit\u00e0 di dettaglio nell&#8217;analisi di molti aspetti&#8221; \u00e8 stato espresso dal Cts, che ha per\u00f2 ribadito come &#8220;le norme attualmente in vigore prevedano chiare disposizioni&#8221; a proposito &#8220;della quarantena di un soggetto positivo&#8221; e quella conseguentemente precauzionale di tutto il resto del gruppo-squadra.<\/p>\n<p><strong>Gazzetta dello sport\u00a0<\/strong> &#8211; Oggi alle <strong>18.30<\/strong>, il momento in cui <strong>Vincenzo Spadafora<\/strong> aprir\u00e0 la conference call con tutte le componenti del mondo del calcio, al ministero dello Sport dovrebbero essere gi\u00e0 arrivate le indicazioni del Comitato Tecnico-Scientifico. Che ieri non ha ancora aperto il fascicolo, ma che lo far\u00e0 nella riunione di stamattina. Il protocollo sanitario per la ripresa delle partite riprende in pieno ci\u00f2 che \u00e8 stato stabilito per gli allenamenti: riesce difficile a questo punto pensare a una contrariet\u00e0 degli scienziati.<\/p>\n<div class=\"content\">\n<p>Ieri \u00e8 stato un giorno di contatti e di riunioni preparatorie. Si \u00e8 discusso in Figc del problema della proroga dei contratti. Non ci potr\u00e0 essere una norma complessiva, l\u2019\u00abombrello\u00bb dell\u2019indicazione Fifa permetter\u00e0 trattative singole che comunque avranno dei vincoli. Il principio \u00e8 chiaro, anche per i prestiti: i calciatori dovranno rimanere nelle loro squadre attuali fino alla fine della stagione (cio\u00e8 al 31 agosto) senza fare ritorno alla base. Si parla anche di una mediazione sul fronte dei meccanismi per evitare un\u2019eccessiva dilazione dei pagamenti degli stipendi. Ieri Damiano Tommasi, il presidente dell\u2019Assocalciatori, ha detto a \u00abIl Mattino\u00bb che \u00abi calciatori non sono dei robot, ci sono delle preoccupazioni. Una criticit\u00e0 \u00e8 la partita alle 16.30 che a giugno e luglio in Italia non \u00e8 pensabile\u00bb.<\/p>\n<div class=\"bck-adv\">\n<div class=\"adv__content\">\n<div id=\"rcsad_Bottom1\" class=\"adv\" data-google-query-id=\"CMbU4OK81ukCFQysdwodSEkC2w\">\n<div id=\"google_ads_iframe_\/35821442\/gazzetta.it\/calcio\/Bottom1_0__container__\">\n<div class=\"content\">\n<p>Una criticit\u00e0 che la stessa Lega ha cercato di ovviare proponendo orari di inizio delle partite differenti. Se prima delle 17 per i calciatori non si pu\u00f2 giocare, ecco allora la proposta del primo slot orario delle 17.15. Si spostano in avanti anche le altre due fasce: start fissati per le 19.30 e addirittura per le 21.45. Soluzioni su cui il sindacato dei calciatori riaprir\u00e0 la discussione. Tommasi si \u00e8 anche concesso via twitter una fuga poetica e l\u2019ungarettiano \u00abSi sta come d\u2019autunno sugli alberi le foglie\u00bb \u00e8 diventato \u00abSi sta come a maggio. In Italia, la serie A\u00bb. Provando una traduzione: \u00e8 tutto ancora incerto<\/p>\n<\/div>\n<div class=\"content\">\n<p>Ma come e quando si ricomincer\u00e0? Alcuni club, specie chi direttamente coinvolto, spinge per ripartire con i recuperi della venticinquesima giornata, gli altri per il turno completo della ventisettesima. Una terza soluzione, altrettanto probabile, \u00e8 ricominciare con le semifinali di Coppa Italia: Napoli-Inter e Juve-Milan, partite che coinvolgerebbero un\u2019ampia parte di spettatori dal momento che si tratta di avvenimenti in chiaro, circostanza che non dispiacerebbe al ministro Spadafora. Per le date di ripartenza \u00e8 ballottaggio tra 13 e 20 giugn<\/p>\n<\/div>\n<div class=\"content\">\n<p>Della ripartenza ha parlato pure Gabriele Gravina, numero uno Figc: \u00abSolo l\u2019immediato ritorno in campo consentir\u00e0 al calcio italiano di attutire il crollo dei ricevi sul breve periodo stimabili altrimenti in oltre 700 milioni, pi\u00f9 di 500 generati dal blocco imposto dal Covid-19 &#8211; ha detto in un intervento sulla piattaforma web dell\u2019osservatorio \u201cRiparte l\u2019Italia\u201d &#8211; Occorre difendere 100 mila lavoratori, un milione e mezzo di tesserati e 4,7 miliardi di fatturato. Il compito della Figc \u00e8 fare di tutto, sempre nel rispetto della salute di ogni protagonista, per rimettere in moto il sistema, anche per impedire che la crisi economica comprometta, stavolta s\u00ec irreparabilmente, la passione degli italiani verso questo splendido gioco\u00bb<\/p>\n<\/div>\n<div class=\"content\">\n<p>I risvolti economici della situazione sanitaria chiamano in causa lo scontro con Sky, a cui \u00e8 destinato un decreto ingiuntivo: rispetto agli altri broadcaster ha da subito assunto un atteggiamento pi\u00f9 aggressivo. Se Dazn e Img hanno prospettato pagamenti dilazionati nel tempo (Lega e societ\u00e0 valuteranno), in Sky ha prevalso la corrente pi\u00f9 agguerrita: dopo anni di collaborazione con la Serie A, in pochi mesi si \u00e8 arrivati a uno scontro feroce. La tv ha sempre preteso uno sconto sul pagamento della sesta rata come fondamento per poi passare al saldo, proposta di sconto che per i club \u00e8 stata subito giudicata irricevibile. Cos\u00ec ieri sera \u00e8 stato depositato in tribunale il decreto ingiuntivo. Non solo: la Lega ha escusso la fideiussione emessa da Comcast, cio\u00e8 la garanzia a cui aveva provveduto la capo gruppo.<\/p>\n<p>Altre fonti ci confermano che &#8230;.<\/p>\n<\/div>\n<\/div>\n<\/div>\n<\/div>\n<\/div>\n<\/div>\n<p><strong>Non tutte le societ\u00e0 di Serie A sono pronte alla battaglia legale con Sky: alcune big preferiscono evitare lo scontro.<\/strong><\/p>\n<p>La\u00a0<strong>Lega Serie A<\/strong>\u00a0ha depositato ieri la richiesta di un\u2019ingiunzione di pagamento a <strong>\u2018Sky\u2019,<\/strong> per il pagamento dell\u2019ultima rata dei diritti tv. Una guerra all\u2019emittente satellitare alla quale, per\u00f2, non tutti i club parteciperanno. Secondo quanto raccolto dal <strong>\u2018Corriere dello Sport\u2019,<\/strong> infatti, diverse societ\u00e0 non presenteranno la propria richiesta, che andrebbe affiancata a quella della Lega.<\/p>\n<p>Un gruppo di squadre, tra cui alcune big (escludendo\u00a0<strong>Lazio<\/strong>\u00a0e\u00a0<strong>Napoli<\/strong>) ha preferito evitare lo scontro, per una ragione semplice: meglio non inasprire gli animi in vista della trattativa per il triennio 2021\/24. Il mercato presenter\u00e0 una concorrenza estremamente ridotta e, di conseguenza, \u2018Sky\u2019 potrebbe offrire una proposta al ribasso.<\/p>\n<p>Tanti altri club, soprattutto tra le medio-piccole, si concentrano per\u00f2 sul presente e sugli importi da incassare quanto prima, visti i problemi di liquidit\u00e0 causati dall\u2019emergenza\u00a0<strong>coronavirus<\/strong>. Ieri il presidente del\u00a0<strong>Brescia,\u00a0<\/strong>Massimo Cellino, con una pec ha chiarito che \u201cesiste un diritto sancito da un contratto\u201d e che non c\u2019era \u201cnecessit\u00e0 di attendere altre decisioni per esercitarlo\u201d.<\/p>\n","protected":false},"excerpt":{"rendered":"<p>Atteso il via libera per 13 o 20 giugno salvo rinvii. La Lega propone le 21.45 e porta Sky in tribunale Il giorno tanto atteso \u00e8 arrivato. Alle\u00a018.30\u00a0il ministro dello sport\u00a0Vincenzo Spadafora\u00a0incontrer\u00e0 tutte le componenti federali: da\u00a0Gravina\u00a0per la\u00a0FIGC\u00a0a\u00a0Dal Pino\u00a0per la\u00a0Serie A, passando per\u00a0Balata, Ghirelli, Sibilia, Tommasi, Ulivieri e Nicchi.\u00a0Il ministro informer\u00e0 il mondo del calcio [&hellip;]<\/p>\n","protected":false},"author":2,"featured_media":8953,"comment_status":"closed","ping_status":"open","sticky":false,"template":"","format":"standard","meta":[],"categories":[10,1,5],"tags":[2436,2434,2433,5,2432,2435],"_links":{"self":[{"href":"http:\/\/www.rosanerosiamonoi.it\/palermocalcio\/wp-json\/wp\/v2\/posts\/11620"}],"collection":[{"href":"http:\/\/www.rosanerosiamonoi.it\/palermocalcio\/wp-json\/wp\/v2\/posts"}],"about":[{"href":"http:\/\/www.rosanerosiamonoi.it\/palermocalcio\/wp-json\/wp\/v2\/types\/post"}],"author":[{"embeddable":true,"href":"http:\/\/www.rosanerosiamonoi.it\/palermocalcio\/wp-json\/wp\/v2\/users\/2"}],"replies":[{"embeddable":true,"href":"http:\/\/www.rosanerosiamonoi.it\/palermocalcio\/wp-json\/wp\/v2\/comments?post=11620"}],"version-history":[{"count":5,"href":"http:\/\/www.rosanerosiamonoi.it\/palermocalcio\/wp-json\/wp\/v2\/posts\/11620\/revisions"}],"predecessor-version":[{"id":11625,"href":"http:\/\/www.rosanerosiamonoi.it\/palermocalcio\/wp-json\/wp\/v2\/posts\/11620\/revisions\/11625"}],"wp:featuredmedia":[{"embeddable":true,"href":"http:\/\/www.rosanerosiamonoi.it\/palermocalcio\/wp-json\/wp\/v2\/media\/8953"}],"wp:attachment":[{"href":"http:\/\/www.rosanerosiamonoi.it\/palermocalcio\/wp-json\/wp\/v2\/media?parent=11620"}],"wp:term":[{"taxonomy":"category","embeddable":true,"href":"http:\/\/www.rosanerosiamonoi.it\/palermocalcio\/wp-json\/wp\/v2\/categories?post=11620"},{"taxonomy":"post_tag","embeddable":true,"href":"http:\/\/www.rosanerosiamonoi.it\/palermocalcio\/wp-json\/wp\/v2\/tags?post=11620"}],"curies":[{"name":"wp","href":"https:\/\/api.w.org\/{rel}","templated":true}]}}