{"id":11686,"date":"2020-06-08T13:38:40","date_gmt":"2020-06-08T11:38:40","guid":{"rendered":"http:\/\/www.rosanerosiamonoi.it\/palermocalcio\/?p=11686"},"modified":"2020-06-08T19:05:33","modified_gmt":"2020-06-08T17:05:33","slug":"figc-consiglio-federale-aggiornamenti-live","status":"publish","type":"post","link":"http:\/\/www.rosanerosiamonoi.it\/palermocalcio\/2020\/06\/08\/figc-consiglio-federale-aggiornamenti-live\/","title":{"rendered":"FIGC Consiglio Federale &#8230;aggiornamenti live &#8230;."},"content":{"rendered":"<p><a href=\"http:\/\/www.rosanerosiamonoi.it\/palermocalcio\/2020\/06\/08\/figc-consiglio-federale-aggiornamenti-live\/decisioni-figc-8-giugno\/\" rel=\"attachment wp-att-11695\"><img decoding=\"async\" loading=\"lazy\" class=\"aligncenter size-medium wp-image-11695\" src=\"http:\/\/www.rosanerosiamonoi.it\/palermocalcio\/wp-content\/uploads\/2020\/06\/decisioni-Figc-8-giugno-520x326.jpg\" alt=\"\" width=\"520\" height=\"326\" srcset=\"http:\/\/www.rosanerosiamonoi.it\/palermocalcio\/wp-content\/uploads\/2020\/06\/decisioni-Figc-8-giugno-520x326.jpg 520w, http:\/\/www.rosanerosiamonoi.it\/palermocalcio\/wp-content\/uploads\/2020\/06\/decisioni-Figc-8-giugno.jpg 600w\" sizes=\"(max-width: 520px) 100vw, 520px\" \/><\/a><\/p>\n<p>Come scrive strettoweb.com oggi,\u00a0<strong>8 giugno<\/strong>, pu\u00f2 essere una data fondamentale per il futuro immediato del calcio in Italia. Il Consiglio federale della\u00a0<strong>Figc<\/strong>, riunito dalle 12.00, \u00e8 chiamato a decidere alcuni aspetti fondamentali della ripresa del campionato. Tra i nodi principali il tanto discusso algoritmo proposto da Gravina per decidere la classifica e che non ha trovato riscontri positivi tra i club, oltre all\u2019eventuale blocco di retrocessioni e promozioni che invece ha scatenato le proteste dei Presidenti di Serie B. Al centro dei discorsi ci saranno anche la questione relativa alla quarantena per i casi positivi, le soluzioni per la\u00a0<strong>Serie C<\/strong>\u00a0e non solo.<\/p>\n<p><strong>GLI AGGIORNAMENTI IN DIRETTA<\/strong><\/p>\n<p>Il giorno \u00e8 finalmente arrivato, ecco il\u00a0<strong>Consiglio Federale<\/strong>. Dopo mesi di inattivit\u00e0 a causa dell\u2019emergenza\u00a0<strong>Coronavirus<\/strong>, il calcio italiano vede un barlume di speranza sulla ripartenza. Riflettori puntati sulla\u00a0<strong>Serie C<\/strong>, dove \u00e8 in ballo il discorso play-off e play-out, mentre le capolista\u00a0<strong>Monza<\/strong>,\u00a0<strong>Vicenza<\/strong>\u00a0e\u00a0<strong>Reggina<\/strong>\u00a0attendono l\u2019ufficialit\u00e0 della promozione. Anche per\u00a0<strong>Serie A<\/strong>\u00a0e\u00a0<strong>Serie B<\/strong>\u00a0saranno prese decisioni importanti.<\/p>\n<p>&nbsp;<\/p>\n<div class=\"lb-post-new\">\n<section id=\"id1189956068\" class=\"lb-post lb-type-HTML lb-tagName-\">\n<div class=\"lb-timeline\">\n<div class=\"lb-post-new\">\n<section id=\"id1189956256\" class=\"lb-post lb-type-HTML lb-tagName-\">\n<div class=\"lb-main\">\n<div class=\"lb-body\">\n<div><strong>16.55 &#8211; <\/strong>&#8220;<strong>Si parte il 20 giugno per chiudere i campionati, fino al 10\/15 luglio ci siamo riservati la possibilit\u00e0 dei playoff e playout<\/strong> &#8211; ha detto il numero uno della Figc &#8211; se ci dovesse essere un nuovo blocco\u00a0momentaneo delle competizioni. <strong><em>Numero delle squadre?<\/em><\/strong> Ancora non lo abbiamo deciso ma lo faremo prima che ricominci il campionato insieme alla Lega di A. Sar\u00e0 un lavoro inutile perch\u00e9 mi auguro che il campionato termini regolarmente&#8221;Intanto giorno 17 consegniamo un primo importante Trofeo quello della Coppa Italia&#8221;.<\/div>\n<\/div>\n<div class=\"lb-footer is-empty\">&#8220;Abbiamo una sola esigenza, quella di chiudere i campionati sul terreno di gioco fino all&#8217;ultima giornata. Abbiamo tenuto una garanzia, il format diverso dei playoff e playout, come auspicato dalla Uefa, prima di far ricorso eventualmente all&#8217;algoritmo&#8221;.<strong>\u00a0Cos\u00ec\u00a0il presidente della Figc Gabriele Gravina al termine del Consiglio Federale.\u00a0<\/strong><\/div>\n<div><\/div>\n<\/div>\n<\/section>\n<\/div>\n<\/div>\n<div class=\"lb-main\">\n<div class=\"lb-body\">\n<div><strong>17.05 &#8211; Calcio femminile, l&#8217;ultimo verdetto: Fiorentina in Champions League. Il risultato dell&#8217;algoritmo che doveva stabilire il posto in Coppa tra Fiorentina e Milan<\/strong><\/div>\n<div><\/div>\n<div><strong>16.40 &#8211; Calcio femminile, Ludovica Mantovani:<\/strong>\u00a0\u201cSquadre frammentate, calciatrici non hanno mostrato unione nel voler ricominciare. Continuo ad essere convinta che abbiamo perso una grande opportunit\u00e0\u201d.<\/div>\n<\/div>\n<\/div>\n<\/section>\n<\/div>\n<div class=\"lb-post-new\">\n<section id=\"id1189956059\" class=\"lb-post lb-type-HTML lb-tagName-\">\n<div class=\"lb-main\">\n<div class=\"lb-footer is-empty\"><\/div>\n<\/div>\n<\/section>\n<\/div>\n<div class=\"lb-post-new\">\n<section id=\"id1189954254\" class=\"lb-post lb-type-HTML lb-tagName-\">\n<div class=\"lb-timestamp\">\n<div class=\"lb-timelineIcon\"><time class=\"lb-time\" datetime=\"2020-06-08T13:42:18.000Z\"><strong>15.43<\/strong> &#8211;\u00a0<\/time><strong>Le date del Calciomercato:<\/strong>\u00a0la sessione estiva partir\u00e0 l&#8217;1 settembre e si concluder\u00e0 il 5 ottobre. Quella invernale\u00a0dal 4 gennaio al 31 gennaio 2021.<\/div>\n<\/div>\n<div class=\"lb-main\">\n<div class=\"lb-footer is-empty\"><\/div>\n<\/div>\n<\/section>\n<\/div>\n<div class=\"lb-post-new\">\n<section id=\"id1189955965\" class=\"lb-post lb-type-HTML lb-tagName-\">\n<div class=\"lb-timestamp\">\n<div class=\"lb-timelineIcon\"><time class=\"lb-time\" datetime=\"2020-06-08T14:44:28.000Z\"><strong>15.42\u00a0<\/strong> &#8211;\u00a0<\/time><strong>Serie A femminile, i verdetti:<\/strong>\u00a0Juventus prima senza scudetto. Titolo non assegnato.\u00a0decidere\u00a0Algoritmo per assegnare posto in Champions\u00a0tra Fiorentina e Milan. Orobica in B. Napoli in A. Serie B a 14 squadre.<\/div>\n<\/div>\n<div class=\"lb-main\">\n<div class=\"lb-footer is-empty\"><\/div>\n<\/div>\n<\/section>\n<\/div>\n<div class=\"lb-post-new\">\n<section id=\"id1189954231\" class=\"lb-post lb-type-HTML lb-tagName-\">\n<div class=\"lb-timestamp\"><time class=\"lb-time\" datetime=\"2020-06-08T13:41:23.000Z\"><b>15.41 &#8211;<\/b>\u00a0<\/time><strong>Le date della Serie C:\u00a0<\/strong>28\u00a0giugno\u00a0la finale coppa Italia di C, il 5\u00a0luglio inizio playoff<\/div>\n<\/section>\n<\/div>\n<p><strong>15.05<\/strong> &#8211;\u00a0<strong>Sono queste le squadre promosse in Serie C dopo la definitiva chiusura della Serie D:<\/strong><strong>\u00a0 Ssd PALERMO,<\/strong> Campodarsego, Lucchese, Pro Sesto, Mantova, Grosseto, Matelica, Turris, Bitonto<\/p>\n<p><strong>14.48 &#8211;\u00a0Serie C:\u00a0Gozzano, Rimini e Rieti retrocesse in D<\/strong><\/p>\n<p><strong>14.35 &#8211;\u00a0Per quanto riguarda i playoff e playout in serie A in caso di nuovo stop del campionato, non \u00e8 ancora stata presa una decisione come saranno strutturati anche perch\u00e9 il Consiglio \u00e8 ancora in corso<\/strong><\/p>\n<p><strong>14.29 &#8211;\u00a0In Serie C, l&#8217;ultima di ogni girone retrocessa in Serie D<\/strong><\/p>\n<p><strong>14.21 &#8211;\u00a0\u00a0il campionato di Serie C, ripartir\u00e0 con la disputa di Playoff e Playout per determinare attraverso i primi la quarta promossa in B e attraverso i secondi le retrocessioni in serie D<\/strong><\/p>\n<p><strong>14.15 &#8211;\u00a0Dunque bocciata l&#8217;ipotesi avanzata di blocco delle retrocessioni dalla A<\/strong><\/p>\n<p><strong>14.05 &#8211;\u00a0come riporta Sky passa, dunque, la linea Gravina in Consiglio Federale. Con la maggioranza di 18 voti a favore e 3 contrari (la Lega Serie A), il Consiglio Federale della Figc ha approvato le linee guida proposte dal presidente Gabriele Gravina da applicare in caso di nuovo e definitivo stop al campionato, dunque playoff e playout. In caso di ulteriore necessit\u00e0, l&#8217;algoritmo servir\u00e0\u00a0a stabilire le qualificate in Europa e le retrocessioni<\/strong><\/p>\n<p><strong>13.59 &#8211;\u00a0In caso di blocco del campionato, saranno disputati i playoff e i playout anche in serie A. E&#8217; questo il piano B qualora si dovesse determinare una nuova sospensione del calcio.<\/strong><\/p>\n<p><strong>13.55 &#8211; Ufficiale Calcio femminile: il campionato di serie A donne non ripartir\u00e0<\/strong><\/p>\n<p><strong>13.50 &#8211; Prime decisioni\u00a0Serie C: votata la promozione di Monza, Vicenza e Reggina<\/strong><\/p>\n<p><strong>13.45 -Marani:<\/strong> &#8220;Il calcio femminile? Mondo molto compatto. E&#8217; un esempio che il calcio maschile, che molte volte \u00e8 diviso, dovrebbe seguire. Le donne dovrebbero avere qualche posizione in pi\u00f9 di rappresentanza politica sia nel mondo del calcio che dello sport in generale&#8221;<\/p>\n<p><strong>13.31 &#8211;\u00a0<\/strong>Marani: &#8220;I club che hanno proposto il blocco delle retrocessioni ne escono male, perch\u00e9 ovunque in Europa ha bocciato questo tipo di proposta. Serve senso di unit\u00e0, coesione e condivisione. Non si pu\u00f2 forzare la mano come hanno fatto venerd\u00ec scorso con una proposta che viene bocciata. Da questa situazione esce rafforzata la Federazione . Se il calcio torner\u00e0 in campo lo dobbiamo soprattutto a Gravina e alla Federazione che hanno svolto un gran lavoro, meno a qualche club che ha voluto fare i propri interessi&#8221;<strong>.<\/strong><\/p>\n<p><strong>13.25 &#8211; <\/strong>Prime indiscrezioni che filtrano dalla sede della FIGC, sembra debba passare la linea dei &#8220;risultati raccolti sul campo&#8221;, ovvero non il blocco delle retrocessioni che la Lega di Serie A aveva ipotizzato<\/p>\n<p><strong>13.20 &#8211;<\/strong>Le parole del vice presidente della Lega Pro\u00a0Jacopo\u00a0Tognon a Ottochannel:\u00a0&#8220;In base all&#8217;esito del Consiglio andremo poi a ragionare sulle date, \u00e8 anche possibile andare oltre giugno e partire a luglio, ma prima ci sar\u00e0 da giocare la finale di coppa tra Ternana e Juventus Under 23, in campo neutro e in gara secca. In caso si decidesse con la conferma della classica formula dei playoff, se una squadra rinunciasse, a passare al turno successivo sarebbe la sua avversaria. Se invece ci dovesse essere una defezione di massa, potremmo anche optare per un format diverso. Partite secche fino alla final four? E&#8217; un&#8217;ipotesi al vaglio, il Decreto Rilancio prevede la possibilit\u00e0 di modificare i formati e in questo modo eviteremmo di dover spostare squadre su e giu&#8217; per l&#8217;Italia. Noi proporremo di giocare playoff e playout classici, se non sar\u00e0 possibile proveremo a giocare partite di sola andata nei turni nazionali&#8221;<\/p>\n<p><strong>13.15<\/strong>\u00a0\u2013 Nessuna indiscrezione filtra ancora dal Consiglio Federale, iniziato circa un\u2019ora fa. Riunione entrata nel vivo, tra i rappresentanti presenti in sede e quelli in video-conferenza.<\/p>\n<p><strong>12.40<\/strong> &#8211;\u00a0A poche ore dal\u00a0<strong>Consiglio federale<\/strong>\u00a0che decider\u00e0, tra le altre cose, la ripresa e il format della Serie A femminile,\u00a0<strong>le calciatrici<\/strong>\u00a0hanno voluto eprimere la propria posizione attraverso\u00a0<strong>un comunicato comparso sul sito dell&#8217;Assocalciatori e rilanciato attraverso i propri profili social:<\/strong>\u00a0&#8220;Alla vigilia della decisione sulla eventuale ripresa della Serie A Femminile di calcio, teniamo molto a chiarire quello che \u00e8 il nostro stato d\u2019animo attuale e quelli che sono i pensieri che abbiamo maturato&#8221;.<\/p>\n<h2>Nostro sistema ancora acerbo<\/h2>\n<p>&#8220;Siamo sempre state unite in questi mesi attendendo con pazienza che ci venisse comunicata una decisione rispetto al nostro futuro. Abbiamo compreso che dovevamo aspettare, perch\u00e9 c\u2019erano priorit\u00e0 da affrontare e molte cose da capire rispetto ad una situazione di emergenza che ha colpito profondamente il nostro Paese e che giustamente richiedeva riflessioni ponderate per fare ripartire tutte le attivit\u00e0 della nostra vita con una adeguata sicurezza. Quando \u00e8 arrivato il nostro momento ci \u00e8 stato detto che c\u2019era la volont\u00e0 di provare a farci proseguire per non guastare il bel percorso che il calcio femminile stava facendo nel nostro Paese.\u00a0<strong>Aperte ad ogni soluzione ci siamo messe a disposizione\u00a0<\/strong>per capire se ci fossero le adeguate condizioni per continuare.\u00a0Mentre attendevamo e lavoravamo ad una ripresa, per\u00f2, \u00e8 anche emersa la vera realt\u00e0 del nostro sport oggi.<strong>\u00a0L\u2019emergenza ha di fatto messo in luce tutte le fragilit\u00e0 di un sistema ancora acerbo ma promettente che stava crescendo in questi anni\u00a0<\/strong>e che ha dovuto affrontare una fulminea e gravosissima situazione&#8221;.<\/p>\n<h2>Confuse ma unite<\/h2>\n<p>&#8220;Le calciatrici oggi sono molto confuse. Non abbiamo paura ad ammetterlo. Non lo eravamo, eravamo unite in un unico pensiero in questi mesi, ora non lo siamo. E questo perch\u00e9 l\u2019attesa genera dubbi, soprattutto per come \u00e8 stata vissuta.<br \/>\nNonostante quanto riconosciuto, nonostante le perplessit\u00e0, i dubbi, la confusione che questa attesa lunga tre mesi ha generato, ancora una volta siamo qui, a parlare con una voce comune, perch\u00e9 pur nelle diversit\u00e0 ormai pi\u00f9 che lecite di opinione,<strong>\u00a0ci siamo rese conto che invece ci sono cose che abbiamo ben chiare e su cui ci troviamo unite come e pi\u00f9 di sempre.<\/strong>\u00a0E allora vogliamo parlare di quello che ci unisce e di quello che alla fine riteniamo davvero importante&#8221;.<\/p>\n<h2>Non tutte siamo messe nelle stesse condizioni<\/h2>\n<p>&#8220;A tutt\u2019oggi, dopo molti mesi di inattivit\u00e0, permangono irrisolte criticit\u00e0 di carattere sanitario ed organizzativo e siamo quasi a ridosso dell\u2019inizio di una nuova stagione. Mentre discutiamo della ripartenza, non possiamo farle tutte dallo stesso punto di vista.\u00a0<strong>Molte calciatrici tutt\u2019oggi non sono state convocate per gli allenamenti. Non sono messe nelle condizioni di praticare il loro sport\u00a0<\/strong>e sono deluse dal fatto di non avere questa possibilit\u00e0. Anche l\u2019attesa di una decisione sarebbe stata differente avendo tutte rivisto l\u2019erba di un campo da gioco, ma oggi non \u00e8 cos\u00ec&#8221;.<\/p>\n<h2>Non condividiamo play off e play out<\/h2>\n<p>&#8220;Apprendiamo della\u00a0<strong>proposta\u00a0<\/strong>di terminare il campionato con una formula ridotta di\u00a0<strong>play off e play out\u00a0<\/strong>che coinvolgerebbero sei delle dodici squadre del nostro campionato.\u00a0<strong>Non la condividiamo, perch\u00e9 non vediamo come possa essere tutelato il merito sportivo<\/strong>\u00a0con una modalit\u00e0 di gioco che a nostro avviso non garantirebbe la vera equit\u00e0. Le calciatrici pensano questo: o scendiamo tutte in campo o non ci scende nessuna.\u00a0<strong>Tutte devono essere in grado di lottare per i propri obiettivi, oppure devono tutte mettere un punto su questa stagione e prepararsi per la prossima\u00a0<\/strong>partendo dalle stesse condizioni&#8221;.<\/p>\n<h2>Sistema va riformato: status da professioniste<\/h2>\n<p>&#8220;Quello che appare in sintesi ai nostri occhi \u00e8 che<strong>\u00a0il nostro sistema va riformato<\/strong>. \u00c8 tempo di decidere quale direzione dobbiamo prendere perch\u00e9 situazioni simili non sussistano pi\u00f9. Siamo le calciatrici della Serie A Femminile, si parla di noi e delle imprese della Nazionale di cui alcune di noi fanno parte e che sentiamo nostra. Ma\u00a0<strong>\u00e8 ora di garantire le giuste tutele a tutte quante, uno status da professioniste e condizioni reali di professionismo&#8221;.<\/strong><\/p>\n<h2>Bisogna far crescere il nostro movimento<\/h2>\n<p>&#8220;Come sempre fatto, non ci esprimiamo in merito alla prosecuzione o meno di questa stagione. Siamo consapevoli che potrebbe essere per noi un\u2019opportunit\u00e0 riprendere, ma crediamo anche che l\u2019opportunit\u00e0 vera emersa in questi mesi, o forse una necessit\u00e0 non pi\u00f9 procrastinabile, sia\u00a0<strong>quella di spingere verso l\u2019alto questo sistema, facendolo crescere e mettendo le giuste basi per elevarci come calciatrici, assieme ai nostri club e alla nostra federazione<\/strong>, per dare sostanza e risorse vere a questo pezzo di calcio che gi\u00e0 a livello d\u2019immagine \u00e8 nel cuore di molti&#8221;.<\/p>\n<p><strong>12.38\u00a0<\/strong>L&#8217;ipotesi della Lega di A con il blocco delle retrocessioni ha messo un po\u2019 di nervosismo. Ci sar\u00e0 una nuova votazione che ristabilir\u00e0 quei concetti che erano stati stabiliti il 20 maggio tra cui il non blocco delle retrocessioni.<\/p>\n<p><strong>12.35 \u2013<\/strong>\u00a0Le parole del presidente\u00a0<strong>dell\u2019Assoallenatori<\/strong>\u00a0Renzo\u00a0<strong>Ulivieri:<\/strong>\u00a0&#8220;Spero che passi la linea federale, noi come Associazione siamo per quella. La speranza \u00e8 che non serva niente di tutto questo e che si possa arrivare alla fine. Se c\u2019\u00e8 la volont\u00e0 da parte di tutti arriveremo alla fine. Le furbate sono una brutta cosa, non funziona, ma l\u2019ideologia \u00e8 penetrata dentro di noi da troppo tempo. Il tifo violento? Ne vediamo troppe, c\u2019\u00e8 tantissima violenza in tutto il mondo. Fortunatamente c\u2019\u00e8 anche reazione popolare e la risposta deve essere collettiva, a partire dalle istituzioni fino alle coscienze di tutti noi&#8221;<\/p>\n<p><strong>12.30 \u2013<\/strong>\u00a0Secondo \u2018Sky Sport\u2019, Gabriele Gravina \u00e8 orientato a fare un\u2019altra votazione a proposito del blocco delle promozioni.<\/p>\n<p><strong>12.10 \u2013<\/strong>\u00a0<strong>E\u2019 INIZIATO IL CONSIGLIO FEDERALE<\/strong>. Come riportato da\u00a0<em>TmW<\/em>\u00a0sono presenti\u00a0<strong>Gravina<\/strong>,\u00a0<strong>Lotito<\/strong>,\u00a0<strong>Dal Pino<\/strong>,\u00a0<strong>Ghirelli<\/strong>,<strong>\u00a0Lo Monaco<\/strong>,\u00a0<strong>Ulivieri<\/strong>\u00a0e\u00a0<strong>Sibilia<\/strong>, con le altre componenti che sono invece collegate in video conferenza.<\/p>\n<p><strong>12.00<\/strong>\u00a0\u2013 Il tema delle promozioni e delle retrocessioni sar\u00e0 discusso nel corso del Consiglio Federale delle 12.00, e il presidente dell\u2019Associazione Italiana Calciatori,\u00a0<strong>Damiano Tommasi<\/strong>\u00a0ne ha parlato in un\u2019intervista al Corriere dello Sport:\u00a0<em>\u201cnon abbiamo ricevuto alcuna comunicazione ufficiale, quindi non sappiamo neppure se ci sar\u00e0 una decisione da prendere o una votazione da tenere. C\u2019\u00e8 un solo dato certo. Nell\u2019ultimo consiglio federale \u00e8 stata deliberata la prosecuzione dei campionati professionistici e la permanenza di promozioni e retrocessioni. Perch\u00e9 questa cosa dovrebbe essere rimessa in discussione? Conosciamo la Lega di Serie A. Quelle assemblee vanno sempre in un certo modo. C\u2019\u00e8 poco da rimanere sorpresi. Unit\u00e0 d\u2019intenti? Magari l\u2019unit\u00e0 d\u2019intenti si \u00e8 formata proprio intorno a questa proposta di congelamento\u201d<\/em>.<\/p>\n<p><strong>\u00a011.50<\/strong>\u00a0\u2013\u00a0<strong>Walter\u00a0Baumgartner<\/strong>, presidente del\u00a0<strong>SudTirol<\/strong>, sar\u00e0 uno\u00a0dei rappresentanti della\u00a0<strong>Lega Pro<\/strong>\u00a0al Consiglio Federale. Ai microfoni di gianlucadimarzio.com ha svelato la situazione:\u00a0<em>\u201ccredo che si faranno i playoff come previsto,\u00a0come prevede il format iniziale. Sono d\u2019accordo sulla cristallizzazione dei campionati. Quando ho fatto il primo passo devo fare anche il secondo e il format prevede che le prime vadano in B.\u00a0 Non bisogna dimenticare che nell\u2019 ultima Assemblea\u00a0 di Lega 52 societ\u00e0 su 59 erano per questo tipo di soluzione. Poi sappiamo anche che non sarebbe mai corretto mandare il Monza ai play off\u201d.<\/em><\/p>\n<p><strong>11.40<\/strong>\u00a0\u2013\u00a0<strong>Cosimo\u00a0Sibilia<\/strong>, presidente della\u00a0<strong>Lega Nazionale Dilettanti<\/strong>, al\u00a0Corriere dello Sport ha spiegato la posizione che assumer\u00e0 in Consiglio Federale:\u00a0<em>\u201cManterremo la nostra linea di coerenza assoluta. Nel precedente Consiglio sono state varate delle regole e io ho votato a favore. Come Dilettanti abbiamo fermato il campionato, indicando squadre promosse e retrocesse. Le proteste? Legittime, ma qualcuno deve prendere delle decisioni e noi lo abbiamo fatto tramite il Consiglio Direttivo. Io cerco di essere sempre lineare e coerente con le scelte. L\u2019ultimo Consiglio ha stabilito che bisogna ripartire. Ho appoggiato l\u2019attuale governance\u00a0perch\u00e9 nel programma c\u2019era la riforma del sistema. Tutti sanno che le societ\u00e0 professionistiche sono troppe, come si pu\u00f2 pensare di aumentarne il numero?\u201d.<\/em><\/p>\n<p><strong>11.30<\/strong>\u00a0\u2013\u00a0Il presidente della\u00a0<strong>Lega Pro<\/strong>,\u00a0<strong>Francesco Ghirelli<\/strong>, ha rilasciato una battuta al volo a pochi minuti dall\u2019inizio del Consiglio Federale. Queste le sue parole raccolte da\u00a0<em>TMW<\/em>:\u00a0<em>\u201clavoriamo per il bene del calcio italiano. Algoritmo o linea proposta dalla Lega Serie A? Vediamo dopo\u201d.<\/em><\/p>\n<p><strong>11.25<\/strong>\u00a0\u2013\u00a0Mancano circa 30 minuti all\u2019inizio del Consiglio Federale. In Via Allegri a Roma iniziano ad arrivare i rappresentati delle varie Leghe che prenderanno parte all\u2019incontro. Presenti il presidente della Lazio,\u00a0<strong>Claudio Lotito<\/strong>,\u00a0<strong>Pietro Lo Monaco<\/strong>, il presidente della Lega Serie A,\u00a0<strong>Paolo Dal Pino<\/strong>\u00a0e quello della Lega Pro,\u00a0<strong>Francesco Ghirelli<\/strong>.<\/p>\n","protected":false},"excerpt":{"rendered":"<p>Come scrive strettoweb.com oggi,\u00a08 giugno, pu\u00f2 essere una data fondamentale per il futuro immediato del calcio in Italia. Il Consiglio federale della\u00a0Figc, riunito dalle 12.00, \u00e8 chiamato a decidere alcuni aspetti fondamentali della ripresa del campionato. Tra i nodi principali il tanto discusso algoritmo proposto da Gravina per decidere la classifica e che non ha [&hellip;]<\/p>\n","protected":false},"author":2,"featured_media":11515,"comment_status":"closed","ping_status":"open","sticky":false,"template":"","format":"standard","meta":[],"categories":[10,1],"tags":[1425,1026,2414,277,1454],"_links":{"self":[{"href":"http:\/\/www.rosanerosiamonoi.it\/palermocalcio\/wp-json\/wp\/v2\/posts\/11686"}],"collection":[{"href":"http:\/\/www.rosanerosiamonoi.it\/palermocalcio\/wp-json\/wp\/v2\/posts"}],"about":[{"href":"http:\/\/www.rosanerosiamonoi.it\/palermocalcio\/wp-json\/wp\/v2\/types\/post"}],"author":[{"embeddable":true,"href":"http:\/\/www.rosanerosiamonoi.it\/palermocalcio\/wp-json\/wp\/v2\/users\/2"}],"replies":[{"embeddable":true,"href":"http:\/\/www.rosanerosiamonoi.it\/palermocalcio\/wp-json\/wp\/v2\/comments?post=11686"}],"version-history":[{"count":15,"href":"http:\/\/www.rosanerosiamonoi.it\/palermocalcio\/wp-json\/wp\/v2\/posts\/11686\/revisions"}],"predecessor-version":[{"id":11720,"href":"http:\/\/www.rosanerosiamonoi.it\/palermocalcio\/wp-json\/wp\/v2\/posts\/11686\/revisions\/11720"}],"wp:featuredmedia":[{"embeddable":true,"href":"http:\/\/www.rosanerosiamonoi.it\/palermocalcio\/wp-json\/wp\/v2\/media\/11515"}],"wp:attachment":[{"href":"http:\/\/www.rosanerosiamonoi.it\/palermocalcio\/wp-json\/wp\/v2\/media?parent=11686"}],"wp:term":[{"taxonomy":"category","embeddable":true,"href":"http:\/\/www.rosanerosiamonoi.it\/palermocalcio\/wp-json\/wp\/v2\/categories?post=11686"},{"taxonomy":"post_tag","embeddable":true,"href":"http:\/\/www.rosanerosiamonoi.it\/palermocalcio\/wp-json\/wp\/v2\/tags?post=11686"}],"curies":[{"name":"wp","href":"https:\/\/api.w.org\/{rel}","templated":true}]}}