{"id":12633,"date":"2020-08-06T18:01:20","date_gmt":"2020-08-06T16:01:20","guid":{"rendered":"http:\/\/www.rosanerosiamonoi.it\/palermocalcio\/?p=12633"},"modified":"2020-08-07T12:56:34","modified_gmt":"2020-08-07T10:56:34","slug":"35-anni-fa-ucciso-ninni-il-mio-compagno-di-scuola","status":"publish","type":"post","link":"http:\/\/www.rosanerosiamonoi.it\/palermocalcio\/2020\/08\/06\/35-anni-fa-ucciso-ninni-il-mio-compagno-di-scuola\/","title":{"rendered":"35 anni fa ucciso Ninni , il mio compagno di Scuola &#8230;"},"content":{"rendered":"<p><a href=\"http:\/\/www.rosanerosiamonoi.it\/palermocalcio\/2020\/08\/06\/35-anni-fa-ucciso-ninni-il-mio-compagno-di-scuola\/img-20200806-wa0001\/\" rel=\"attachment wp-att-12651\"><img decoding=\"async\" loading=\"lazy\" class=\"aligncenter wp-image-12651 size-shareaholic-thumbnail\" src=\"http:\/\/www.rosanerosiamonoi.it\/palermocalcio\/wp-content\/uploads\/2020\/08\/IMG-20200806-WA0001-640x480.jpg\" alt=\"\" width=\"640\" height=\"480\" srcset=\"http:\/\/www.rosanerosiamonoi.it\/palermocalcio\/wp-content\/uploads\/2020\/08\/IMG-20200806-WA0001-640x480.jpg 640w, http:\/\/www.rosanerosiamonoi.it\/palermocalcio\/wp-content\/uploads\/2020\/08\/IMG-20200806-WA0001-520x390.jpg 520w, http:\/\/www.rosanerosiamonoi.it\/palermocalcio\/wp-content\/uploads\/2020\/08\/IMG-20200806-WA0001-768x576.jpg 768w, http:\/\/www.rosanerosiamonoi.it\/palermocalcio\/wp-content\/uploads\/2020\/08\/IMG-20200806-WA0001-1024x768.jpg 1024w, http:\/\/www.rosanerosiamonoi.it\/palermocalcio\/wp-content\/uploads\/2020\/08\/IMG-20200806-WA0001.jpg 2048w\" sizes=\"(max-width: 640px) 100vw, 640px\" \/><\/a><\/p>\n<p>35 anni fa il 6 Agosto 1985 veniva barbaramente ucciso Ninni Cassar\u00e0 e con lui se ne \u00e8 andata una parte della mia vita da ragazzo passata insieme a lui da compagni di Scuola al Liceo Classico Garibaldi &#8230;. con una passione comune &#8230;. correre &#8230; sentire l&#8217;aria sul viso, fra i capelli e la voglia di andare sempre pi\u00f9 veloce vero Ninni ? appena potevamo tutti e due ad approfittare per andare nello spazio fra il Liceo Garibaldi e Villa Gallidoro con il nostro straordinario professore di educazione fisica, Pietro Vigneri che ci considerava due purosangue ed insieme l\u00ec ad allenarci e pronti a sfidarci , si fa per dire tu eri 1947\u00a0 ed io del 1949 , gi\u00e0 eri pi\u00f9 forte fisicamente , pi\u00f9 formato ed a quella et\u00e0 due anni fanno &#8230;. infatti io ero allievo e tu juniores &#8230; ma che importava avanti ed indietro per fare sempre meglio &#8230; in quello che era diciamolo pure un campo di patate &#8230;.. in realt\u00e0 non ci piaceva solo correre ma lo abbiamo fatto praticando la corsa ad ostacoli &#8230; sempre pi\u00f9 difficile ma per noi sempre pi\u00f9 bello.<\/p>\n<p>Eravamo felici e che bello il tuo sorriso sempre anche quello furbetto quando &#8230;. alcune volte rallentavi &#8230; mi guardavi e poi con il tuo rush finale &#8230; vincevi &#8230; e ridevi a 3600 denti &#8230; ma non ti ho mai mandato all&#8217;inferno &#8230;ogni volta pensavo &#8230; &#8220;ridi ridi un giorno ti batto! &#8221; avevamo bene a mente che in Atletica leggera se uno ti batte \u00e8 perch\u00e9 \u00e8 pi\u00f9 forte e quindi bisogna festeggiarlo &#8230;. non ividiarlo od odiarlo &#8230;.<\/p>\n<p>E cos\u00ec mi hai trasmesso questa voglia di vincere di dare il massimo, di sorprendere con una prestazione super e tutto questo era bellissimo e mi hai aiutato a diventare il campione d&#8217;Istituto nella corsa ad ostacoli ma anche nella corsa degli 80 metri e mi hai trasmesso la voglia di vincere sempre od almeno provarci cos\u00ec quando ho fatto i Campionati Italiani a Firenze ed ero titubante vedendo che gli avversari erano dei &#8220;cavalli&#8221; ed io una pulce e che gli stessi miei compagni di squadra siciliani la sera prima della finale mi avevano detto &#8221; Bene che va arrivi ultimo &#8230;. !<\/p>\n<p>&#8220;Sapete cosa \u00e8 successo visto che sono anche un ariete &#8230;.? un moto di ribellione interiore con una sola domanda &#8220;ma neanche penultimo ?&#8221; e cos\u00ec ho ricordato quel che mi dicevi &#8220;Mario \u00e8 solo una gara , fai e dai il massimo poi come &#8220;come viene si cunta&#8221; per\u00f2 a noi chi lo dice che non dobbiamo per questo non provare a fare qualcosa di di pi\u00f9 e provare a superarci e raggiungere traguardi che ci sembrano impossibili ?&#8221; E fu cos\u00ec che mi studiai tutto sopratutto lo starter per scoprire come partire sullo sparo del via &#8230; per primo e partire molto forte visto che avendo le gambe pi\u00f9 corte degli altri sarei partito per primo e per alcuni ostacoli avrei potuto andare in testa.<\/p>\n<p>Ed infatti fu cos\u00ec e successe un miracolo tutto il pubblico , tifando per me, comincio a battere le mani per darmi il ritmo per farmi fare i 5 passi fra gli ostacoli e mantenere una velocit\u00e0 per andare oltre &#8230;.. e con i denti stretti ricordo ad ogni battere di mani il mio piede era a terra&#8230;. quando mancavano gli ultimi tre ostacoli sono arrivati e passati i due cavalli, prima uno poi l&#8217;altro ma io come mi avevi sempre detto\u00a0 non ho mollato ed alla fine arrivando terzo mi \u00e8 sembrato di avere vinto le Olimpiadi facendo il record del mondo perch\u00e8 qui lo dico e qui lo nego quel giorno io bene che andava dovevo arrivare ultimo&#8230;<\/p>\n<p>E&#8217; anche merito tuo e della gioia di vivere di due ragazzi del Liceo Garibaldi tutti e due sempre sorridenti ! Si qualcuno ci diceva che a noi ci ridevano anche gli occhi quando correvamo &#8230; ma non solo in quel momento !<\/p>\n<p>E nati e cresciuti con sani principi cos\u00ec poi abbiamo operato nella nostra vita facendo scelte difficili ma mai vigliacchi e cos\u00ec 35 anni fa il 6 Agosto 1985 la tua vita l&#8217;hanno fermata loro in maniera vigliacca e ti hanno barbaramente ucciso !<\/p>\n<p>Ma uccidendoti ti hanno reso immortale , un Angelo del Bene, un eroe, un amico sempre presente ormai indistruttibile &#8230;. per\u00f2 una cosa lasciamela dire visto che sono\u00a0 morto due volte e due volte rimandato in terra &#8230;. ed ho visto e conosciuto dall&#8217;altra parte dove si vive la vera vita &#8230;. dove ci sono posti meravigliosi &#8230;.\u00a0 e dove ora vivi la tua vera vita adesso , tieniti in forma che quando arrivo &#8230; una corsa ce la facciamo &#8230; e sei sicuro che finalmente non ti batto ? Aspettami , Prima o poi arrivo ! Sempre che non mi rimandino per la terza volta di nuovo nel mio involucro fra gli umani ,&#8230;.intanto io continuer\u00f2 a farti vivere qui sulla terra sempre nel mio cuore &#8230;.. TVB Ninni !!! .. Mario (sezione 1H)<\/p>\n<p><a href=\"http:\/\/www.rosanerosiamonoi.it\/palermocalcio\/2020\/08\/06\/35-anni-fa-ucciso-ninni-il-mio-compagno-di-scuola\/img-20200806-wa0002\/\" rel=\"attachment wp-att-12652\"><img decoding=\"async\" loading=\"lazy\" class=\"aligncenter wp-image-12652 size-shareaholic-thumbnail\" src=\"http:\/\/www.rosanerosiamonoi.it\/palermocalcio\/wp-content\/uploads\/2020\/08\/IMG-20200806-WA0002-640x480.jpg\" alt=\"\" width=\"640\" height=\"480\" srcset=\"http:\/\/www.rosanerosiamonoi.it\/palermocalcio\/wp-content\/uploads\/2020\/08\/IMG-20200806-WA0002-640x480.jpg 640w, http:\/\/www.rosanerosiamonoi.it\/palermocalcio\/wp-content\/uploads\/2020\/08\/IMG-20200806-WA0002-520x390.jpg 520w, http:\/\/www.rosanerosiamonoi.it\/palermocalcio\/wp-content\/uploads\/2020\/08\/IMG-20200806-WA0002-768x576.jpg 768w, http:\/\/www.rosanerosiamonoi.it\/palermocalcio\/wp-content\/uploads\/2020\/08\/IMG-20200806-WA0002-1024x768.jpg 1024w, http:\/\/www.rosanerosiamonoi.it\/palermocalcio\/wp-content\/uploads\/2020\/08\/IMG-20200806-WA0002.jpg 2048w\" sizes=\"(max-width: 640px) 100vw, 640px\" \/><\/a><\/p>\n<header id=\"header\" class=\"header_homeSezione\">\n<nav class=\"nav_homesezione\"><a href=\"http:\/\/www.rosanerosiamonoi.it\/palermocalcio\/\" rel=\"attachment wp-att-12636\"><img decoding=\"async\" loading=\"lazy\" class=\"aligncenter size-full wp-image-12636\" src=\"http:\/\/www.rosanerosiamonoi.it\/palermocalcio\/wp-content\/uploads\/2020\/08\/ninni-cassar\u00e0-mio-compagno-di-scuola-schiarita.jpg\" alt=\"\" width=\"770\" height=\"960\" \/><\/a><a title=\"7 Sette\" href=\"https:\/\/www.corriere.it\/sette\"><img decoding=\"async\" loading=\"lazy\" class=\"\" src=\"https:\/\/images2.corriereobjects.it\/sette\/includes_statici\/testatina\/hp_main.png\" alt=\"7 Sette\" width=\"37\" height=\"45\" \/><\/a><\/nav>\n<\/header>\n<section class=\"container\">\n<div id=\"ads_widepushbar\" class=\"2\">\n<div class=\"bk_adv_02\">\n<div id=\"rcsad_TopLeft\" data-google-query-id=\"CK2NxOSnhusCFcSkdwodrasGlg\">\n<h3 id=\"google_ads_iframe_\/35821442\/corriere.it\/sette\/TopLeft_0__container__\">La moglie di Ninni Cassar\u00e0: \u00abMio marito mi disse \u201csiamo morti che camminano\u201d\u00bb<\/h3>\n<\/div>\n<\/div>\n<\/div>\n<\/section>\n<section class=\"container\">\n<article id=\"content-to-read\" class=\"articolo no-row \">\n<header class=\"container-header-article\">\n<h3 class=\"article-subtitle\">Trentaquattro anni fa moriva in un agguato di mafia il vicecapo della Squadra mobile.<\/h3>\n<h3 class=\"article-subtitle\">I killer lo aspettavano a casa.<\/h3>\n<h3 class=\"article-subtitle\">Ecco la storia degli anni insanguinati di Palermo visti attraverso gli occhi della persona che gli stava pi\u00f9 vicino al mondo, Laura<\/h3>\n<div class=\"web_widget_giornalista rs_skip\">\n<div class=\"firma firma-corriere fr-old\"><a class=\"show-user\" rel=\"\"><span class=\"autore\">di<\/span>\u00a0Giovanni Bianconi<\/a><\/div>\n<\/div>\n<div class=\"web_widget_argomenti rs_skip\"><\/div>\n<div class=\"clearfix\"><\/div>\n<\/header>\n<div class=\"container-body-article clearfix\">\n<div class=\"bk_cop_im1 rs_preserve rs_skip\"><img decoding=\"async\" class=\"lazy initial loaded aligncenter\" title=\"La moglie di Ninni Cassar\u00e0: \u00abMio marito mi disse 'siamo morti che camminano'\u00bb\" src=\"https:\/\/images2.corriereobjects.it\/methode_image\/2019\/08\/02\/Sette\/Foto%20Sette%20-%20Trattate\/WCCOR1_0I6T4CHA-kgnC-U31301306000504UZH-656x492@Corriere-Web-Sezioni.JPG?v=20190802171239\" alt=\"La moglie di Ninni Cassar\u00e0: \u00abMio marito mi disse 'siamo morti che camminano'\u00bb\" data-original=\"\/\/images2.corriereobjects.it\/methode_image\/2019\/08\/02\/Sette\/Foto%20Sette%20-%20Trattate\/WCCOR1_0I6T4CHA-kgnC-U31301306000504UZH-656x492@Corriere-Web-Sezioni.JPG?v=20190802171239\" data-was-processed=\"true\" \/><\/div>\n<div class=\"web_widget_socialBar rs_skip rs_preserve\" data-href=\"https:\/\/www.corriere.it\/sette\/attualita\/19_agosto_02\/moglie-ninni-cassara-mio-marito-mi-disse-siamo-morti-che-camminano-219fcb20-b52b-11e9-8f02-33360bc8762b.shtml\">\n<div class=\"social_bar\">\n<div class=\"inviaMail\"><\/div>\n<\/div>\n<\/div>\n<div class=\"paywall-content\">\n<div class=\"chapter clearfix\">\n<p class=\"chapter-paragraph\">La voce amara di Paolo Borsellino\u00a0che ironizza sulla libert\u00e0 di morire ammazzato la sera quando non era disponibile l\u2019auto blindata, riemersa dagli archivi segreti della commissione parlamentare antimafia, non le ha provocato particolari emozioni: <strong><em>\u00abPurtroppo per noi quella situazione era il pane quotidiano. Noi sapevamo gi\u00e0 tutto, ma quelli che ascoltavano no, e la cosa grave \u00e8 che quando hanno saputo non hanno fatto niente per cambiare la situazione, lasciando soli e senza mezzi quei pochi che combattevano la guerra sulla trincea. Ninni \u00e8 morto per questo\u00bb.<\/em><\/strong><\/p>\n<p class=\"chapter-paragraph\"><strong>Laura Iacovoni Cassar\u00e0<\/strong> \u00e8 la moglie di <strong>Ninni Cassar\u00e0<\/strong>, il vicecapo della Squadra mobile di Palermo trucidato dai killer corleonesi 34 anni fa, il 6 agosto 1985, un anno e tre mesi dopo la denuncia di Borsellino all\u2019Antimafia. Erano ancora i tempi della protezione in orario d\u2019ufficio, e Cassar\u00e0 fu ammazzato durante la pausa pranzo. Non perch\u00e9 non fosse scortato, aveva pure l\u2019auto blindata <strong><em>\u00abanche se si rompeva in continuazione\u00bb<\/em><\/strong>. Mor\u00ec perch\u00e9 nessuno l\u2019aveva portato via da una citt\u00e0 che non poteva pi\u00f9 essere sicura per uno come lui: <em><strong>\u00abViveva e lavorava in un isolamento tangibile, segnalato, ignorato. Se vieni additato come colui che porta avanti le indagini con pi\u00f9 convinzione degli altri, diventi il nemico numero 1 e ti fanno fuori. Alla Squadra mobile Ninni poteva contare solo su un piccolo gruppo di uomini sicuri e fedeli, niente pi\u00f9\u00bb.<\/strong><\/em><\/p>\n<\/div>\n<div class=\"chapter clearfix no_zoom\">\n<div class=\"bk_cop_im1 rs_preserve rs_skip\"><\/div>\n<\/div>\n<div id=\"rcsad_Bottom1\" data-google-query-id=\"CLCNxOSnhusCFcSkdwodrasGlg\">\n<div id=\"google_ads_iframe_\/35821442\/corriere.it\/sette\/Bottom1_0__container__\"><iframe id=\"google_ads_iframe_\/35821442\/corriere.it\/sette\/Bottom1_0\" title=\"3rd party ad content\" name=\"google_ads_iframe_\/35821442\/corriere.it\/sette\/Bottom1_0\" width=\"300\" height=\"1\" frameborder=\"0\" marginwidth=\"0\" marginheight=\"0\" scrolling=\"no\" data-google-container-id=\"7\" data-load-complete=\"true\" data-mce-fragment=\"1\"><\/iframe><\/div>\n<\/div>\n<div class=\"chapter\">\n<h5 class=\"chapter-title\">Lo sterminio dei fedelissimi<\/h5>\n<p class=\"chapter-paragraph\">Uno era il commissario Beppe Montana capo della Sezione catturandi, ucciso dieci giorni prima di Cassar\u00e0, domenica 28 luglio, sul lungomare di Porticello, di rientro da una gita in barca con la fidanzata. <strong><em>\u00abQuel giorno anche noi dovevamo essere l\u00ec &#8211; ricorda la signora Laura &#8211; ma all\u2019ultimo momento non siamo andati perch\u00e9 era arrivato un mio zio da Messina. La sera giunse la telefonata, Ninni si gel\u00f2 e usc\u00ec\u00bb.<\/em><\/strong> Sul luogo del delitto accorsero anche Giovanni Falcone e Borsellino, il quale svel\u00f2 che davanti al cadavere di Montana Cassar\u00e0 disse loro:<strong><em> \u00abConvinciamoci che siamo cadaveri che camminano\u00bb.<\/em> <\/strong>Quando tocc\u00f2 a lui, Falcone affranto si sfog\u00f2 con Laura: <strong><em>\u00abMi hanno fatto calpestare il sangue di Ninni&#8230;\u00bb.<\/em><\/strong> Un altro fedelissimo era l\u2019agente Roberto Antiochia, 23 anni, che dopo l\u2019omicidio Montana rientr\u00f2 dalle ferie per aiutare Cassar\u00e0 nella ricerca degli assassini e proteggerlo. Fu travolto con lui dalla grandine di proiettili: <strong><em>\u00abMa \u00e8 normale che sia un ragazzo come Antiochia a decidere di tornare per stare vicino a Ninni? \u00c8 il segno della disattenzione e sottovalutazione da parte di chi doveva capire, prevenire, evitare quello che \u00e8 successo. Lo capisce Antiochia che c\u2019\u00e8 pericolo, e non lo capiscono i superiori?\u00bb.<\/em> <\/strong>E poi c\u2019era Natale Mondo, da anni l\u2019ombra di Cassar\u00e0, sempre al suo fianco: in ufficio, in macchina, nei sopralluoghi e negli interrogatori, nei momenti liberi a fargli da guardaspalle mentre \u201cil capo\u201d passeggiava con la moglie, a controllare fuori dalla scuola dei figli, ad accompagnare a pesca lui e Falcone. Il 6 agosto era alla guida dell\u2019Alfetta, non mor\u00ec perch\u00e9 riusc\u00ec a proteggersi dietro una fioriera. Lo uccisero due anni e mezzo pi\u00f9 tardi, la mafia non lascia conti in sospeso:<strong><em> \u00abPrima hanno provato a infangarlo sospettandolo di essere la talpa che avvis\u00f2 i killer, ma io ho testimoniato che non poteva essere vero. E non era vero. Ninni gli aveva affidato la sua vita, gli aveva affidato noi\u00bb.<\/em><\/strong><\/p>\n<\/div>\n<div class=\"chapter\">\n<h5 class=\"chapter-title\">La strage in diretta<\/h5>\n<p class=\"chapter-paragraph\">Laura Cassar\u00e0 quel giorno vide tutto in diretta, affacciata dal sesto piano dove abitava con Ninni e i tre figli: Gaspare di 10 anni, Marida di 8, Elvira di 2. Con lei aveva solo la piccolina, gli altri erano in vacanza coi nonni: <strong><em>\u00abFaceva molto caldo. Ninni mi chiama poco prima delle 15 per dirmi che torna a casa. Non rientrava da due giorni, dopo l\u2019omicidio Montana l\u2019avr\u00f2 visto un paio di volte. Gli chiedo se si ferma a mangiare qualcosa, e lui mi dice di s\u00ec\u00bb.<\/em><\/strong> Laura si mette in attesa sul balcone, come faceva spesso, con Elvira in braccio. Dopo pochi minuti vede arrivare l\u2019Alfetta blindata, e subito comincia il crepitare dei kalashnikov: <strong><em>\u00abIo non capii che sparavano, pensai a una bomba, mi affacciai per vedere se la macchina saltava in aria\u00bb<\/em><\/strong>. Il consigliere istruttore Rocco Chinnici l\u2019avevano ammazzato cos\u00ec, due anni prima, questa era la guerra di Palermo:<strong><em> \u00ab Guardo gi\u00f9 e vedo Ninni che comincia a correre verso l\u2019atrio del palazzo, e poi sento Mondo gridare \u201cSignora vada dentro!\u201d\u00bb<\/em><\/strong>. Laura si precipita gi\u00f9 per le scale, consegna Elvira a un vicino e quando arriva sul primo pianerottolo vede Ninni a terra: <strong><em>\u00abEro convinta di trovarlo vivo, l\u2019avevo visto fare i primi quattro gradini con un solo balzo. Pensavo che ce l\u2019avrebbe fatta, e in effetti c\u2019\u00e8 mancato poco. L\u2019autopsia ha stabilito che un solo colpo l\u2019ha ucciso, recidendo l\u2019aorta\u00bb.<\/em><\/strong> L\u2019immagine della vedova Cassar\u00e0 accanto al corpo senza vita del marito riverso sulle scale di casa \u00e8 una delle icone della guerra di mafia che s\u2019\u00e8 combattuta a Palermo all\u2019inizio degli anni Ottanta. O meglio la guerra che la mafia dichiar\u00f2 a quel pezzo di Stato che non voleva arrendersi a connivenze, convivenze e \u201czone grigie\u201d.<\/p>\n<p>&nbsp;<\/p>\n<p class=\"chapter-paragraph\">Disarmati in guerra<\/p>\n<\/div>\n<div class=\"chapter\">\n<p class=\"chapter-paragraph\">Pochi uomini mandati allo sbaraglio, e pochissimi mezzi: <strong>\u00abAnche alla Mobile serviva il computer che Borsellino voleva all\u2019Ufficio istruzione, ma nessuno se ne preoccupava. Cos\u00ec a Ninni venne l\u2019idea di farselo regalare dall\u2019American Express come premio a chi presentava amici e conoscenti titolari di nuove carte di credito. Si arrangiava\u00bb.<\/strong><\/p>\n<p class=\"chapter-paragraph\">Come quando dava la sua Vespa all\u2019agente Calogero Zucchetto per perlustrare i quartieri a caccia di latitanti, finch\u00e9 nel 1982 qualcuno lo riconobbe e fin\u00ec ammazzato davanti a una cabina telefonica, mentre mangiava un panino. Un lungo elenco di caduti, uno dopo l\u2019altro. Prima della drammatica estate del 1985 c\u2019erano stati sei anni di omicidi cosiddetti \u201ceccellenti\u201d &#8211; da <strong>Boris Giuliano a Piersanti Mattarella<\/strong>, dal prefetto <strong>Carlo Alberto dalla Chiesa<\/strong> al giudice <strong>Chinnici<\/strong> passando, per <strong>Michele Reina, Pio la Torre<\/strong> e tanti altri &#8211; che aveva decapitato il vertice politico-giudiziario-investigativo della citt\u00e0; uno sterminio istituzionale senza eguali nel mondo.<\/p>\n<p class=\"chapter-paragraph\"><strong><em>\u00abNoi siamo arrivati a Palermo da Trapani nel 1981<\/em><\/strong> &#8211; ricorda Laura Cassar\u00e0 -,<strong><em> nel pieno di questa guerra di cui nessuno, tra chi di dovere, si degnava di occuparsi. A ogni delitto seguivano dichiarazioni di sdegno, funerali solenni e grandi promesse, ma poi tutti ripartivano e qui si continuava con il solito tran tran: pochi e disarmati che finiscono additati come il vero e unico pericolo per la mafia. Trasformandosi in bersagli da colpire\u00bb.<\/em><\/strong><\/p>\n<p class=\"chapter-paragraph\">Funzionava cos\u00ec la palude palermitana: un drappello che porta avanti riforme o indagini, mentre gli altri stanno a guardare. Nei palazzi della politica, negli uffici giudiziari, tra le forze di polizia: <strong>\u00abAnche in questura\u00bb<\/strong>, accusa la moglie di Cassar\u00e0, dove il vice-capo della Mobile diffidava del capo (Ignazio D\u2019Antone, poi condannato per concorso esterno in associazione mafiosa) e di altri poliziotti di grido come Bruno Contrada (condannato anche lui). Per questo, dopo la sua morte, Laura non volle la camera ardente in questura, n\u00e9 esequie di Stato: \u00ab<strong><em>Meglio tenerlo a casa sua, con le persone che gli hanno voluto bene. Ho pensato che Ninni avrebbe fatto cos\u00ec\u00bb.<\/em><\/strong><\/p>\n<\/div>\n<div class=\"chapter\">\n<p class=\"chapter-paragraph\">&#8230;&#8230;&#8230;<\/p>\n<\/div>\n<div class=\"chapter\">\n<h5 class=\"chapter-title\">Burocrazia complice<\/h5>\n<p class=\"chapter-paragraph\">Precauzioni per salvare la famiglia dalla vendetta. L\u2019unica via di scampo per s\u00e9 sarebbe stata andarsene, ma non lo chiese: \u00abToccava ad altri proporlo, non gli hanno dato nemmeno la possibilit\u00e0 di dire no. A un certo momento si parl\u00f2 di un trasferimento a Genova, ma gli comunicarono che il posto era gi\u00e0 occupato. Pu\u00f2 essere una risposta sensata, se c\u2019\u00e8 la necessit\u00e0 di salvare una vita?\u00bb. La burocrazia a volte diventa complice degli assassini. Come l\u2019indifferenza denunciata proprio da Cassar\u00e0 all\u2019indomani dell\u2019omicidio Montana, quando si lament\u00f2 per lo scarso rilievo dato a quel fatto dai mezzi d\u2019informazione: <strong><em>\u00abSenza il sangue versato dai poliziotti, molti Soloni che si riempiono la bocca di grandi strategie antimafia non potrebbero pontificare&#8230; Ma purtroppo qui chi mostra di fare sul serio, prima o poi muore ammazzato\u00bb.<\/em> <\/strong>Lo disse una settimana prima che arrivasse il suo turno. Nel frattempo dovette attraversare un\u2019altra tempesta: la morte in questura di un sospetto basista dell\u2019omicidio Montana, Salvatore Marino, durante violenti interrogatori. Quando accadde, Cassar\u00e0 era fuori ufficio: <strong><em>\u00abMi consegn\u00f2 la copia di un verbale dal quale risultava che lui non c\u2019entrava, come una prova da conservare a futura memoria se lui non avesse potuto pi\u00f9 difendersi. Un altro segnale che sentiva la fine vicina\u00bb.<\/em><\/strong><\/p>\n<p class=\"chapter-paragraph\">I killer stavano gi\u00e0 preparando l\u2019agguato, appostandosi su tre piani del palazzo di fronte: <em>\u00abQualcuno li ha avvisati che stava tornando a casa, ma non pu\u00f2 essere stato chi ha visto uscire la sua macchina dall\u2019ufficio, perch\u00e9 quello accadeva di continuo. A casa invece non tornava da giorni. Avvis\u00f2 me pochi minuti prima, con quella telefonata\u00bb.<\/em> Di \u201ctalpe\u201d nell\u2019omicidio Cassar\u00e0 s\u2019\u00e8 sempre parlato, sebbene i pentiti non abbiano fatto nomi. Laura Cassar\u00e0 aveva 34 anni quando tutto precipit\u00f2, suo marito 38: <strong><em>\u00abEravamo giovani, forse troppo per le responsabilit\u00e0 che dovemmo affrontare. Ci \u00e8 stato chiesto tanto\u00bb<\/em><\/strong>.<\/p>\n<\/div>\n<div class=\"chapter\">\n<h5 class=\"chapter-title\">Qualcuno ha deciso<\/h5>\n<p class=\"chapter-paragraph\">Oggi sul pianerottolo dove cadde Cassar\u00e0 c\u2019\u00e8 un estintore; la targa che ricorda l\u2019eccidio \u00e8 stata messa nel cortile del condominio dopo vent\u2019anni; nel trentaquattresimo anniversario la questura di Palermo ha deciso per una stele sulla pubblica piazza, in modo che tutti possano leggere e ricordare. La moglie di Cassar\u00e0 \u00e8 una donna serena, che ha continuato a vivere con fatica, seguitando a insegnare inglese fino alla pensione e crescendo bene i tre figli che le hanno dato altrettanti bellissimi nipoti:<em><strong> \u00ab\u00c8 stato un percorso difficile e doloroso, che ci portiamo dentro, ma \u00e8 anche la nostra forza. Mi aspettavo un\u2019altra vita, poi qualcuno ha deciso che andasse diversamente. E non mi riferisco agli assassini, che sono un aspetto quasi marginale. Penso a chi doveva proteggerlo e non l\u2019ha fatto, a chi non ha capito che bisognava portarlo via, o non ha voluto farlo\u00bb. <\/strong><\/em><\/p>\n<p class=\"chapter-paragraph\">Lo fecero con Falcone e Borsellino, all\u2019indomani dell\u2019omicidio Cassar\u00e0: presi e deportati nel supercarcere abbandonato dell\u2019Asinara, dalla sera alla mattina, perch\u00e9 non c\u2019era altro luogo in cui garantirne la sicurezza mentre scrivevano il rinvio a giudizio del maxiprocesso: <strong><em>\u00abPoi nel 1992 hanno presentato il conto anche a loro, ed \u00e8 stato un altro momento terribile. Prima per\u00f2 hanno dovuto subire isolamenti e sconfitte. Non da parte della mafia, ma dello Stato. Com\u2019\u00e8 successo a Ninni Cassar\u00e0, mio marito\u00bb.<\/em><\/strong><\/p>\n<p><a href=\"http:\/\/www.rosanerosiamonoi.it\/palermocalcio\/2020\/08\/06\/35-anni-fa-ucciso-ninni-il-mio-compagno-di-scuola\/img-20200806-wa0004\/\" rel=\"attachment wp-att-12644\"><img decoding=\"async\" loading=\"lazy\" class=\"aligncenter wp-image-12644 size-shareaholic-thumbnail\" src=\"http:\/\/www.rosanerosiamonoi.it\/palermocalcio\/wp-content\/uploads\/2020\/08\/IMG-20200806-WA0004-640x480.jpg\" alt=\"\" width=\"640\" height=\"480\" srcset=\"http:\/\/www.rosanerosiamonoi.it\/palermocalcio\/wp-content\/uploads\/2020\/08\/IMG-20200806-WA0004-640x480.jpg 640w, http:\/\/www.rosanerosiamonoi.it\/palermocalcio\/wp-content\/uploads\/2020\/08\/IMG-20200806-WA0004-520x390.jpg 520w, http:\/\/www.rosanerosiamonoi.it\/palermocalcio\/wp-content\/uploads\/2020\/08\/IMG-20200806-WA0004-768x576.jpg 768w, http:\/\/www.rosanerosiamonoi.it\/palermocalcio\/wp-content\/uploads\/2020\/08\/IMG-20200806-WA0004-1024x768.jpg 1024w, http:\/\/www.rosanerosiamonoi.it\/palermocalcio\/wp-content\/uploads\/2020\/08\/IMG-20200806-WA0004.jpg 2048w\" sizes=\"(max-width: 640px) 100vw, 640px\" \/><\/a><\/p>\n<p>Questa mattina alle ore 9.00\u00a0.<strong>&#8220;IL GIORNO DELLA MEMORIA&#8221;\u00a0<\/strong>sotto una fitta pioggia battente si \u00e8 svolta la Cerimonia di commemorazione del Vice Questore della Squadra Mobile <strong>NINNI CASSARA<\/strong>&#8216; e dell&#8217;Agente <strong>ROBERTO ANTIOCHIA<\/strong>, impegnati con determinazione al contrasto alla criminalit\u00e0 organizzata , assassinati per mano mafiosa oggi 6 agosto 1985.<\/p>\n<p>Presso il Simulacro di Ricordo, in Piazza Giovanni Paolo II \u00e8 stata deposta una corona d&#8217;Alloro mentre nella CHIESA DEL SS SALVATORE \u00e8 stata celebrata la santa messa di Autorit\u00e0 Civili e Militari<\/p>\n<p style=\"text-align: center;\"><a href=\"http:\/\/www.rosanerosiamonoi.it\/palermocalcio\/2020\/08\/06\/35-anni-fa-ucciso-ninni-il-mio-compagno-di-scuola\/img-20200806-wa0003\/\" rel=\"attachment wp-att-12643\"><img decoding=\"async\" loading=\"lazy\" class=\"aligncenter wp-image-12643 size-shareaholic-thumbnail\" src=\"http:\/\/www.rosanerosiamonoi.it\/palermocalcio\/wp-content\/uploads\/2020\/08\/IMG-20200806-WA0003-640x480.jpg\" alt=\"\" width=\"640\" height=\"480\" srcset=\"http:\/\/www.rosanerosiamonoi.it\/palermocalcio\/wp-content\/uploads\/2020\/08\/IMG-20200806-WA0003-640x480.jpg 640w, http:\/\/www.rosanerosiamonoi.it\/palermocalcio\/wp-content\/uploads\/2020\/08\/IMG-20200806-WA0003-520x390.jpg 520w, http:\/\/www.rosanerosiamonoi.it\/palermocalcio\/wp-content\/uploads\/2020\/08\/IMG-20200806-WA0003-768x576.jpg 768w, http:\/\/www.rosanerosiamonoi.it\/palermocalcio\/wp-content\/uploads\/2020\/08\/IMG-20200806-WA0003-1024x768.jpg 1024w, http:\/\/www.rosanerosiamonoi.it\/palermocalcio\/wp-content\/uploads\/2020\/08\/IMG-20200806-WA0003.jpg 2048w\" sizes=\"(max-width: 640px) 100vw, 640px\" \/><\/a> <a href=\"http:\/\/www.rosanerosiamonoi.it\/palermocalcio\/2020\/08\/06\/35-anni-fa-ucciso-ninni-il-mio-compagno-di-scuola\/img-20200806-wa0005\/\" rel=\"attachment wp-att-12645\"><img decoding=\"async\" loading=\"lazy\" class=\"aligncenter wp-image-12645 size-shareaholic-thumbnail\" src=\"http:\/\/www.rosanerosiamonoi.it\/palermocalcio\/wp-content\/uploads\/2020\/08\/IMG-20200806-WA0005-640x480.jpg\" alt=\"\" width=\"640\" height=\"480\" srcset=\"http:\/\/www.rosanerosiamonoi.it\/palermocalcio\/wp-content\/uploads\/2020\/08\/IMG-20200806-WA0005-640x480.jpg 640w, http:\/\/www.rosanerosiamonoi.it\/palermocalcio\/wp-content\/uploads\/2020\/08\/IMG-20200806-WA0005-520x390.jpg 520w, http:\/\/www.rosanerosiamonoi.it\/palermocalcio\/wp-content\/uploads\/2020\/08\/IMG-20200806-WA0005-768x576.jpg 768w, http:\/\/www.rosanerosiamonoi.it\/palermocalcio\/wp-content\/uploads\/2020\/08\/IMG-20200806-WA0005-1024x768.jpg 1024w, http:\/\/www.rosanerosiamonoi.it\/palermocalcio\/wp-content\/uploads\/2020\/08\/IMG-20200806-WA0005.jpg 2048w\" sizes=\"(max-width: 640px) 100vw, 640px\" \/><\/a> <a href=\"http:\/\/www.rosanerosiamonoi.it\/palermocalcio\/2020\/08\/06\/35-anni-fa-ucciso-ninni-il-mio-compagno-di-scuola\/img-20200806-wa0006\/\" rel=\"attachment wp-att-12646\"><img decoding=\"async\" loading=\"lazy\" class=\"aligncenter wp-image-12646 size-shareaholic-thumbnail\" src=\"http:\/\/www.rosanerosiamonoi.it\/palermocalcio\/wp-content\/uploads\/2020\/08\/IMG-20200806-WA0006-640x480.jpg\" alt=\"\" width=\"640\" height=\"480\" srcset=\"http:\/\/www.rosanerosiamonoi.it\/palermocalcio\/wp-content\/uploads\/2020\/08\/IMG-20200806-WA0006-640x480.jpg 640w, http:\/\/www.rosanerosiamonoi.it\/palermocalcio\/wp-content\/uploads\/2020\/08\/IMG-20200806-WA0006-520x390.jpg 520w, http:\/\/www.rosanerosiamonoi.it\/palermocalcio\/wp-content\/uploads\/2020\/08\/IMG-20200806-WA0006-768x576.jpg 768w, http:\/\/www.rosanerosiamonoi.it\/palermocalcio\/wp-content\/uploads\/2020\/08\/IMG-20200806-WA0006-1024x768.jpg 1024w, http:\/\/www.rosanerosiamonoi.it\/palermocalcio\/wp-content\/uploads\/2020\/08\/IMG-20200806-WA0006.jpg 2048w\" sizes=\"(max-width: 640px) 100vw, 640px\" \/><\/a> <a href=\"http:\/\/www.rosanerosiamonoi.it\/palermocalcio\/2020\/08\/06\/35-anni-fa-ucciso-ninni-il-mio-compagno-di-scuola\/img-20200806-wa0008\/\" rel=\"attachment wp-att-12647\"><img decoding=\"async\" loading=\"lazy\" class=\"aligncenter wp-image-12647 size-shareaholic-thumbnail\" src=\"http:\/\/www.rosanerosiamonoi.it\/palermocalcio\/wp-content\/uploads\/2020\/08\/IMG-20200806-WA0008-640x480.jpg\" alt=\"\" width=\"640\" height=\"480\" srcset=\"http:\/\/www.rosanerosiamonoi.it\/palermocalcio\/wp-content\/uploads\/2020\/08\/IMG-20200806-WA0008-640x480.jpg 640w, http:\/\/www.rosanerosiamonoi.it\/palermocalcio\/wp-content\/uploads\/2020\/08\/IMG-20200806-WA0008-520x390.jpg 520w, http:\/\/www.rosanerosiamonoi.it\/palermocalcio\/wp-content\/uploads\/2020\/08\/IMG-20200806-WA0008-768x576.jpg 768w, http:\/\/www.rosanerosiamonoi.it\/palermocalcio\/wp-content\/uploads\/2020\/08\/IMG-20200806-WA0008-1024x768.jpg 1024w, http:\/\/www.rosanerosiamonoi.it\/palermocalcio\/wp-content\/uploads\/2020\/08\/IMG-20200806-WA0008.jpg 2048w\" sizes=\"(max-width: 640px) 100vw, 640px\" \/><\/a><\/p>\n<p style=\"text-align: center;\"><a href=\"http:\/\/www.rosanerosiamonoi.it\/palermocalcio\/2020\/08\/06\/35-anni-fa-ucciso-ninni-il-mio-compagno-di-scuola\/img-20200806-wa0009\/\" rel=\"attachment wp-att-12648\"><img decoding=\"async\" loading=\"lazy\" class=\"aligncenter wp-image-12648 size-shareaholic-thumbnail\" src=\"http:\/\/www.rosanerosiamonoi.it\/palermocalcio\/wp-content\/uploads\/2020\/08\/IMG-20200806-WA0009-640x480.jpg\" alt=\"\" width=\"640\" height=\"480\" srcset=\"http:\/\/www.rosanerosiamonoi.it\/palermocalcio\/wp-content\/uploads\/2020\/08\/IMG-20200806-WA0009-640x480.jpg 640w, http:\/\/www.rosanerosiamonoi.it\/palermocalcio\/wp-content\/uploads\/2020\/08\/IMG-20200806-WA0009-520x390.jpg 520w, http:\/\/www.rosanerosiamonoi.it\/palermocalcio\/wp-content\/uploads\/2020\/08\/IMG-20200806-WA0009-768x576.jpg 768w, http:\/\/www.rosanerosiamonoi.it\/palermocalcio\/wp-content\/uploads\/2020\/08\/IMG-20200806-WA0009-1024x768.jpg 1024w, http:\/\/www.rosanerosiamonoi.it\/palermocalcio\/wp-content\/uploads\/2020\/08\/IMG-20200806-WA0009.jpg 2048w\" sizes=\"(max-width: 640px) 100vw, 640px\" \/><\/a> <a href=\"http:\/\/www.rosanerosiamonoi.it\/palermocalcio\/2020\/08\/06\/35-anni-fa-ucciso-ninni-il-mio-compagno-di-scuola\/img-20200806-wa0010\/\" rel=\"attachment wp-att-12649\"><img decoding=\"async\" loading=\"lazy\" class=\"aligncenter wp-image-12649 size-shareaholic-thumbnail\" src=\"http:\/\/www.rosanerosiamonoi.it\/palermocalcio\/wp-content\/uploads\/2020\/08\/IMG-20200806-WA0010-640x480.jpg\" alt=\"\" width=\"640\" height=\"480\" srcset=\"http:\/\/www.rosanerosiamonoi.it\/palermocalcio\/wp-content\/uploads\/2020\/08\/IMG-20200806-WA0010-640x480.jpg 640w, http:\/\/www.rosanerosiamonoi.it\/palermocalcio\/wp-content\/uploads\/2020\/08\/IMG-20200806-WA0010-520x390.jpg 520w, http:\/\/www.rosanerosiamonoi.it\/palermocalcio\/wp-content\/uploads\/2020\/08\/IMG-20200806-WA0010-768x576.jpg 768w, http:\/\/www.rosanerosiamonoi.it\/palermocalcio\/wp-content\/uploads\/2020\/08\/IMG-20200806-WA0010-1024x768.jpg 1024w, http:\/\/www.rosanerosiamonoi.it\/palermocalcio\/wp-content\/uploads\/2020\/08\/IMG-20200806-WA0010.jpg 2048w\" sizes=\"(max-width: 640px) 100vw, 640px\" \/><\/a>PRESENTE LA RAPPRESENTANZA A.N.P.S. di Monreale CON LA BANDIERA.<\/p>\n<p>&nbsp;<\/p>\n<\/div>\n<\/div>\n<\/div>\n<\/article>\n<\/section>\n","protected":false},"excerpt":{"rendered":"<p>35 anni fa il 6 Agosto 1985 veniva barbaramente ucciso Ninni Cassar\u00e0 e con lui se ne \u00e8 andata una parte della mia vita da ragazzo passata insieme a lui da compagni di Scuola al Liceo Classico Garibaldi &#8230;. con una passione comune &#8230;. correre &#8230; sentire l&#8217;aria sul viso, fra i capelli e la [&hellip;]<\/p>\n","protected":false},"author":2,"featured_media":12643,"comment_status":"closed","ping_status":"open","sticky":false,"template":"","format":"standard","meta":[],"categories":[1],"tags":[],"_links":{"self":[{"href":"http:\/\/www.rosanerosiamonoi.it\/palermocalcio\/wp-json\/wp\/v2\/posts\/12633"}],"collection":[{"href":"http:\/\/www.rosanerosiamonoi.it\/palermocalcio\/wp-json\/wp\/v2\/posts"}],"about":[{"href":"http:\/\/www.rosanerosiamonoi.it\/palermocalcio\/wp-json\/wp\/v2\/types\/post"}],"author":[{"embeddable":true,"href":"http:\/\/www.rosanerosiamonoi.it\/palermocalcio\/wp-json\/wp\/v2\/users\/2"}],"replies":[{"embeddable":true,"href":"http:\/\/www.rosanerosiamonoi.it\/palermocalcio\/wp-json\/wp\/v2\/comments?post=12633"}],"version-history":[{"count":8,"href":"http:\/\/www.rosanerosiamonoi.it\/palermocalcio\/wp-json\/wp\/v2\/posts\/12633\/revisions"}],"predecessor-version":[{"id":12667,"href":"http:\/\/www.rosanerosiamonoi.it\/palermocalcio\/wp-json\/wp\/v2\/posts\/12633\/revisions\/12667"}],"wp:featuredmedia":[{"embeddable":true,"href":"http:\/\/www.rosanerosiamonoi.it\/palermocalcio\/wp-json\/wp\/v2\/media\/12643"}],"wp:attachment":[{"href":"http:\/\/www.rosanerosiamonoi.it\/palermocalcio\/wp-json\/wp\/v2\/media?parent=12633"}],"wp:term":[{"taxonomy":"category","embeddable":true,"href":"http:\/\/www.rosanerosiamonoi.it\/palermocalcio\/wp-json\/wp\/v2\/categories?post=12633"},{"taxonomy":"post_tag","embeddable":true,"href":"http:\/\/www.rosanerosiamonoi.it\/palermocalcio\/wp-json\/wp\/v2\/tags?post=12633"}],"curies":[{"name":"wp","href":"https:\/\/api.w.org\/{rel}","templated":true}]}}