{"id":12668,"date":"2020-08-14T11:53:13","date_gmt":"2020-08-14T09:53:13","guid":{"rendered":"http:\/\/www.rosanerosiamonoi.it\/palermocalcio\/?p=12668"},"modified":"2020-08-14T20:07:35","modified_gmt":"2020-08-14T18:07:35","slug":"grotta-giovane-portiere-al-licata","status":"publish","type":"post","link":"http:\/\/www.rosanerosiamonoi.it\/palermocalcio\/2020\/08\/14\/grotta-giovane-portiere-al-licata\/","title":{"rendered":"Grotta, giovane portiere al Licata"},"content":{"rendered":"<p><img decoding=\"async\" loading=\"lazy\" class=\"k_w en_0 M_A gg_1fx0Xo aligncenter\" src=\"https:\/\/apis.mail.yahoo.com\/ws\/v3\/mailboxes\/@.id==VjN-YsHqtl7ZD3QJUxyRn4SERLiePj0d0IzLhXFnpYxgo3-k3e_R2O9S0DeksJu7wOF_5awJJ674GWl4APKZ0ZSekA\/messages\/@.id==AKqCErweFG8rXzQi-QoxYG2_QKQ\/content\/parts\/@.id==2\/thumbnail?appId=YMailNorrinLaunch\" width=\"400\" height=\"823\" \/><\/p>\n<p>Il giovanissimo portiere Palermitano <strong>Giovanni Grotta<\/strong> (2004) altezza 1,96 sar\u00e0 aggregato al <strong>Licata<\/strong> e per lui potrebbe essere una buona esperienza in attesa come pare di andare a giocare in una societ\u00e0 di categoria superiore mentre \u00e8 stato richiamato dal <strong>Torino<\/strong> che gi\u00e0 lo aveva provinato ed avrebbe dovuto rivederlo ma poi a causa del coronavirus si era dovuto fermare tutto ed ora lo ha richiamato preannunciandogli una ulteriore prova nella capitale piemontese.<\/p>\n<p>Su di lui sembra ci sia anche il <strong>Catania<\/strong> che potrebbe prelevarlo gi\u00e0 in questa stagione dal Licata ed aggregarlo alla prima squadra.<\/p>\n<p>Naturalmente adesso \u00e8 tutto nelle mani di Giovanni che per\u00f2 siamo certi sapr\u00e0 confermare le cose buone messe in mostra e che dall&#8217;esperienza di preparatori di portieri di provata esperienza non potr\u00e0 che trarne vantaggio &#8230; personalmente un&#8217;occasione mancata del Palermo di ingaggiare un campioncino in pectore.<\/p>\n<p>La risposta adesso ce la dar\u00e0 il campo ! <strong><em>In bocca al lupo Giovanni !<\/em><\/strong><\/p>\n<p><a href=\"http:\/\/www.rosanerosiamonoi.it\/palermocalcio\/2020\/05\/09\/giovanni-grotta-giovane-portiere-nel-mirino-della-serie-a\/photo-2020-05-08-21-33-39-1\/\" rel=\"attachment wp-att-11534\"><img decoding=\"async\" loading=\"lazy\" class=\"aligncenter wp-image-11534\" src=\"http:\/\/www.rosanerosiamonoi.it\/palermocalcio\/wp-content\/uploads\/2020\/05\/PHOTO-2020-05-08-21-33-39-1-e1597398401251.jpg\" alt=\"\" width=\"500\" height=\"534\" srcset=\"http:\/\/www.rosanerosiamonoi.it\/palermocalcio\/wp-content\/uploads\/2020\/05\/PHOTO-2020-05-08-21-33-39-1-e1597398401251.jpg 1026w, http:\/\/www.rosanerosiamonoi.it\/palermocalcio\/wp-content\/uploads\/2020\/05\/PHOTO-2020-05-08-21-33-39-1-e1597398401251-487x520.jpg 487w, http:\/\/www.rosanerosiamonoi.it\/palermocalcio\/wp-content\/uploads\/2020\/05\/PHOTO-2020-05-08-21-33-39-1-e1597398401251-768x820.jpg 768w, http:\/\/www.rosanerosiamonoi.it\/palermocalcio\/wp-content\/uploads\/2020\/05\/PHOTO-2020-05-08-21-33-39-1-e1597398401251-959x1024.jpg 959w, http:\/\/www.rosanerosiamonoi.it\/palermocalcio\/wp-content\/uploads\/2020\/05\/PHOTO-2020-05-08-21-33-39-1-e1597398401251-1024x1093.jpg 1024w, http:\/\/www.rosanerosiamonoi.it\/palermocalcio\/wp-content\/uploads\/2020\/05\/PHOTO-2020-05-08-21-33-39-1-e1597398401251-640x683.jpg 640w\" sizes=\"(max-width: 500px) 100vw, 500px\" \/><\/a><\/p>\n<p style=\"text-align: center;\"><strong><em>(Giovanni Grotta)<\/em><\/strong><\/p>\n<p>&nbsp;<\/p>\n","protected":false},"excerpt":{"rendered":"<p>Il giovanissimo portiere Palermitano Giovanni Grotta (2004) altezza 1,96 sar\u00e0 aggregato al Licata e per lui potrebbe essere una buona esperienza in attesa come pare di andare a giocare in una societ\u00e0 di categoria superiore mentre \u00e8 stato richiamato dal Torino che gi\u00e0 lo aveva provinato ed avrebbe dovuto rivederlo ma poi a causa del [&hellip;]<\/p>\n","protected":false},"author":2,"featured_media":11536,"comment_status":"closed","ping_status":"open","sticky":false,"template":"","format":"standard","meta":[],"categories":[1],"tags":[693,2648,2649,2650],"_links":{"self":[{"href":"http:\/\/www.rosanerosiamonoi.it\/palermocalcio\/wp-json\/wp\/v2\/posts\/12668"}],"collection":[{"href":"http:\/\/www.rosanerosiamonoi.it\/palermocalcio\/wp-json\/wp\/v2\/posts"}],"about":[{"href":"http:\/\/www.rosanerosiamonoi.it\/palermocalcio\/wp-json\/wp\/v2\/types\/post"}],"author":[{"embeddable":true,"href":"http:\/\/www.rosanerosiamonoi.it\/palermocalcio\/wp-json\/wp\/v2\/users\/2"}],"replies":[{"embeddable":true,"href":"http:\/\/www.rosanerosiamonoi.it\/palermocalcio\/wp-json\/wp\/v2\/comments?post=12668"}],"version-history":[{"count":4,"href":"http:\/\/www.rosanerosiamonoi.it\/palermocalcio\/wp-json\/wp\/v2\/posts\/12668\/revisions"}],"predecessor-version":[{"id":12673,"href":"http:\/\/www.rosanerosiamonoi.it\/palermocalcio\/wp-json\/wp\/v2\/posts\/12668\/revisions\/12673"}],"wp:featuredmedia":[{"embeddable":true,"href":"http:\/\/www.rosanerosiamonoi.it\/palermocalcio\/wp-json\/wp\/v2\/media\/11536"}],"wp:attachment":[{"href":"http:\/\/www.rosanerosiamonoi.it\/palermocalcio\/wp-json\/wp\/v2\/media?parent=12668"}],"wp:term":[{"taxonomy":"category","embeddable":true,"href":"http:\/\/www.rosanerosiamonoi.it\/palermocalcio\/wp-json\/wp\/v2\/categories?post=12668"},{"taxonomy":"post_tag","embeddable":true,"href":"http:\/\/www.rosanerosiamonoi.it\/palermocalcio\/wp-json\/wp\/v2\/tags?post=12668"}],"curies":[{"name":"wp","href":"https:\/\/api.w.org\/{rel}","templated":true}]}}