{"id":12721,"date":"2020-08-27T11:22:00","date_gmt":"2020-08-27T09:22:00","guid":{"rendered":"http:\/\/www.rosanerosiamonoi.it\/palermocalcio\/?p=12721"},"modified":"2020-08-27T11:22:02","modified_gmt":"2020-08-27T09:22:02","slug":"figh-pagaria-verso-la-rinconferma-in-sicilia","status":"publish","type":"post","link":"http:\/\/www.rosanerosiamonoi.it\/palermocalcio\/2020\/08\/27\/figh-pagaria-verso-la-rinconferma-in-sicilia\/","title":{"rendered":"FIGH Pagaria verso la rinconferma in Sicilia"},"content":{"rendered":"<p><a href=\"http:\/\/www.rosanerosiamonoi.it\/palermocalcio\/2020\/08\/27\/figh-pagaria-verso-la-rinconferma-in-sicilia\/figh-logo\/\" rel=\"attachment wp-att-12724\"><img decoding=\"async\" loading=\"lazy\" class=\"aligncenter size-full wp-image-12724\" src=\"http:\/\/www.rosanerosiamonoi.it\/palermocalcio\/wp-content\/uploads\/2020\/08\/figh-logo.png\" alt=\"\" width=\"310\" height=\"163\" \/><\/a><\/p>\n<p>Chiuse le candidature per il rinnovo del <strong>Consiglio Regionale della FIGH Sicilia<\/strong> in previsione dell\u2019<strong>Assemblea Elettiva Ordinaria<\/strong> relativamente al quadriennio 2020\/21-2023\/24 che si terr\u00e0 il <strong>4 ottobre 2020<\/strong>.<br \/>\nPer la presidenza il candidato sar\u00e0 unico, l\u2019uscente <strong>Sandro Pagaria<\/strong>.<\/p>\n<p><a href=\"http:\/\/www.rosanerosiamonoi.it\/palermocalcio\/2020\/08\/27\/figh-pagaria-verso-la-rinconferma-in-sicilia\/figh-consiglio-regionale-siciliana\/\" rel=\"attachment wp-att-12722\"><img decoding=\"async\" loading=\"lazy\" class=\"aligncenter size-full wp-image-12722\" src=\"http:\/\/www.rosanerosiamonoi.it\/palermocalcio\/wp-content\/uploads\/2020\/08\/Figh-consiglio-regionale-siciliana.jpg\" alt=\"\" width=\"299\" height=\"168\" \/><\/a><\/p>\n<p>Per quanto riguarda i candidati consiglieri sono pervenute le candidature di <strong>Rosario Cappello, Michele Ciambra, Aldo Fina e Alessandro Iannazzo.\u00a0<\/strong>I Consiglieri Regionali eleggibili per Statuto Federale sono quattro cos\u00ec come le candidature, che, a sua volta, in questo caso, coincidono con gli uscenti.<\/p>\n<p><a href=\"http:\/\/www.rosanerosiamonoi.it\/palermocalcio\/2020\/08\/27\/figh-pagaria-verso-la-rinconferma-in-sicilia\/sandro-pagaria-a-roma\/\" rel=\"attachment wp-att-12723\"><img decoding=\"async\" loading=\"lazy\" class=\"aligncenter size-full wp-image-12723\" src=\"http:\/\/www.rosanerosiamonoi.it\/palermocalcio\/wp-content\/uploads\/2020\/08\/sandro-pagaria-a-Roma.jpg\" alt=\"\" width=\"300\" height=\"168\" \/><\/a><br \/>\n\u201c<em>Grande prova di coesione del movimento della pallamano siciliana<\/em>, \u2013 afferma il Presidente Regionale <strong>Sandro Pagaria<\/strong> alla chiusura delle candidature \u2013 <em>avere appreso che alla scadenza delle candidature, le richieste pervenute coincidono con quelle dei componenti del Consiglio Regionale uscente, mi inorgoglisce molto. Dopo anni di divisioni oggi tutta la pallamano siciliana si stringe ad un progetto unitario. Questo per noi deve essere uno stimolo importante<\/em> \u2013 continua <strong>Sandro Pagaria<\/strong> \u2013 <em>e una presa d\u2019atto della grande responsabilit\u00e0 che le Societ\u00e0 siciliane ci riconsegnano. Il Consiglio Regionale operer\u00e0 in continuit\u00e0 con la stessa logica collettiva che ha messo in campo in questi 2 anni e mezzo, cercando di fare sempre meglio e correggere gli eventuali errori che commettono coloro che fanno.\u201d<\/em><\/p>\n","protected":false},"excerpt":{"rendered":"<p>Chiuse le candidature per il rinnovo del Consiglio Regionale della FIGH Sicilia in previsione dell\u2019Assemblea Elettiva Ordinaria relativamente al quadriennio 2020\/21-2023\/24 che si terr\u00e0 il 4 ottobre 2020. Per la presidenza il candidato sar\u00e0 unico, l\u2019uscente Sandro Pagaria. Per quanto riguarda i candidati consiglieri sono pervenute le candidature di Rosario Cappello, Michele Ciambra, Aldo Fina [&hellip;]<\/p>\n","protected":false},"author":2,"featured_media":12725,"comment_status":"closed","ping_status":"open","sticky":false,"template":"","format":"standard","meta":[],"categories":[1],"tags":[2700,2701,2697,225,2696,1117,2699,2698,1118],"_links":{"self":[{"href":"http:\/\/www.rosanerosiamonoi.it\/palermocalcio\/wp-json\/wp\/v2\/posts\/12721"}],"collection":[{"href":"http:\/\/www.rosanerosiamonoi.it\/palermocalcio\/wp-json\/wp\/v2\/posts"}],"about":[{"href":"http:\/\/www.rosanerosiamonoi.it\/palermocalcio\/wp-json\/wp\/v2\/types\/post"}],"author":[{"embeddable":true,"href":"http:\/\/www.rosanerosiamonoi.it\/palermocalcio\/wp-json\/wp\/v2\/users\/2"}],"replies":[{"embeddable":true,"href":"http:\/\/www.rosanerosiamonoi.it\/palermocalcio\/wp-json\/wp\/v2\/comments?post=12721"}],"version-history":[{"count":2,"href":"http:\/\/www.rosanerosiamonoi.it\/palermocalcio\/wp-json\/wp\/v2\/posts\/12721\/revisions"}],"predecessor-version":[{"id":12727,"href":"http:\/\/www.rosanerosiamonoi.it\/palermocalcio\/wp-json\/wp\/v2\/posts\/12721\/revisions\/12727"}],"wp:featuredmedia":[{"embeddable":true,"href":"http:\/\/www.rosanerosiamonoi.it\/palermocalcio\/wp-json\/wp\/v2\/media\/12725"}],"wp:attachment":[{"href":"http:\/\/www.rosanerosiamonoi.it\/palermocalcio\/wp-json\/wp\/v2\/media?parent=12721"}],"wp:term":[{"taxonomy":"category","embeddable":true,"href":"http:\/\/www.rosanerosiamonoi.it\/palermocalcio\/wp-json\/wp\/v2\/categories?post=12721"},{"taxonomy":"post_tag","embeddable":true,"href":"http:\/\/www.rosanerosiamonoi.it\/palermocalcio\/wp-json\/wp\/v2\/tags?post=12721"}],"curies":[{"name":"wp","href":"https:\/\/api.w.org\/{rel}","templated":true}]}}