{"id":13505,"date":"2021-05-18T19:16:30","date_gmt":"2021-05-18T17:16:30","guid":{"rendered":"http:\/\/www.rosanerosiamonoi.it\/palermocalcio\/?p=13505"},"modified":"2021-05-18T19:26:34","modified_gmt":"2021-05-18T17:26:34","slug":"aida-satta-flores-dona-dvd-a-detenuti-e-studenti-siciliani","status":"publish","type":"post","link":"http:\/\/www.rosanerosiamonoi.it\/palermocalcio\/2021\/05\/18\/aida-satta-flores-dona-dvd-a-detenuti-e-studenti-siciliani\/","title":{"rendered":"Aida Satta Flores dona DVD a detenuti e studenti siciliani"},"content":{"rendered":"<p align=\"center\"><a href=\"http:\/\/www.rosanerosiamonoi.it\/palermocalcio\/2021\/05\/18\/aida-satta-flores-dona-dvd-a-detenuti-e-studenti-siciliani\/copertina-distanti-2\/\" rel=\"attachment wp-att-13507\"><img decoding=\"async\" loading=\"lazy\" class=\"aligncenter wp-image-13507\" src=\"http:\/\/www.rosanerosiamonoi.it\/palermocalcio\/wp-content\/uploads\/2021\/05\/Copertina-dIstanti-1.jpg\" alt=\"\" width=\"678\" height=\"355\" srcset=\"http:\/\/www.rosanerosiamonoi.it\/palermocalcio\/wp-content\/uploads\/2021\/05\/Copertina-dIstanti-1.jpg 1920w, http:\/\/www.rosanerosiamonoi.it\/palermocalcio\/wp-content\/uploads\/2021\/05\/Copertina-dIstanti-1-520x272.jpg 520w, http:\/\/www.rosanerosiamonoi.it\/palermocalcio\/wp-content\/uploads\/2021\/05\/Copertina-dIstanti-1-768x402.jpg 768w, http:\/\/www.rosanerosiamonoi.it\/palermocalcio\/wp-content\/uploads\/2021\/05\/Copertina-dIstanti-1-1024x536.jpg 1024w, http:\/\/www.rosanerosiamonoi.it\/palermocalcio\/wp-content\/uploads\/2021\/05\/Copertina-dIstanti-1-640x335.jpg 640w\" sizes=\"(max-width: 678px) 100vw, 678px\" \/><\/a><\/p>\n<p class=\"yiv9165144816MsoNormal\" align=\"center\"><b>AIDA SATTA FLORES decide di donare, senza monetizzazioni, agli studenti e ai detenuti Siciliani\u00a0<\/b><b>il DVD \u201cd\u2019ISTANTI\u201d: un filmato di 83 minuti, di musica e riflessioni.<\/b><\/p>\n<p class=\"yiv9165144816MsoNormal\" align=\"center\"><b>Conferenza-stampa streaming, gioved\u00ec\u00a0 20 maggio 2021 alle ore 11, da<\/b>lla sede dell\u2019Assessorato regionale all\u2019 Istruzione.<\/p>\n<p class=\"yiv9165144816MsoNormal\" align=\"center\">La diretta\u00a0<a rel=\"nofollow noopener noreferrer\" name=\"m_-7475339310051954980__Hlk72105020\"><\/a>sulla pagina ufficiale Facebook dell\u2019artista\u00a0\u00a0<a href=\"https:\/\/www.facebook.com\/unavitapiusemplice\" target=\"_blank\" rel=\"nofollow noopener noreferrer\">https:\/\/www.facebook.com\/unavitapiusemplice<\/a><\/p>\n<p class=\"yiv9165144816MsoNormal\">S\u2019intitola<b><i>\u00a0\u201c\u2018d\u2019Istanti\u2019<\/i><\/b>\u00a0il nuovo lavoro artistico di Aida Satta Flores, nato nel 2020, al tempo della pandemia, il futuro progetto discografico di inediti che l\u2019artista siciliana ha iniziato a registrare direttamente nei live, senza passare dalle intermediazioni e post-produzioni degli studi di registrazioni.\u00a0\u00a0<b>Un progetto per nulla semplice<\/b>, ma neanche consueto, cos\u00ec come del resto ci ha abituati nel corso della sua intensa carriera la Satta Flores che, in attesa che i palcoscenici tornino a essere calpestati dagli artisti, ha regalato al pubblico una serie di momenti altrettanto emozionanti,\u00a0<b>step di un percorso<\/b>\u00a0il cui primo vagito \u00e8 stato il 21 settembre 2020 al Teatro Greco di Tindari, mentre il secondo il 28 dicembre scorso alla Cattedrale di Palermo.<\/p>\n<p class=\"yiv9165144816MsoNormal\"><b>Alle 11 di gioved\u00ec 20 maggio<\/b>, invece, la terza tappa di questo viaggio, questa volta ancora pi\u00f9 pregnante di significato dal momento che, nella sede dell\u2019assessorato Regionale all\u2019Istruzione, alla presenza dell\u2019assessore\u00a0<b>Roberto Lagalla<\/b>, sar\u00e0 presentato il Dvd che,\u00a0<b>grazie al sostegno di F.S.E., \u00a0dell\u2019A.R.S<\/b>. e\u00a0<b>dell\u2019Assessorato Regionale Turismo, Sport e Spettacolo<\/b>, verr\u00e0 donato a studenti e detenuti siciliani.<\/p>\n<p class=\"yiv9165144816MsoNormal\">Saranno presenti, oltre alla stessa\u00a0<b>Aida Satta Flores<\/b>, anche il prof.\u00a0<b>Salvatore Lo Bue<\/b>, docente di Storia della Poesia presso il Dipartimento di Psicologia, Pedagogia e Formazione; il Maestro\u00a0<b>Ignazio Garsia<\/b>, presidente della Fondazione Brass Group;\u00a0<b>Antonella Macaluso<\/b>, presidente dell\u2019associazione \u201cUn Nuovo Giorno\u201d.<\/p>\n<p class=\"yiv9165144816MsoNormal\">La presentazione si potr\u00e0 seguire collegandosi alla pagina ufficiale Facebook dell\u2019artista\u00a0\u00a0<a href=\"https:\/\/www.facebook.com\/unavitapiusemplice\" target=\"_blank\" rel=\"nofollow noopener noreferrer\">https:\/\/www.facebook.com\/unavitapiusemplice<\/a>.<\/p>\n<p class=\"yiv9165144816MsoNormal\"><b>Un filmato di 83 minuti<\/b>, quello di cui si parler\u00e0 e che sar\u00e0 anche proiettato, diviso in 3 capitoli dedicati a nostra signora Terra, a capitan Mare e a santo Cielo; un mix delle registrazioni audio-video delle sole 2 repliche che la pandemia permise di realizzare nel 2020, con nuove riflessioni letterarie che Aida Satta Flores ha scritto su musiche di\u00a0<b>Marco Betta<\/b>,\u00a0<b>Leonardo Bruno, Radiodervish e Giovanni Sollima<\/b>, con nuovi testi affidati alle voci narranti di Stefania Blandeburgo e Rori Quattrocchi.<\/p>\n<p class=\"yiv9165144816MsoNormal\"><em>\u00ab<\/em><i>Mi piace ricordare\u00a0<\/i>\u2013 spiega la Satta Flores<i>\u00a0\u2013 che, grazie a un semplice apostrofo, siamo riusciti ad abbattere la \u201cdistanza\u201d a cui ci ha costretti la pandemia. Ecco, quindi, che\u00a0<\/i><b><i>\u201cd\u2019Istanti<\/i><\/b><i>\u201d va a segnare l\u2019importanza del tempo, di ogni\u00a0<b>Istante di Vita<\/b>, sottolineando il distanziamento sociale cui tutti siamo stati e siamo ancora richiamati a osservare per l\u2019emergenza sanitaria causa coronavirus.\u00a0<b>Un apostrofo di Luce cui tende Aida<\/b>: q<\/i><i>uando gli artisti diventano faro e antenna. Quando l\u2019isolamento fisico allarga gli orizzonti dello Spirito. Quando vuoi \u201cgiocare\u201d e donare, senza alcuna meta commerciale, seguendo la tua cometa<\/i><em>\u00bb.<\/em><\/p>\n<p class=\"yiv9165144816MsoNormal\"><b>Aida Satta Flores<\/b>\u00a0ha, inoltre, pensato al nuovo progetto, non solo musicale, con l\u2019intento di ricalcare l\u2019originale\u00a0<b>operazione musicale dell\u2019\u201d<i>Aida Banda Flores<\/i>\u201d<\/b>\u00a0che, dal 2005 al 2010, vide la cantautrice in giro per l\u2019Italia, con tantissimi concerti in cui l\u2019artista cantava i propri inediti, in compagnia delle bande, registrandoli e pubblicando l\u2019omonimo pluripremiato album-live di inediti.<\/p>\n<p class=\"yiv9165144816MsoNormal\"><em>\u00ab<\/em><i>Devo, inoltre, ringraziare F.S.E. \u2013\u00a0<\/i>aggiunge l\u2019artista siciliana<i>\u00a0&#8211; che ci ha permesso tale significativa\u00a0<b>operazione di sprone e conforto nei confronti di chi l\u2019isolamento l\u2019ha vissuto<\/b>\u00a0e lo sta vivendo con maggiore \u2018tristezza<\/i><em>\u00bb.<\/em><\/p>\n<p class=\"yiv9165144816MsoNormal\"><em>Il sogno di Aida \u00e8\u00a0<\/em>quello di trasformare questo periodo di limitazioni e isolamenti in un tempo della riflessione, alla riscoperta del proprio \u2018giardino fertile\u2019, di quello Spirito unico che l\u2019umanit\u00e0 ha scordato<em>. Cos\u00ec come canta in\u00a0<b>\u2018Senza voce<\/b>\u201d, il primo singolo diffuso dai tetti della Cattedrale di Palermo\u00a0<\/em><a href=\"https:\/\/www.youtube.com\/watch?v=kbFbw35fc9I&amp;t=21s&amp;ab_channel=AidaSattaFlores\" target=\"_blank\" rel=\"nofollow noopener noreferrer\">https:\/\/www.youtube.com\/watch?v=kbFbw35fc9I&amp;t=21s&amp;ab_channel=AidaSattaFlores<\/a><em>.<\/em><\/p>\n<p class=\"yiv9165144816MsoNormal\">Va anche detto che \u00e8, grazie alla collaborazione con i laboratori dell\u2019organizzazione \u201cUn Nuovo Giorno Onlus\u201d, che sono state realizzate anche le\u00a0<b>edizioni limitate di packaging speciali del DVD<\/b>: con mani, forbici e sudore i detenuti, gli ex-detenuti, i semi liberi, su indicazione di Aida, hanno tagliato, cucito e ricamato delle\u00a0<i>\u201cbuste di<\/i>\u00a0<i>stoffa<\/i>\u201d, utilizzando materiale di riciclo, stoffe pregiate, velluti, sete, cotoni, tutte diverse una dall\u2019altra, all\u2019esterno, ma foderate dell\u2019identico lenzuolo bianco, a simboleggiare\u00a0<b>la bellezza delle differenze della nostra umanit\u00e0<\/b>\u00a0sotto l\u2019unica luce d\u2019un unico Spirito. A impreziosire le originali confezioni, i bottoni in ceramica grezza realizzati nei forni delle Ceramiche Nino Parrucca, e i francobolli ricamati a punto croce da Ivana De Simone.<\/p>\n<p class=\"yiv9165144816MsoNormal\">I packaging\u00a0<b>Limited Edition<\/b>\u00a0potranno essere di chi vorr\u00e0 sposare il progetto tramite una raccolta fondi che si potr\u00e0 seguire, insieme ad altre news, curiosit\u00e0 e dettagli, sulla pagina Facebook dell\u2019evento\u00a0\u00a0\u00a0<a href=\"https:\/\/www.facebook.com\/events\/1168298640259007\" target=\"_blank\" rel=\"nofollow noopener noreferrer\">https:\/\/www.facebook.com\/events\/1168298640259007<\/a>\u00a0e sui social di Aida Satta Flores.<\/p>\n<p class=\"yiv9165144816MsoNormal\">A chi decider\u00e0 di sostenere i laboratori della Onlus verr\u00e0 omaggiato il DVD, contenuto nella \u201c<i>borsetta di stoffa\u201d.<\/i><\/p>\n<p class=\"yiv9165144816MsoNormal\"><em>\u00ab<\/em>Del resto \u2013 conclude Aida Satta Flores &#8211; le\u00a0<b>lettere all\u2019umanit\u00e0 da nostra signora Terra, capitan Cielo, e santo Cielo<\/b>, in qualche modo bisognava pur spedirle. Senza monetizzazioni commerciali. Con materiali riciclati. Per trasformare anche la stanzetta pi\u00f9 buia nella Cattedrale del proprio Spirito. Libero. Amato<em>\u00bb.<\/em><\/p>\n<p class=\"yiv9165144816MsoNormal\">Palermo, 17 Maggio 2021<\/p>\n<div class=\"yiv9165144816gmail_chip yiv9165144816gmail_drive_chip\"><\/div>\n<div class=\"yiv9165144816gmail_chip yiv9165144816gmail_drive_chip\"><a href=\"https:\/\/drive.google.com\/file\/d\/16orfSIHhthxe5aFqP1Hz-6nkyY29Gf_9\/view?usp=drive_web\" target=\"_blank\" rel=\"nofollow noopener noreferrer\"><img decoding=\"async\" src=\"https:\/\/ecp.yusercontent.com\/mail?url=https%3A%2F%2Fssl.gstatic.com%2Fdocs%2Fdoclist%2Fimages%2Ficon_10_generic_list.png&amp;t=1621357183&amp;ymreqid=d9b2790e-63a8-ffea-1c57-9b000201ff00&amp;sig=odCjlCW3t7cOVoELwY9OQg--~D\" \/>\u00a0<span dir=\"ltr\">i segreti del mare.mp4<\/span><\/a><\/div>\n<div class=\"yiv9165144816gmail_chip yiv9165144816gmail_drive_chip\"><a href=\"https:\/\/drive.google.com\/file\/d\/1RDnQK4tObq0UaQR99dVkK5vpRHblo8mE\/view?usp=drive_web\" target=\"_blank\" rel=\"nofollow noopener noreferrer\"><img decoding=\"async\" src=\"https:\/\/ecp.yusercontent.com\/mail?url=https%3A%2F%2Fssl.gstatic.com%2Fdocs%2Fdoclist%2Fimages%2Ficon_10_generic_list.png&amp;t=1621357183&amp;ymreqid=d9b2790e-63a8-ffea-1c57-9b000201ff00&amp;sig=odCjlCW3t7cOVoELwY9OQg--~D\" \/>\u00a0<span dir=\"ltr\">4-5 istantanee.jpg<\/span><\/a><\/div>\n<div class=\"yiv9165144816gmail_chip yiv9165144816gmail_drive_chip\"><a href=\"https:\/\/drive.google.com\/file\/d\/1dBWs8eIjSLftKjSFyq2JQ1nu19S5qs7R\/view?usp=drive_web\" target=\"_blank\" rel=\"nofollow noopener noreferrer\"><img decoding=\"async\" src=\"https:\/\/ecp.yusercontent.com\/mail?url=https%3A%2F%2Fssl.gstatic.com%2Fdocs%2Fdoclist%2Fimages%2Ficon_10_generic_list.png&amp;t=1621357183&amp;ymreqid=d9b2790e-63a8-ffea-1c57-9b000201ff00&amp;sig=odCjlCW3t7cOVoELwY9OQg--~D\" \/>\u00a0<span dir=\"ltr\">Aida Satta Flores e il Maestro Valter Sivilotti&#8230;<\/span><\/a><\/div>\n<div class=\"yiv9165144816gmail_chip yiv9165144816gmail_drive_chip\"><a href=\"https:\/\/drive.google.com\/file\/d\/1y_WxDM93ccndu6zf9846twtSzMREvv8q\/view?usp=drive_web\" target=\"_blank\" rel=\"nofollow noopener noreferrer\"><img decoding=\"async\" src=\"https:\/\/ecp.yusercontent.com\/mail?url=https%3A%2F%2Fssl.gstatic.com%2Fdocs%2Fdoclist%2Fimages%2Ficon_10_generic_list.png&amp;t=1621357183&amp;ymreqid=d9b2790e-63a8-ffea-1c57-9b000201ff00&amp;sig=odCjlCW3t7cOVoELwY9OQg--~D\" \/>\u00a0<span dir=\"ltr\">Copertina &#8216;d&#8217;Istanti&#8217;.jpg<\/span><\/a><\/div>\n<div class=\"yiv9165144816gmail_chip yiv9165144816gmail_drive_chip\"><a href=\"https:\/\/drive.google.com\/file\/d\/1AeTMTS3OIucLo0xhdPfnyEKeAs1MCfED\/view?usp=drive_web\" target=\"_blank\" rel=\"nofollow noopener noreferrer\"><img decoding=\"async\" src=\"https:\/\/ecp.yusercontent.com\/mail?url=https%3A%2F%2Fssl.gstatic.com%2Fdocs%2Fdoclist%2Fimages%2Ficon_10_generic_list.png&amp;t=1621357183&amp;ymreqid=d9b2790e-63a8-ffea-1c57-9b000201ff00&amp;sig=odCjlCW3t7cOVoELwY9OQg--~D\" \/>\u00a0<span dir=\"ltr\">Dvd.jpg<\/span><\/a><\/div>\n","protected":false},"excerpt":{"rendered":"<p>AIDA SATTA FLORES decide di donare, senza monetizzazioni, agli studenti e ai detenuti Siciliani\u00a0il DVD \u201cd\u2019ISTANTI\u201d: un filmato di 83 minuti, di musica e riflessioni. Conferenza-stampa streaming, gioved\u00ec\u00a0 20 maggio 2021 alle ore 11, dalla sede dell\u2019Assessorato regionale all\u2019 Istruzione. La diretta\u00a0sulla pagina ufficiale Facebook dell\u2019artista\u00a0\u00a0https:\/\/www.facebook.com\/unavitapiusemplice S\u2019intitola\u00a0\u201c\u2018d\u2019Istanti\u2019\u00a0il nuovo lavoro artistico di Aida Satta Flores, nato [&hellip;]<\/p>\n","protected":false},"author":2,"featured_media":13506,"comment_status":"closed","ping_status":"open","sticky":false,"template":"","format":"standard","meta":[],"categories":[1332,43,10,1,29],"tags":[1346,3066,3064,3070,3068,3067,3065,3069],"_links":{"self":[{"href":"http:\/\/www.rosanerosiamonoi.it\/palermocalcio\/wp-json\/wp\/v2\/posts\/13505"}],"collection":[{"href":"http:\/\/www.rosanerosiamonoi.it\/palermocalcio\/wp-json\/wp\/v2\/posts"}],"about":[{"href":"http:\/\/www.rosanerosiamonoi.it\/palermocalcio\/wp-json\/wp\/v2\/types\/post"}],"author":[{"embeddable":true,"href":"http:\/\/www.rosanerosiamonoi.it\/palermocalcio\/wp-json\/wp\/v2\/users\/2"}],"replies":[{"embeddable":true,"href":"http:\/\/www.rosanerosiamonoi.it\/palermocalcio\/wp-json\/wp\/v2\/comments?post=13505"}],"version-history":[{"count":3,"href":"http:\/\/www.rosanerosiamonoi.it\/palermocalcio\/wp-json\/wp\/v2\/posts\/13505\/revisions"}],"predecessor-version":[{"id":13510,"href":"http:\/\/www.rosanerosiamonoi.it\/palermocalcio\/wp-json\/wp\/v2\/posts\/13505\/revisions\/13510"}],"wp:featuredmedia":[{"embeddable":true,"href":"http:\/\/www.rosanerosiamonoi.it\/palermocalcio\/wp-json\/wp\/v2\/media\/13506"}],"wp:attachment":[{"href":"http:\/\/www.rosanerosiamonoi.it\/palermocalcio\/wp-json\/wp\/v2\/media?parent=13505"}],"wp:term":[{"taxonomy":"category","embeddable":true,"href":"http:\/\/www.rosanerosiamonoi.it\/palermocalcio\/wp-json\/wp\/v2\/categories?post=13505"},{"taxonomy":"post_tag","embeddable":true,"href":"http:\/\/www.rosanerosiamonoi.it\/palermocalcio\/wp-json\/wp\/v2\/tags?post=13505"}],"curies":[{"name":"wp","href":"https:\/\/api.w.org\/{rel}","templated":true}]}}