{"id":13668,"date":"2021-07-21T20:18:06","date_gmt":"2021-07-21T18:18:06","guid":{"rendered":"http:\/\/www.rosanerosiamonoi.it\/palermocalcio\/?p=13668"},"modified":"2021-07-21T20:20:50","modified_gmt":"2021-07-21T18:20:50","slug":"terrasini-fashion-night-conduce-nathaly-caldonazzo","status":"publish","type":"post","link":"http:\/\/www.rosanerosiamonoi.it\/palermocalcio\/2021\/07\/21\/terrasini-fashion-night-conduce-nathaly-caldonazzo\/","title":{"rendered":"Terrasini Fashion Night, conduce Nathaly Caldonazzo (VIDEO)"},"content":{"rendered":"<h3><a href=\"http:\/\/www.rosanerosiamonoi.it\/palermocalcio\/2021\/07\/21\/terrasini-fashion-night-conduce-nathaly-caldonazzo\/terrasini-moda-1\/\" rel=\"attachment wp-att-13669\"><img decoding=\"async\" loading=\"lazy\" class=\"aligncenter wp-image-13669\" src=\"http:\/\/www.rosanerosiamonoi.it\/palermocalcio\/wp-content\/uploads\/2021\/07\/terrasini-moda-1.jpg\" alt=\"\" width=\"400\" height=\"277\" srcset=\"http:\/\/www.rosanerosiamonoi.it\/palermocalcio\/wp-content\/uploads\/2021\/07\/terrasini-moda-1.jpg 1280w, http:\/\/www.rosanerosiamonoi.it\/palermocalcio\/wp-content\/uploads\/2021\/07\/terrasini-moda-1-520x360.jpg 520w, http:\/\/www.rosanerosiamonoi.it\/palermocalcio\/wp-content\/uploads\/2021\/07\/terrasini-moda-1-768x532.jpg 768w, http:\/\/www.rosanerosiamonoi.it\/palermocalcio\/wp-content\/uploads\/2021\/07\/terrasini-moda-1-1024x710.jpg 1024w, http:\/\/www.rosanerosiamonoi.it\/palermocalcio\/wp-content\/uploads\/2021\/07\/terrasini-moda-1-640x444.jpg 640w\" sizes=\"(max-width: 400px) 100vw, 400px\" \/><\/a><\/h3>\n<h3 style=\"text-align: center;\"><strong>Cast dei Cento Passi e vecchie glorie della passerella per la Terrasini Fashion Night, condotta da Nathaly Caldonazzo<\/strong><\/h3>\n<p style=\"text-align: center;\"><em>Rosi De Simone Eventi, insieme al Comune di Terrasini, firma una serata di moda e premi a personalit\u00e0 della moda e della cultura<\/em><\/p>\n<p><a href=\"http:\/\/www.rosanerosiamonoi.it\/palermocalcio\/2021\/07\/21\/terrasini-fashion-night-conduce-nathaly-caldonazzo\/terasini-moda\/\" rel=\"attachment wp-att-13670\"><img decoding=\"async\" loading=\"lazy\" class=\"aligncenter wp-image-13670\" src=\"http:\/\/www.rosanerosiamonoi.it\/palermocalcio\/wp-content\/uploads\/2021\/07\/terasini-moda.jpg\" alt=\"\" width=\"400\" height=\"277\" srcset=\"http:\/\/www.rosanerosiamonoi.it\/palermocalcio\/wp-content\/uploads\/2021\/07\/terasini-moda.jpg 1280w, http:\/\/www.rosanerosiamonoi.it\/palermocalcio\/wp-content\/uploads\/2021\/07\/terasini-moda-520x360.jpg 520w, http:\/\/www.rosanerosiamonoi.it\/palermocalcio\/wp-content\/uploads\/2021\/07\/terasini-moda-768x532.jpg 768w, http:\/\/www.rosanerosiamonoi.it\/palermocalcio\/wp-content\/uploads\/2021\/07\/terasini-moda-1024x710.jpg 1024w, http:\/\/www.rosanerosiamonoi.it\/palermocalcio\/wp-content\/uploads\/2021\/07\/terasini-moda-640x444.jpg 640w\" sizes=\"(max-width: 400px) 100vw, 400px\" \/><\/a><\/p>\n<p>Una passerella di 40 metri attraverser\u00e0 la piazza del Duomo di Terrasini per la nuova produzione di\u00a0<strong>Rosi De Simone Eventi<\/strong>.<\/p>\n<p>La\u00a0<strong>Terrasini Fashion Night<\/strong>, condotta dallo showgirl e attrice,\u00a0<strong>Nathaly Caldonazzo<\/strong>, prender\u00e0 il via <strong>gioved\u00ec 22 luglio alle ore 21<\/strong> e coinvolger\u00e0 aziende del settore moda locale per sostenere l&#8217;economia dei luoghi ma anche il turismo, con una serata, animata dalla musica di\u00a0<strong>Mauriziotto dj<\/strong>\u00a0e aperta al pubblico. Bellezza e cultura con la consegna di premi a personalit\u00e0 di arte e moda, per l\u2019evento promosso dal\u00a0<strong>Comune di Terrasini<\/strong>\u00a0e dal sindaco\u00a0<strong>Giosu\u00e8 Maniaci<\/strong>, inserito all\u2019interno del calendario degli eventi dell\u2019estate 2021.<\/p>\n<div style=\"width: 1920px;\" class=\"wp-video\"><!--[if lt IE 9]><script>document.createElement('video');<\/script><![endif]-->\n<video class=\"wp-video-shortcode\" id=\"video-13668-1\" width=\"1920\" height=\"1080\" preload=\"metadata\" controls=\"controls\"><source type=\"video\/mp4\" src=\"http:\/\/www.rosanerosiamonoi.it\/palermocalcio\/wp-content\/uploads\/2021\/07\/Video-saluto-Nathaly-Caldonazzo-Terrasini-Fashion-Night.mp4?_=1\" \/><a href=\"http:\/\/www.rosanerosiamonoi.it\/palermocalcio\/wp-content\/uploads\/2021\/07\/Video-saluto-Nathaly-Caldonazzo-Terrasini-Fashion-Night.mp4\">http:\/\/www.rosanerosiamonoi.it\/palermocalcio\/wp-content\/uploads\/2021\/07\/Video-saluto-Nathaly-Caldonazzo-Terrasini-Fashion-Night.mp4<\/a><\/video><\/div>\n<p>A ricevere il riconoscimento\u00a0<strong>Terrasini Fashion Night<\/strong>, saranno il pittore\u00a0<strong>Pino Manzella<\/strong>, gi\u00e0 collaboratore a Radio Aut di\u00a0<strong>Peppino Impastato<\/strong>, premiato da\u00a0<strong>Simona Cavaglieri<\/strong>\u00a0che interpret\u00f2 Felicetta nel film\u00a0<strong>I Cento Passi\u00a0<\/strong>di Marco Tullio Giordana; lo stilista\u00a0<strong>Nino Agemina,\u00a0<\/strong>premiato alla carriera e\u00a0<strong>Matilde Mannino<\/strong>, giovane artigiana che durante il lockdown si \u00e8 inventata una propria attivit\u00e0, cucendo abiti con i grembiuli della mamma e con i ritagli di stoffa che trovava in casa. Interverr\u00e0, con un contributo video, anche\u00a0<strong>Lorenzo Randazzo<\/strong>, il protagonista da piccolo nella nota pellicola dedicata a Impastato e l&#8217;assessore al Turismo, Sport e Spettacolo,\u00a0<strong>Vincenzo<\/strong>\u00a0<strong>Cusumano<\/strong>, attore dei Cento Passi.<\/p>\n<p><a href=\"http:\/\/www.rosanerosiamonoi.it\/palermocalcio\/2021\/07\/21\/terrasini-fashion-night-conduce-nathaly-caldonazzo\/terrasini-moda-2\/\" rel=\"attachment wp-att-13672\"><img decoding=\"async\" loading=\"lazy\" class=\"aligncenter wp-image-13672\" src=\"http:\/\/www.rosanerosiamonoi.it\/palermocalcio\/wp-content\/uploads\/2021\/07\/terrasini-moda-2.jpg\" alt=\"\" width=\"399\" height=\"499\" srcset=\"http:\/\/www.rosanerosiamonoi.it\/palermocalcio\/wp-content\/uploads\/2021\/07\/terrasini-moda-2.jpg 819w, http:\/\/www.rosanerosiamonoi.it\/palermocalcio\/wp-content\/uploads\/2021\/07\/terrasini-moda-2-416x520.jpg 416w, http:\/\/www.rosanerosiamonoi.it\/palermocalcio\/wp-content\/uploads\/2021\/07\/terrasini-moda-2-768x960.jpg 768w, http:\/\/www.rosanerosiamonoi.it\/palermocalcio\/wp-content\/uploads\/2021\/07\/terrasini-moda-2-640x800.jpg 640w\" sizes=\"(max-width: 399px) 100vw, 399px\" \/><\/a><\/p>\n<p><em>La proposta moda della Terrasini Fashion Night<\/em><\/p>\n<p>In passerella le collezioni di\u00a0<strong>Blu in Blu<\/strong>,\u00a0<strong>Capriccio<\/strong>,\u00a0<strong>Kartica<\/strong>,\u00a0<strong>Milano Junior<\/strong>,\u00a0<strong>Milano Sposa<\/strong>,\u00a0<strong>Monique, Nino Agemina<\/strong>,\u00a0<strong>Ottica Carla<\/strong>,\u00a0<strong>Pinto Ricami<\/strong>,\u00a0<strong>Toujour<\/strong>. Sponsor della manifestazione Fashion Car di\u00a0<strong>Nicola Samarelli<\/strong>, Social Food, Centro di fisioterapia Emmola, Coop Terrasini Autoservizi, Magafr\u00e0, Friends Bar. Partner di Terrasini Fashion Night Rosi De Simone Eventi, Comune di Terrasini, Mama Service, Emme Averna Comunicazione, Castdiva, Sparacio Parrucchieri. Back stage a cura di\u00a0<strong>Vivia Cascio<\/strong>.<\/p>\n<p><a href=\"http:\/\/www.rosanerosiamonoi.it\/palermocalcio\/2021\/07\/21\/terrasini-fashion-night-conduce-nathaly-caldonazzo\/rosi-de-simone-eventi_foto-moda_-16\/\" rel=\"attachment wp-att-13673\"><img decoding=\"async\" loading=\"lazy\" class=\"aligncenter wp-image-13673\" src=\"http:\/\/www.rosanerosiamonoi.it\/palermocalcio\/wp-content\/uploads\/2021\/07\/Rosi-De-Simone-Eventi_Foto-moda_-16.jpg\" alt=\"\" width=\"400\" height=\"526\" srcset=\"http:\/\/www.rosanerosiamonoi.it\/palermocalcio\/wp-content\/uploads\/2021\/07\/Rosi-De-Simone-Eventi_Foto-moda_-16.jpg 778w, http:\/\/www.rosanerosiamonoi.it\/palermocalcio\/wp-content\/uploads\/2021\/07\/Rosi-De-Simone-Eventi_Foto-moda_-16-395x520.jpg 395w, http:\/\/www.rosanerosiamonoi.it\/palermocalcio\/wp-content\/uploads\/2021\/07\/Rosi-De-Simone-Eventi_Foto-moda_-16-768x1011.jpg 768w, http:\/\/www.rosanerosiamonoi.it\/palermocalcio\/wp-content\/uploads\/2021\/07\/Rosi-De-Simone-Eventi_Foto-moda_-16-640x842.jpg 640w\" sizes=\"(max-width: 400px) 100vw, 400px\" \/><\/a><\/p>\n<p>Ad aprire la sfilata un gruppo di bambini dell\u2019<strong>ASD Paolo La Rosa<\/strong>, che danzeranno sulle note della canzone preferita dal giovane scomparso per un atto di violenza e molto amato dalla comunit\u00e0 di Terrasini. Sfileranno anche due glorie degli anni \u201980 \u2013 \u201990, gli ex modelli\u00a0<strong>Rino Sardella<\/strong>\u00a0e\u00a0<strong>Giovanni Carcione<\/strong>.<\/p>\n<p><strong><em>Link evento: https:\/\/fb.me\/e\/42BCZYbak<\/em><\/strong><\/p>\n","protected":false},"excerpt":{"rendered":"<p>Cast dei Cento Passi e vecchie glorie della passerella per la Terrasini Fashion Night, condotta da Nathaly Caldonazzo Rosi De Simone Eventi, insieme al Comune di Terrasini, firma una serata di moda e premi a personalit\u00e0 della moda e della cultura Una passerella di 40 metri attraverser\u00e0 la piazza del Duomo di Terrasini per la [&hellip;]<\/p>\n","protected":false},"author":2,"featured_media":13674,"comment_status":"closed","ping_status":"open","sticky":false,"template":"","format":"standard","meta":[],"categories":[10,1],"tags":[2937,3164,2958,2945,3162,3170,3169,3163,3159,3166,3161,3165,3167,2939,3160,3168],"_links":{"self":[{"href":"http:\/\/www.rosanerosiamonoi.it\/palermocalcio\/wp-json\/wp\/v2\/posts\/13668"}],"collection":[{"href":"http:\/\/www.rosanerosiamonoi.it\/palermocalcio\/wp-json\/wp\/v2\/posts"}],"about":[{"href":"http:\/\/www.rosanerosiamonoi.it\/palermocalcio\/wp-json\/wp\/v2\/types\/post"}],"author":[{"embeddable":true,"href":"http:\/\/www.rosanerosiamonoi.it\/palermocalcio\/wp-json\/wp\/v2\/users\/2"}],"replies":[{"embeddable":true,"href":"http:\/\/www.rosanerosiamonoi.it\/palermocalcio\/wp-json\/wp\/v2\/comments?post=13668"}],"version-history":[{"count":5,"href":"http:\/\/www.rosanerosiamonoi.it\/palermocalcio\/wp-json\/wp\/v2\/posts\/13668\/revisions"}],"predecessor-version":[{"id":13679,"href":"http:\/\/www.rosanerosiamonoi.it\/palermocalcio\/wp-json\/wp\/v2\/posts\/13668\/revisions\/13679"}],"wp:featuredmedia":[{"embeddable":true,"href":"http:\/\/www.rosanerosiamonoi.it\/palermocalcio\/wp-json\/wp\/v2\/media\/13674"}],"wp:attachment":[{"href":"http:\/\/www.rosanerosiamonoi.it\/palermocalcio\/wp-json\/wp\/v2\/media?parent=13668"}],"wp:term":[{"taxonomy":"category","embeddable":true,"href":"http:\/\/www.rosanerosiamonoi.it\/palermocalcio\/wp-json\/wp\/v2\/categories?post=13668"},{"taxonomy":"post_tag","embeddable":true,"href":"http:\/\/www.rosanerosiamonoi.it\/palermocalcio\/wp-json\/wp\/v2\/tags?post=13668"}],"curies":[{"name":"wp","href":"https:\/\/api.w.org\/{rel}","templated":true}]}}