{"id":14169,"date":"2021-10-13T21:14:38","date_gmt":"2021-10-13T19:14:38","guid":{"rendered":"http:\/\/www.rosanerosiamonoi.it\/palermocalcio\/?p=14169"},"modified":"2021-10-13T21:26:50","modified_gmt":"2021-10-13T19:26:50","slug":"pizzuto-presenta-la-targa-florio-classica-2021-video","status":"publish","type":"post","link":"http:\/\/www.rosanerosiamonoi.it\/palermocalcio\/2021\/10\/13\/pizzuto-presenta-la-targa-florio-classica-2021-video\/","title":{"rendered":"Pizzuto presenta la Targa Florio Classica 2021 (VIDEO)"},"content":{"rendered":"<blockquote class=\"yiv6846417005\">\n<div class=\"yiv6846417005\">\n<div class=\"yiv6846417005\">\n<h1 class=\"yiv6846417005\" style=\"text-align: center;\"><span class=\"yiv6846417005\"><b class=\"yiv6846417005\"><a href=\"http:\/\/www.rosanerosiamonoi.it\/palermocalcio\/2021\/10\/13\/pizzuto-presenta-la-targa-florio-classica-2021-video\/targa-florio-2021-1\/\" rel=\"attachment wp-att-14170\"><img decoding=\"async\" loading=\"lazy\" class=\"aligncenter wp-image-14170\" src=\"http:\/\/www.rosanerosiamonoi.it\/palermocalcio\/wp-content\/uploads\/2021\/10\/Targa-florio-2021-1.jpg\" alt=\"\" width=\"355\" height=\"355\" srcset=\"http:\/\/www.rosanerosiamonoi.it\/palermocalcio\/wp-content\/uploads\/2021\/10\/Targa-florio-2021-1.jpg 225w, http:\/\/www.rosanerosiamonoi.it\/palermocalcio\/wp-content\/uploads\/2021\/10\/Targa-florio-2021-1-150x150.jpg 150w, http:\/\/www.rosanerosiamonoi.it\/palermocalcio\/wp-content\/uploads\/2021\/10\/Targa-florio-2021-1-100x100.jpg 100w, http:\/\/www.rosanerosiamonoi.it\/palermocalcio\/wp-content\/uploads\/2021\/10\/Targa-florio-2021-1-200x200.jpg 200w, http:\/\/www.rosanerosiamonoi.it\/palermocalcio\/wp-content\/uploads\/2021\/10\/Targa-florio-2021-1-50x50.jpg 50w, http:\/\/www.rosanerosiamonoi.it\/palermocalcio\/wp-content\/uploads\/2021\/10\/Targa-florio-2021-1-144x144.jpg 144w\" sizes=\"(max-width: 355px) 100vw, 355px\" \/><\/a>\u00a0<\/b><\/span><\/h1>\n<h1 class=\"yiv6846417005\" style=\"text-align: center;\"><span class=\"yiv6846417005\"><b class=\"yiv6846417005\">Targa Florio Classica 2021<\/b><\/span><\/h1>\n<p class=\"yiv6846417005\"><span class=\"yiv6846417005\"><b class=\"yiv6846417005\">Presentato l\u2019evento organizzato dall\u2019AC Palermo e Automobile Club d\u2019Italia intitolato al grande Nino Vaccarella. Inizia con le operazioni preliminari gi\u00e0 in corso e dal 14 al 17 ottobre la competizione di regolarit\u00e0 completer\u00e0 il calendario del Campionato Italiano Grandi Eventi con oltre 200 equipaggi e auto di singolare significato storico e sportivo.<\/b><\/span><\/p>\n<p class=\"yiv6846417005\"><span class=\"yiv6846417005\">Presentata questa mattina a Palazzo Steri la Targa Florio Classica 2021 intitolata al grande Nino Vaccarella, il campione che ha rappresentato la sua Sicilia e l\u2019Italia intera nel mondo con le sue imprese automobilistiche.\u00a0<\/span><\/p>\n<p class=\"yiv6846417005\"><span class=\"yiv6846417005\">L\u2019evento organizzato dall\u2019AC Palermo con la collaborazione dell\u2019Automobile Club D\u2019Italia e di ACI Storico, \u00e8 stato presentato in citt\u00e0 questa mattina nell\u2019elegante e storico Palazzo Steri, sede del Rettorato dell\u2019Ateneo palermitano.<\/span><\/p>\n<p class=\"yiv6846417005\"><span class=\"yiv6846417005\">Ha fatto gli onori di casa il Magnifico Rettore dell\u2019Universit\u00e0 di Palermo <strong>Prof. Fabrizio Micari<\/strong>, hanno illustrato l\u2019evento <strong>Marco Rogano<\/strong>, Direttore Generale ACI Sport SpA e <strong>Angelo Pizzuto<\/strong>, Presidente AC Palermo.<\/span><\/p>\n<p class=\"yiv6846417005\"><span class=\"yiv6846417005\"> Il prof. <strong>Paolo Inglese<\/strong>, Direttore del Sistema Museale di Ateneo, ha sottolineato la funzione storica e culturale dell\u2019evento nella sua interazione con il Museo dei Motori del Sistema Museale dell&#8217;Universit\u00e0 di Palermo, funzione evidenziata anche dal Prof. <strong>Marco Cammalleri<\/strong>, Direttore dello stesso Museo, di cui \u00e8 conservatore l\u2019ing. <strong>Giuseppe Genchi<\/strong>.<\/span><\/p>\n<p><a href=\"http:\/\/www.rosanerosiamonoi.it\/palermocalcio\/2021\/10\/13\/pizzuto-presenta-la-targa-florio-classica-2021-video\/targa-florio-2\/\" rel=\"attachment wp-att-14173\"><img decoding=\"async\" loading=\"lazy\" class=\"aligncenter  wp-image-14173\" src=\"http:\/\/www.rosanerosiamonoi.it\/palermocalcio\/wp-content\/uploads\/2021\/10\/targa-florio.jpg\" alt=\"\" width=\"501\" height=\"231\" srcset=\"http:\/\/www.rosanerosiamonoi.it\/palermocalcio\/wp-content\/uploads\/2021\/10\/targa-florio.jpg 1280w, http:\/\/www.rosanerosiamonoi.it\/palermocalcio\/wp-content\/uploads\/2021\/10\/targa-florio-520x240.jpg 520w, http:\/\/www.rosanerosiamonoi.it\/palermocalcio\/wp-content\/uploads\/2021\/10\/targa-florio-768x355.jpg 768w, http:\/\/www.rosanerosiamonoi.it\/palermocalcio\/wp-content\/uploads\/2021\/10\/targa-florio-1024x473.jpg 1024w, http:\/\/www.rosanerosiamonoi.it\/palermocalcio\/wp-content\/uploads\/2021\/10\/targa-florio-640x296.jpg 640w\" sizes=\"(max-width: 501px) 100vw, 501px\" \/><\/a><\/p>\n<p class=\"yiv6846417005\"><span class=\"yiv6846417005\">Superata abbondantemente quota 200 auto tra i modelli pi\u00f9 esclusivi e dal singolare significato storico e sportivo, molti dei quali direttamente collegati con la \u00a0 corsa automobilistica pi\u00f9 antica del mondo.\u00a0<\/span><\/p>\n<p class=\"yiv6846417005\"><span class=\"yiv6846417005\">Gioved\u00ec 14 ottobre si completeranno le operazioni preliminari e di verifica con controllo documenti degli equipaggi, sempre presso l\u2019Universit\u00e0 palermitana, da cui <strong>venerd\u00ec mattina alle 9 scatter\u00e0 la prima tappa della gara<\/strong>, quarto e conclusivo round del Campionato Italiano Grandi Eventi di ACI Sport, alla volta della provincia di Trapani.<\/span><\/p>\n<p class=\"yiv6846417005\"><span class=\"yiv6846417005\"> <strong>Sabato 16<\/strong> la seconda tappa sulle strade del Mito, porteranno auto ed equipaggi sulle Madonie su diversi tratti del \u201cMedio Circuito\u201d, poi alla sera taglieranno il traguardo sempre a Palermo.<\/span><\/p>\n<p class=\"yiv6846417005\"><span class=\"yiv6846417005\"> <strong>Domenica 17 ottobre<\/strong> il \u201cTrofeo Citt\u00e0 di Monreale\u201d, la tappa pi\u00f9 breve che dopo il passaggio da San Martino delle Scale ed una visita al famoso Duomo della citt\u00e0, riporter\u00e0 i concorrenti a Palermo. <strong>La Cerimonia di Premiazione presso Villa Bordonaro ai Colli.<\/strong><\/span><\/p>\n<p class=\"yiv6846417005\"><span class=\"yiv6846417005\">Saranno 325 i Km della prima ed articolata tappa che si spinger\u00e0 fino a Mazara del vallo in provincia di Trapani; la seconda tappa si articola su 225 Km, tutti in provincia di Palermo, per un totale di 550 Km, su cui si svilupper\u00e0 il percorso della Targa Florio Classica, a cui si aggiungeranno i 40 Km dell\u2019ultima giornata <strong>\u201cTrofeo Citt\u00e0 di Monreale\u201d<\/strong>.<\/span><\/p>\n<p><iframe loading=\"lazy\" title=\"YouTube video player\" src=\"https:\/\/www.youtube.com\/embed\/hYrcCidUhBw\" width=\"656\" height=\"408\" frameborder=\"0\" allowfullscreen=\"allowfullscreen\"><span data-mce-type=\"bookmark\" style=\"display: inline-block; width: 0px; overflow: hidden; line-height: 0;\" class=\"mce_SELRES_start\">\ufeff<\/span><\/iframe><\/p>\n<\/div>\n<\/div>\n<\/blockquote>\n","protected":false},"excerpt":{"rendered":"<p>\u00a0 Targa Florio Classica 2021 Presentato l\u2019evento organizzato dall\u2019AC Palermo e Automobile Club d\u2019Italia intitolato al grande Nino Vaccarella. Inizia con le operazioni preliminari gi\u00e0 in corso e dal 14 al 17 ottobre la competizione di regolarit\u00e0 completer\u00e0 il calendario del Campionato Italiano Grandi Eventi con oltre 200 equipaggi e auto di singolare significato storico [&hellip;]<\/p>\n","protected":false},"author":2,"featured_media":14170,"comment_status":"closed","ping_status":"open","sticky":false,"template":"","format":"standard","meta":[],"categories":[43,10,28,1,44],"tags":[1945,1946,3381,3379,3380,2224,3382,1943,3383],"_links":{"self":[{"href":"http:\/\/www.rosanerosiamonoi.it\/palermocalcio\/wp-json\/wp\/v2\/posts\/14169"}],"collection":[{"href":"http:\/\/www.rosanerosiamonoi.it\/palermocalcio\/wp-json\/wp\/v2\/posts"}],"about":[{"href":"http:\/\/www.rosanerosiamonoi.it\/palermocalcio\/wp-json\/wp\/v2\/types\/post"}],"author":[{"embeddable":true,"href":"http:\/\/www.rosanerosiamonoi.it\/palermocalcio\/wp-json\/wp\/v2\/users\/2"}],"replies":[{"embeddable":true,"href":"http:\/\/www.rosanerosiamonoi.it\/palermocalcio\/wp-json\/wp\/v2\/comments?post=14169"}],"version-history":[{"count":3,"href":"http:\/\/www.rosanerosiamonoi.it\/palermocalcio\/wp-json\/wp\/v2\/posts\/14169\/revisions"}],"predecessor-version":[{"id":14174,"href":"http:\/\/www.rosanerosiamonoi.it\/palermocalcio\/wp-json\/wp\/v2\/posts\/14169\/revisions\/14174"}],"wp:featuredmedia":[{"embeddable":true,"href":"http:\/\/www.rosanerosiamonoi.it\/palermocalcio\/wp-json\/wp\/v2\/media\/14170"}],"wp:attachment":[{"href":"http:\/\/www.rosanerosiamonoi.it\/palermocalcio\/wp-json\/wp\/v2\/media?parent=14169"}],"wp:term":[{"taxonomy":"category","embeddable":true,"href":"http:\/\/www.rosanerosiamonoi.it\/palermocalcio\/wp-json\/wp\/v2\/categories?post=14169"},{"taxonomy":"post_tag","embeddable":true,"href":"http:\/\/www.rosanerosiamonoi.it\/palermocalcio\/wp-json\/wp\/v2\/tags?post=14169"}],"curies":[{"name":"wp","href":"https:\/\/api.w.org\/{rel}","templated":true}]}}