{"id":14410,"date":"2021-12-01T11:34:51","date_gmt":"2021-12-01T10:34:51","guid":{"rendered":"http:\/\/www.rosanerosiamonoi.it\/palermocalcio\/?p=14410"},"modified":"2021-12-01T13:25:05","modified_gmt":"2021-12-01T12:25:05","slug":"presidente-cip-saitta-carovana-dello-sport-3-12-2021-palermo","status":"publish","type":"post","link":"http:\/\/www.rosanerosiamonoi.it\/palermocalcio\/2021\/12\/01\/presidente-cip-saitta-carovana-dello-sport-3-12-2021-palermo\/","title":{"rendered":"Presidente CIP Saitta Carovana dello Sport 3.12.2021 Palermo"},"content":{"rendered":"<p style=\"text-align: center;\"><a href=\"http:\/\/www.rosanerosiamonoi.it\/palermocalcio\/2021\/11\/23\/cip-intervista-presidente-mussoni-video\/3-dicembre-cus-palermo-carovana-paraolimpic-2021\/\" rel=\"attachment wp-att-14358\"><img decoding=\"async\" loading=\"lazy\" class=\"aligncenter wp-image-14358\" src=\"http:\/\/www.rosanerosiamonoi.it\/palermocalcio\/wp-content\/uploads\/2021\/11\/3-dicembre-cus-palermo-carovana-paraolimpic-2021.jpeg\" alt=\"\" width=\"350\" height=\"487\" srcset=\"http:\/\/www.rosanerosiamonoi.it\/palermocalcio\/wp-content\/uploads\/2021\/11\/3-dicembre-cus-palermo-carovana-paraolimpic-2021.jpeg 696w, http:\/\/www.rosanerosiamonoi.it\/palermocalcio\/wp-content\/uploads\/2021\/11\/3-dicembre-cus-palermo-carovana-paraolimpic-2021-374x520.jpeg 374w, http:\/\/www.rosanerosiamonoi.it\/palermocalcio\/wp-content\/uploads\/2021\/11\/3-dicembre-cus-palermo-carovana-paraolimpic-2021-640x890.jpeg 640w\" sizes=\"(max-width: 350px) 100vw, 350px\" \/><\/a><\/p>\n<p>Il Presidente del Cip Palermo, <strong>Stefano Saitta,<\/strong> padrone di casa dell&#8217;ultima tappa delle Carovana dello Sport Paralimpico Siciliano 2021 che gi\u00e0 ha toccato tutti gli altri capoluoghi di Provincia siciliani , trovando una partecipazione interessata e numerosa ci commenta l&#8217;evento:&#8221;Questa ultima tappa della <strong>Carovana dello sport in Sicilia giorno 3 Dicembre al Cus Palermo<\/strong> \u00e8 la testimonianza dell&#8217;impegno per promuovere lo sport a 360 gradi facendone un momento di inclusione, oltre che di gioia e di buona salute.<\/p>\n<p><a href=\"http:\/\/www.rosanerosiamonoi.it\/palermocalcio\/2021\/04\/09\/il-cip-sicilia-rinnova-le-cariche\/stefano-saitta\/\" rel=\"attachment wp-att-13450\"><img decoding=\"async\" loading=\"lazy\" class=\"aligncenter size-full wp-image-13450\" src=\"http:\/\/www.rosanerosiamonoi.it\/palermocalcio\/wp-content\/uploads\/2021\/04\/Stefano-saitta.jpg\" alt=\"\" width=\"292\" height=\"235\" \/><\/a><\/p>\n<p>Dice un nostro motto <strong><em>&#8220;Eroi nella vita e campioni nello Sport!&#8221;<\/em> <\/strong>.<\/p>\n<p>Con lo sport si combatte l&#8217;esclusione, anche se su questo, nonostante i grandi passi fatti in avanti, c&#8217;\u00e8 ancora da lavorare ma momenti come quelli di giorno 3 , invece, sono momenti importanti per riaffermare la voglia di normalit\u00e0 e di inclusione e per tenere alta l&#8217;attenzione e non farti escludere da una societ\u00e0 che spesso da poca attenzione alla disabilit\u00e0.<br \/>\nPer questo ci sar\u00e0 la partecipazione di diverse scuole palermitane che hanno dimostrato sensibilit\u00e0 verso il nostro mondo.<br \/>\nContemporaneamente verr\u00e0 resa pubblica l&#8217;iniziativa di dare al &#8220;<strong>Premio Melvin<\/strong>&#8220;, nato per ricordare Melvin Bitrayya, giovane mauriziano,\u00a0nato a Palermo, di 20 anni, morto, prematuramente, nel 2014 , un&#8217;ulteriore sviluppo, cio\u00e8, quello di diventare anche un importante Premio assegnato dal Cip.<\/p>\n<p><a href=\"http:\/\/www.rosanerosiamonoi.it\/palermocalcio\/2021\/04\/16\/nuovi-eletti-nel-cip-sicilia\/cip-sicilia-logo\/\" rel=\"attachment wp-att-13483\"><img decoding=\"async\" loading=\"lazy\" class=\"aligncenter wp-image-13483\" src=\"http:\/\/www.rosanerosiamonoi.it\/palermocalcio\/wp-content\/uploads\/2021\/04\/CIP-SICILIA-logo.jpg\" alt=\"\" width=\"351\" height=\"348\" srcset=\"http:\/\/www.rosanerosiamonoi.it\/palermocalcio\/wp-content\/uploads\/2021\/04\/CIP-SICILIA-logo.jpg 1080w, http:\/\/www.rosanerosiamonoi.it\/palermocalcio\/wp-content\/uploads\/2021\/04\/CIP-SICILIA-logo-150x150.jpg 150w, http:\/\/www.rosanerosiamonoi.it\/palermocalcio\/wp-content\/uploads\/2021\/04\/CIP-SICILIA-logo-520x516.jpg 520w, http:\/\/www.rosanerosiamonoi.it\/palermocalcio\/wp-content\/uploads\/2021\/04\/CIP-SICILIA-logo-768x762.jpg 768w, http:\/\/www.rosanerosiamonoi.it\/palermocalcio\/wp-content\/uploads\/2021\/04\/CIP-SICILIA-logo-1024x1016.jpg 1024w, http:\/\/www.rosanerosiamonoi.it\/palermocalcio\/wp-content\/uploads\/2021\/04\/CIP-SICILIA-logo-100x100.jpg 100w, http:\/\/www.rosanerosiamonoi.it\/palermocalcio\/wp-content\/uploads\/2021\/04\/CIP-SICILIA-logo-50x50.jpg 50w, http:\/\/www.rosanerosiamonoi.it\/palermocalcio\/wp-content\/uploads\/2021\/04\/CIP-SICILIA-logo-640x635.jpg 640w, http:\/\/www.rosanerosiamonoi.it\/palermocalcio\/wp-content\/uploads\/2021\/04\/CIP-SICILIA-logo-144x144.jpg 144w\" sizes=\"(max-width: 351px) 100vw, 351px\" \/><\/a><br \/>\nSaranno 3 le categorie premiate e saranno associate al <span style=\"color: #ff0000;\">rosso<\/span>,<span style=\"color: #0000ff;\"> blu <\/span>e <span style=\"color: #00ff00;\">verde<\/span> che sono i 3 colori alati del nostro simbolo olimpionico del mondo paralimpico e verranno associati alle Federazioni, Societ\u00e0 sportive ed Atleti.<br \/>\nApprofitto, adesso, di concerto con il Presidente Cip Sicilia,<strong> Salvatore Mussoni<\/strong>, ed il presidente Nazionale, <strong>Luca Pancalli<\/strong>,\u00a0 per dare il <strong>benvenuto a tutti<\/strong> coloro che parteciperanno od interverranno <strong>e sono certo che sar\u00e0 anche un bel momento non solo di sport ma di socializzazione, inclusione e vita &#8220;.<\/strong><\/p>\n<p><a href=\"http:\/\/www.rosanerosiamonoi.it\/palermocalcio\/2021\/11\/23\/cip-intervista-presidente-mussoni-video\/salvstore-mussoni-2\/\" rel=\"attachment wp-att-14361\"><img decoding=\"async\" loading=\"lazy\" class=\"aligncenter wp-image-14361\" src=\"http:\/\/www.rosanerosiamonoi.it\/palermocalcio\/wp-content\/uploads\/2021\/11\/salvstore-Mussoni-2.jpg\" alt=\"\" width=\"349\" height=\"196\" srcset=\"http:\/\/www.rosanerosiamonoi.it\/palermocalcio\/wp-content\/uploads\/2021\/11\/salvstore-Mussoni-2.jpg 1920w, http:\/\/www.rosanerosiamonoi.it\/palermocalcio\/wp-content\/uploads\/2021\/11\/salvstore-Mussoni-2-520x293.jpg 520w, http:\/\/www.rosanerosiamonoi.it\/palermocalcio\/wp-content\/uploads\/2021\/11\/salvstore-Mussoni-2-768x432.jpg 768w, http:\/\/www.rosanerosiamonoi.it\/palermocalcio\/wp-content\/uploads\/2021\/11\/salvstore-Mussoni-2-1024x576.jpg 1024w, http:\/\/www.rosanerosiamonoi.it\/palermocalcio\/wp-content\/uploads\/2021\/11\/salvstore-Mussoni-2-640x360.jpg 640w\" sizes=\"(max-width: 349px) 100vw, 349px\" \/><\/a><\/p>\n<p><strong>Giorno 4 Dicembre<\/strong> \u00e8 stato organizzato dal <strong>Cip Sicilia<\/strong> , al quale sar\u00e0 presente il <strong>Presidente Mussoni<\/strong>, un altro evento, alla Sala Gialla del Palazzo Reale,\u00a0 in collaborazione con la Regione Siciliana con tema importante l&#8217;inclusione.<\/p>\n<p>Sar\u00e0 presente il Presidente della Regione Siciliana <strong>Nello Musumeci<\/strong><\/p>\n","protected":false},"excerpt":{"rendered":"<p>Il Presidente del Cip Palermo, Stefano Saitta, padrone di casa dell&#8217;ultima tappa delle Carovana dello Sport Paralimpico Siciliano 2021 che gi\u00e0 ha toccato tutti gli altri capoluoghi di Provincia siciliani , trovando una partecipazione interessata e numerosa ci commenta l&#8217;evento:&#8221;Questa ultima tappa della Carovana dello sport in Sicilia giorno 3 Dicembre al Cus Palermo \u00e8 [&hellip;]<\/p>\n","protected":false},"author":2,"featured_media":14358,"comment_status":"closed","ping_status":"open","sticky":false,"template":"","format":"standard","meta":[],"categories":[10,1],"tags":[3552,3551,1443,3395,1475,1212,3553,3028,3022,3508,3021,343],"_links":{"self":[{"href":"http:\/\/www.rosanerosiamonoi.it\/palermocalcio\/wp-json\/wp\/v2\/posts\/14410"}],"collection":[{"href":"http:\/\/www.rosanerosiamonoi.it\/palermocalcio\/wp-json\/wp\/v2\/posts"}],"about":[{"href":"http:\/\/www.rosanerosiamonoi.it\/palermocalcio\/wp-json\/wp\/v2\/types\/post"}],"author":[{"embeddable":true,"href":"http:\/\/www.rosanerosiamonoi.it\/palermocalcio\/wp-json\/wp\/v2\/users\/2"}],"replies":[{"embeddable":true,"href":"http:\/\/www.rosanerosiamonoi.it\/palermocalcio\/wp-json\/wp\/v2\/comments?post=14410"}],"version-history":[{"count":4,"href":"http:\/\/www.rosanerosiamonoi.it\/palermocalcio\/wp-json\/wp\/v2\/posts\/14410\/revisions"}],"predecessor-version":[{"id":14418,"href":"http:\/\/www.rosanerosiamonoi.it\/palermocalcio\/wp-json\/wp\/v2\/posts\/14410\/revisions\/14418"}],"wp:featuredmedia":[{"embeddable":true,"href":"http:\/\/www.rosanerosiamonoi.it\/palermocalcio\/wp-json\/wp\/v2\/media\/14358"}],"wp:attachment":[{"href":"http:\/\/www.rosanerosiamonoi.it\/palermocalcio\/wp-json\/wp\/v2\/media?parent=14410"}],"wp:term":[{"taxonomy":"category","embeddable":true,"href":"http:\/\/www.rosanerosiamonoi.it\/palermocalcio\/wp-json\/wp\/v2\/categories?post=14410"},{"taxonomy":"post_tag","embeddable":true,"href":"http:\/\/www.rosanerosiamonoi.it\/palermocalcio\/wp-json\/wp\/v2\/tags?post=14410"}],"curies":[{"name":"wp","href":"https:\/\/api.w.org\/{rel}","templated":true}]}}