{"id":1447,"date":"2013-10-07T02:12:48","date_gmt":"2013-10-07T00:12:48","guid":{"rendered":"http:\/\/www.rosanerosiamonoi.it\/palermocalcio\/?p=1447"},"modified":"2013-10-07T02:18:08","modified_gmt":"2013-10-07T00:18:08","slug":"iachinila-difesa-ha-dato-tanti-problemi-meglio-con-lingresso-di-andelkovic","status":"publish","type":"post","link":"http:\/\/www.rosanerosiamonoi.it\/palermocalcio\/2013\/10\/07\/iachinila-difesa-ha-dato-tanti-problemi-meglio-con-lingresso-di-andelkovic\/","title":{"rendered":"IACHINI:&#8221;La difesa ha dato tanti problemi?&#8221; Meglio con l&#8217;ingresso di Andelkovic."},"content":{"rendered":"<p><strong>IACHINI:&#8221;La difesa ha dato tanti problemi, lo so&#8230;&#8221;<\/strong><\/p>\n<p><a href=\"http:\/\/www.rosanerosiamonoi.it\/palermocalcio\/wp-content\/uploads\/2013\/10\/Iachini-Conferenza-Stampa.jpg\"><img decoding=\"async\" loading=\"lazy\" src=\"http:\/\/www.rosanerosiamonoi.it\/palermocalcio\/wp-content\/uploads\/2013\/10\/Iachini-Conferenza-Stampa-520x416.jpg\" alt=\"Iachini Conferenza Stampa\" width=\"520\" height=\"416\" class=\"aligncenter size-medium wp-image-1429\" srcset=\"http:\/\/www.rosanerosiamonoi.it\/palermocalcio\/wp-content\/uploads\/2013\/10\/Iachini-Conferenza-Stampa-520x416.jpg 520w, http:\/\/www.rosanerosiamonoi.it\/palermocalcio\/wp-content\/uploads\/2013\/10\/Iachini-Conferenza-Stampa.jpg 720w\" sizes=\"(max-width: 520px) 100vw, 520px\" \/><\/a><\/p>\n<p>\u201c<strong>La difesa ha dato tanti problemi?<\/strong><br \/>\n( Vedi errori sistematici di Munoz con relativo assist per azione gol Brescia) <\/p>\n<p><em>Ho visto anche io che siamo andati in difficolt\u00e0, per quello che penso io \u00e8 cos\u00ec, dobbiamo ancora lavorare sotto questo aspetto nei meccanismi della linea difensiva.<\/p>\n<p>Non a caso quando ho cambiato qualcosa nel secondo tempo( tardivo ingresso in campo di Andelkovic il migliore centrale difensivo che ha il Palermo con Milanovic), siamo stati un po\u00b4 pi\u00f9 attenti, pi\u00f9 concentrati nella copertura degli spazi.<\/p>\n<p>Col tempo verranno pi\u00f9 semplici da leggere certi movimenti\u201d<\/em>.<\/p>\n<p>Cos\u00ec il tecnico rosanero, <strong>Giuseppe Iachini<\/strong>, ai microfoni della redazione di Sky Sport, nel post partita di Brescia-Palermo, a proposito della prova insufficiente offerta dalla retroguardia siciliana a causa della sostituzione assurda di Andelkovic con Munoz nella formazione titolare.<\/p>\n","protected":false},"excerpt":{"rendered":"<p>IACHINI:&#8221;La difesa ha dato tanti problemi, lo so&#8230;&#8221; \u201cLa difesa ha dato tanti problemi? ( Vedi errori sistematici di Munoz con relativo assist per azione gol Brescia) Ho visto anche io che siamo andati in difficolt\u00e0, per quello che penso io \u00e8 cos\u00ec, dobbiamo ancora lavorare sotto questo aspetto nei meccanismi della linea difensiva. Non [&hellip;]<\/p>\n","protected":false},"author":2,"featured_media":1429,"comment_status":"closed","ping_status":"open","sticky":false,"template":"","format":"standard","meta":[],"categories":[1,6],"tags":[141],"_links":{"self":[{"href":"http:\/\/www.rosanerosiamonoi.it\/palermocalcio\/wp-json\/wp\/v2\/posts\/1447"}],"collection":[{"href":"http:\/\/www.rosanerosiamonoi.it\/palermocalcio\/wp-json\/wp\/v2\/posts"}],"about":[{"href":"http:\/\/www.rosanerosiamonoi.it\/palermocalcio\/wp-json\/wp\/v2\/types\/post"}],"author":[{"embeddable":true,"href":"http:\/\/www.rosanerosiamonoi.it\/palermocalcio\/wp-json\/wp\/v2\/users\/2"}],"replies":[{"embeddable":true,"href":"http:\/\/www.rosanerosiamonoi.it\/palermocalcio\/wp-json\/wp\/v2\/comments?post=1447"}],"version-history":[{"count":4,"href":"http:\/\/www.rosanerosiamonoi.it\/palermocalcio\/wp-json\/wp\/v2\/posts\/1447\/revisions"}],"predecessor-version":[{"id":1451,"href":"http:\/\/www.rosanerosiamonoi.it\/palermocalcio\/wp-json\/wp\/v2\/posts\/1447\/revisions\/1451"}],"wp:featuredmedia":[{"embeddable":true,"href":"http:\/\/www.rosanerosiamonoi.it\/palermocalcio\/wp-json\/wp\/v2\/media\/1429"}],"wp:attachment":[{"href":"http:\/\/www.rosanerosiamonoi.it\/palermocalcio\/wp-json\/wp\/v2\/media?parent=1447"}],"wp:term":[{"taxonomy":"category","embeddable":true,"href":"http:\/\/www.rosanerosiamonoi.it\/palermocalcio\/wp-json\/wp\/v2\/categories?post=1447"},{"taxonomy":"post_tag","embeddable":true,"href":"http:\/\/www.rosanerosiamonoi.it\/palermocalcio\/wp-json\/wp\/v2\/tags?post=1447"}],"curies":[{"name":"wp","href":"https:\/\/api.w.org\/{rel}","templated":true}]}}