{"id":14573,"date":"2022-02-03T13:54:14","date_gmt":"2022-02-03T12:54:14","guid":{"rendered":"http:\/\/www.rosanerosiamonoi.it\/palermocalcio\/?p=14573"},"modified":"2022-02-03T13:57:04","modified_gmt":"2022-02-03T12:57:04","slug":"ippoterapia-a-sostegno-dellautismo-un-servizio-gratuito","status":"publish","type":"post","link":"http:\/\/www.rosanerosiamonoi.it\/palermocalcio\/2022\/02\/03\/ippoterapia-a-sostegno-dellautismo-un-servizio-gratuito\/","title":{"rendered":"IPPOTERAPIA A SOSTEGNO DELL\u2019AUTISMO, UN SERVIZIO GRATUITO"},"content":{"rendered":"<h2 align=\"center\"><span style=\"color: #000000;\"><span style=\"font-family: Times New Roman, serif;\"><b>L\u2019IPPOTERAPIA A SOSTEGNO DELL\u2019AUTISMO, UN SERVIZIO GRATUITO DI ASP<\/b><\/span><\/span><\/h2>\n<h2 align=\"center\"><span style=\"color: #000000;\"><span style=\"font-family: Times New Roman, serif;\"><b>\u00a0E PARLAUTISMO ALL\u2019INTERNO DELLA CASERMA GENERALE CASCINO<\/b><\/span><\/span><\/h2>\n<h3 align=\"center\"><em><span style=\"color: #000000;\"><span style=\"font-family: Times New Roman, serif;\">La Caserma si apre alla citt\u00e0 e diventa spazio fruibile gratuitamente dalle persone con disabilit\u00e0<\/span><\/span><\/em><\/h3>\n<p style=\"text-align: center;\"><a href=\"http:\/\/www.rosanerosiamonoi.it\/palermocalcio\/2022\/02\/03\/14573\/ippoterapia-caserma-jpg-1\/\" rel=\"attachment wp-att-14574\"><img decoding=\"async\" loading=\"lazy\" class=\"aligncenter size-full wp-image-14574\" src=\"http:\/\/www.rosanerosiamonoi.it\/palermocalcio\/wp-content\/uploads\/2022\/02\/ippoterapia-caserma.jpg-1.jpg\" alt=\"\" width=\"640\" height=\"480\" srcset=\"http:\/\/www.rosanerosiamonoi.it\/palermocalcio\/wp-content\/uploads\/2022\/02\/ippoterapia-caserma.jpg-1.jpg 640w, http:\/\/www.rosanerosiamonoi.it\/palermocalcio\/wp-content\/uploads\/2022\/02\/ippoterapia-caserma.jpg-1-520x390.jpg 520w\" sizes=\"(max-width: 640px) 100vw, 640px\" \/><\/a><\/p>\n<h3><span style=\"color: #000000;\"><span style=\"font-family: Times New Roman, serif;\">Un lavoro di squadra, in piena sinergia, ha permesso la realizzazione del progetto \u201c<i><b>Piccoli passi a ritmo di zoccoli\u201d,\u00a0<\/b><\/i>ideato e voluto da\u00a0<b>ParlAutism<\/b><b>o\u00a0<\/b><b>in collaborazione con il\u00a0<\/b><b>C<\/b><b>omune di Palermo e il Comandante del<\/b><b>\u00a0<\/b><b>Reggimento \u201cLancieri d&#8217;Aosta\u201d<\/b><b>\u00a0<\/b><b>(6\u00b0)\u00a0<\/b><b>il Colonnello Antonino Longo. Il progetto \u00e8\u00a0<\/b><b>ri<\/b><b>volto a bambini, ragazzi ed adulti con autismo\u00a0<\/b><b>e a breve<\/b><b>\u00a0sar\u00e0 aperto anche ad altri tipi di fragilit\u00e0.<\/b><\/span><\/span><\/h3>\n<h3><span style=\"color: #000000;\"><span style=\"font-family: Times New Roman, serif;\"><b>Oggi\u00a0<\/b><b>presso la caserma \u201cGenerale Cascino\u201d\u00a0<\/b>\u00e8 stato\u00a0<b>firmato il protocollo d\u2019intesa\u00a0<\/b>tra le parti che hanno preso parte al progetto:\u00a0<b>Rosi Pennino, presidente di ParlAutismo, il\u00a0<\/b><b>Reggimento \u201cLancieri d&#8217;Aosta\u201d<\/b><b>\u00a0<\/b><b>(6\u00b0)\u00a0<\/b><b>con il\u00a0<\/b><b>Comandante\u00a0<\/b><b>Colonello Antonino Longo<\/b><b>\u00a0<\/b><b>e il\u00a0<\/b>Capo Centro Ippico protempore,\u00a0<b>Magg<\/b><b>iore\u00a0<\/b><b>Nicol\u00f2 Pensabene<\/b>\u00a0 e\u00a0 <b>l\u2019<\/b><b>A<\/b><b>ssociazione<\/b>\u00a0 <b>Nazionale Arma di Cavalleria\u00a0<\/b>rappresentata dal Presidente della COLOC Sicilia\u00a0<b>Cap<\/b><b>itano<\/b><b>\u00a0Salvatore Salerno<\/b>; in accordo con il\u00a0<b>Comune di Palermo<\/b>,<b>Asp 6 di Palermo,\u00a0<\/b>U.O.C NPIA, Ambulatorio dedicato 2\u00b0 livello, Diagnosi e Trattamento Intensivo e Precoce dei Disturbi dello Spettro Autistico, Presidio \u201cAiuto Materno\u201d, rappresentato dalla responsabile Dottoressa<b>\u00a0Giovanna Gambino<\/b>\u00a0e l\u2019<b>Associazione Sportiva Dilettantistica Ripartiamo in Sella,\u00a0<\/b>legalmente rappresentata da\u00a0<b>Chiara Amato.<\/b><\/span><\/span><\/h3>\n<h3><span style=\"color: #000000;\"><span style=\"font-family: Times New Roman, serif;\">Si tratta di\u00a0<b>Interventi Assistiti con gli Animali\u00a0<\/b><b>a\u00a0<\/b><b>titolo gratuito<\/b>\u00a0che si svolgeranno negli spazi del C.I.M. (Centro Ippico Militare) all&#8217;interno della Caserma \u201cGenerale Cascino\u201d. Il primo servizio di ippoterapia gratuito in Sicilia, rivolto a persone affette dallo spettro autismo.<\/span><\/span><\/h3>\n<h3><span style=\"color: #000000;\">\u201c<span style=\"font-family: Times New Roman, serif;\"><i>Questa \u00e8 un\u2019esperienza che sigilla uno dei metodi pi\u00f9 importanti che \u00e8 quello di fare rete-<\/i>\u00a0dice\u00a0<b>Rosi Pennino presidente di ParlAutismo<\/b>\u00a0&#8211;<i>\u00a0in un momento in cui le risorse entrano in sofferenza e ci sono bisogni importanti a cui far fronte.\u00a0<\/i><i>E\u2019 importante s<\/i><i>iglare patti di bellezza tra le parti dove ognuno pu\u00f2 mettere dentro qualcosa. Questo sogno oggi diventa realt\u00e0.\u00a0<\/i><i>Siamo pronti ad at<\/i><i>tivare questo spazio di vita quotidiana\u00a0<\/i><i>che abilita i nostri ragazzi.\u00a0<\/i><i>Il comandante Longo ha aperto le porte della caserma alla citt\u00e0 e l\u2019ha resa fruibile ai ragazzi e alle famiglie. Per l\u2019autismo oggi \u00e8 una giornata di immensa felicit\u00e0\u00a0<\/i><i>e<\/i><i>\u00a0saranno coinvolte anche altre fragilit\u00e0\u201d<\/i>.<\/span><\/span><\/h3>\n<p style=\"text-align: center;\"><a href=\"http:\/\/www.rosanerosiamonoi.it\/palermocalcio\/2022\/02\/03\/14573\/ippoterapia-caserma\/\" rel=\"attachment wp-att-14575\"><img decoding=\"async\" loading=\"lazy\" class=\"aligncenter size-full wp-image-14575\" src=\"http:\/\/www.rosanerosiamonoi.it\/palermocalcio\/wp-content\/uploads\/2022\/02\/ippoterapia-caserma.jpg\" alt=\"\" width=\"640\" height=\"480\" srcset=\"http:\/\/www.rosanerosiamonoi.it\/palermocalcio\/wp-content\/uploads\/2022\/02\/ippoterapia-caserma.jpg 640w, http:\/\/www.rosanerosiamonoi.it\/palermocalcio\/wp-content\/uploads\/2022\/02\/ippoterapia-caserma-520x390.jpg 520w\" sizes=\"(max-width: 640px) 100vw, 640px\" \/><\/a><\/p>\n<h3><span style=\"color: #000000;\"><span style=\"font-family: Times New Roman, serif;\"><b>L<\/b>&#8216;<b>Asp\u00a0<\/b>si occuper\u00e0 di reclutare i bambini e i ragazzi, secondo criteri di necessit\u00e0 terapeutiche cliniche, nonch\u00e9 di idoneit\u00e0 alle attivit\u00e0 previste dal progetto.<\/span><\/span><\/h3>\n<h3><span style=\"color: #000000;\">\u201c<span style=\"font-family: Times New Roman, serif;\"><i>Noi come sanit\u00e0 cerchiamo di dare risposte a quelli che sono i bisogni delle famiglie soprattutto sul piano della qualit\u00e0 dei servizi\u00a0<\/i>\u2013\u00a0<b>dice Giovanna Gambin<\/b><b>o dell\u2019Asp\u00a0<\/b>&#8211;\u00a0<i>Non si tratta di terapie che consideriamo strettamente in ambito sanitario ma sono luoghi di vera opportunit\u00e0 riabilitativa che in alcune fasce di et\u00e0 sono importanti\u00a0<\/i><i>per la<\/i><i>\u00a0crescita e danno la possibilit\u00e0 di acquisire autonomia anche sociale\u201d.<\/i><\/span><\/span><\/h3>\n<h3><span style=\"color: #000000;\"><span style=\"font-family: Times New Roman, serif;\"><b>L&#8217;<\/b><b>ASD Ripartiamo in Sella\u00a0<\/b>metter\u00e0 a disposizione le seguenti figure professionali: un Responsabile del progetto, un Referente d&#8217;intervento, un Medico veterinario, 3 Coadiutori dell&#8217;animale, una psicologa psicoterapeuta, una tirocinante universitaria, 2 volontari. E ancora tutto ci\u00f2 che \u00e8 necessario alla bardatura del cavallo ed alla preparazione per la messa in sella e del lavoro da terra, nonch\u00e9 tutti i finimenti, il materiale per la pulizia e la cura del cavallo ed il materiale per lo svolgimento delle sedute, compresi gli strumenti per la psicomotricit\u00e0 (cerchi, palle, coni, lettere plastificate, piccoli strumenti musicali, e altro).<\/span><\/span><\/h3>\n<h3><span style=\"color: #000000;\"><span style=\"font-family: Times New Roman, serif;\"><b>Il Reg<\/b><b>g<\/b><b>imento,<\/b>\u00a0<em><strong>a titolo gratuito<\/strong><\/em>, metter\u00e0 a disposizione: 2 cavalli, 2 box, un campo da\u00a0<\/span><\/span><span style=\"color: #000000;\"><span style=\"font-family: Times New Roman, serif;\">lavoro in sabbia, delle aree comuni al coperto, 1 casetta al chiuso per lo svolgimento delle attivit\u00e0 dell\u2019Associazione che non interferiranno con le normali attivit\u00e0 addestrative svolte dal personale militare e dai soci ANAC.<\/span><\/span><\/h3>\n<p style=\"text-align: center;\"><a href=\"http:\/\/www.rosanerosiamonoi.it\/palermocalcio\/2022\/02\/03\/14573\/ippoterapia-caserma-jpg-2\/\" rel=\"attachment wp-att-14576\"><img decoding=\"async\" loading=\"lazy\" class=\"aligncenter wp-image-14576\" src=\"http:\/\/www.rosanerosiamonoi.it\/palermocalcio\/wp-content\/uploads\/2022\/02\/ippoterapia-caserma.jpg-2.jpg\" alt=\"\" width=\"500\" height=\"666\" srcset=\"http:\/\/www.rosanerosiamonoi.it\/palermocalcio\/wp-content\/uploads\/2022\/02\/ippoterapia-caserma.jpg-2.jpg 640w, http:\/\/www.rosanerosiamonoi.it\/palermocalcio\/wp-content\/uploads\/2022\/02\/ippoterapia-caserma.jpg-2-390x520.jpg 390w\" sizes=\"(max-width: 500px) 100vw, 500px\" \/><\/a><\/p>\n<h3><span style=\"color: #000000;\"><span style=\"font-family: Times New Roman, serif;\">La caserma cos\u00ec si apre alla citt\u00e0 e diventa spazio fruibile gratuitamente dalle persone con disabilit\u00e0.<\/span><\/span><\/h3>\n<h3><span style=\"color: #000000;\">\u201c<span style=\"font-family: Times New Roman, serif;\"><i>L\u2019Esercito \u00e8 molto legato a questo servizio<\/i>\u00a0\u2013<b>\u00a0spiega il Comandante Antonino Longo &#8211;\u00a0<\/b><i>perch\u00e9 \u00e8 un modo che ci permette di essere vicini ai cittadini e di condividere strutture e risorse con la cittadinanza, con le famiglie e con chi \u00e8 meno fortunato degli altri. Speriamo che questo sia l\u2019inizio di un percorso duraturo nel tempo\u201d.<\/i><\/span><\/span><\/h3>\n<h3><span style=\"color: #000000;\"><span style=\"font-family: Times New Roman, serif;\">Per il<b>\u00a0sindaco Leoluca Orlando<\/b>\u00a0<i>\u201cL\u2019Esercito \u00e8 un\u2019istituzione posta a presidio della difesa della nostra Carta costituzionale, della nostra Repubblica, dei diritti degli italiani. Questo spiega la volont\u00e0 di mettere a disposizione questa struttura considerandolo un bene comune. Il vero motore di questa iniziativa \u00e8 chi nel quotidiano vive questo impegno come Rosi Pennino. La firma di questo protocollo d\u2019intesa \u00e8 il modo migliore per prepararci alla giornata del 2 aprile dedicata all\u2019autismo, diventata un appuntamento tradizionale per la citt\u00e0\u201d.<\/i><\/span><\/span><\/h3>\n<h3><span style=\"color: #000000;\"><span style=\"font-family: Times New Roman, serif;\"><b>Il progetto si articoler\u00e0 in due step e il primo partir\u00e0 da subito, grazie al contributo del Rotary e Club Colonne d\u2019Ercole presieduto da Nadia La Torre. Fondamentale anche l\u2019aiuto del Centro Ortopedico Ferranti nella persona di Salvo Ferranti.<\/b><\/span><\/span><\/h3>\n<h3><span style=\"color: #000000;\"><span style=\"font-family: Times New Roman, serif;\">Il progetto di riabilitazione equestre non vuole sostituirsi agli interventi riabilitativi gi\u00e0 in atto e svolti dai bambini e ragazzi che vi prenderanno parte, ma si inserisce in un ambito\u00a0<\/span><\/span><span style=\"color: #000000;\"><span style=\"font-family: Times New Roman, serif;\">complementare, con tempistiche e modalit\u00e0 atte a rendere il soggetto partecipante,\u00a0 \u00a0<\/span><\/span><span style=\"color: #000000;\"><span style=\"font-family: Times New Roman, serif;\">protagonista<\/span><\/span><span style=\"color: #000000;\"><span style=\"font-family: Times New Roman, serif;\"><i>\u00a0<\/i><\/span><\/span><span style=\"color: #000000;\"><span style=\"font-family: Times New Roman, serif;\">dell&#8217;intervento, svolgendo attivit\u00e0 di vita quotidiana, al di fuori del contesto \u201cmedico\u201d, in un\u00a0<\/span><\/span><span style=\"color: #000000;\"><span style=\"font-family: Times New Roman, serif;\"><i>setting\u00a0<\/i><\/span><\/span><span style=\"color: #000000;\"><span style=\"font-family: Times New Roman, serif;\">non inteso come luogo di cura ma di normalit\u00e0.\u00a0<\/span><\/span><span style=\"color: #000000;\"><span style=\"font-family: TimesNewRomanPSMT, serif;\">La riabilitazione equestre ha lo scopo di offrire alla persona con disabilit\u00e0 la possibilit\u00e0 di attivare e potenziare le cosiddette funzioni adattive e concorre all&#8217;acquisizione di maggiori\u00a0<\/span><\/span><span style=\"color: #000000;\"><span style=\"font-family: TimesNewRomanPSMT, serif;\">competenze sociali e un inserimento adeguato nel contesto sociale.<\/span><\/span><\/h3>\n<p><strong><em>Anna Cane<\/em><\/strong><\/p>\n<h3><\/h3>\n<h3><\/h3>\n","protected":false},"excerpt":{"rendered":"<p>L\u2019IPPOTERAPIA A SOSTEGNO DELL\u2019AUTISMO, UN SERVIZIO GRATUITO DI ASP \u00a0E PARLAUTISMO ALL\u2019INTERNO DELLA CASERMA GENERALE CASCINO La Caserma si apre alla citt\u00e0 e diventa spazio fruibile gratuitamente dalle persone con disabilit\u00e0 Un lavoro di squadra, in piena sinergia, ha permesso la realizzazione del progetto \u201cPiccoli passi a ritmo di zoccoli\u201d,\u00a0ideato e voluto da\u00a0ParlAutismo\u00a0in collaborazione con [&hellip;]<\/p>\n","protected":false},"author":2,"featured_media":14574,"comment_status":"closed","ping_status":"open","sticky":false,"template":"","format":"standard","meta":[],"categories":[1332,10,1],"tags":[3629,1565,3633,3630,3627,672,1564,3632,3636,3631,3634,3635,3628],"_links":{"self":[{"href":"http:\/\/www.rosanerosiamonoi.it\/palermocalcio\/wp-json\/wp\/v2\/posts\/14573"}],"collection":[{"href":"http:\/\/www.rosanerosiamonoi.it\/palermocalcio\/wp-json\/wp\/v2\/posts"}],"about":[{"href":"http:\/\/www.rosanerosiamonoi.it\/palermocalcio\/wp-json\/wp\/v2\/types\/post"}],"author":[{"embeddable":true,"href":"http:\/\/www.rosanerosiamonoi.it\/palermocalcio\/wp-json\/wp\/v2\/users\/2"}],"replies":[{"embeddable":true,"href":"http:\/\/www.rosanerosiamonoi.it\/palermocalcio\/wp-json\/wp\/v2\/comments?post=14573"}],"version-history":[{"count":4,"href":"http:\/\/www.rosanerosiamonoi.it\/palermocalcio\/wp-json\/wp\/v2\/posts\/14573\/revisions"}],"predecessor-version":[{"id":14580,"href":"http:\/\/www.rosanerosiamonoi.it\/palermocalcio\/wp-json\/wp\/v2\/posts\/14573\/revisions\/14580"}],"wp:featuredmedia":[{"embeddable":true,"href":"http:\/\/www.rosanerosiamonoi.it\/palermocalcio\/wp-json\/wp\/v2\/media\/14574"}],"wp:attachment":[{"href":"http:\/\/www.rosanerosiamonoi.it\/palermocalcio\/wp-json\/wp\/v2\/media?parent=14573"}],"wp:term":[{"taxonomy":"category","embeddable":true,"href":"http:\/\/www.rosanerosiamonoi.it\/palermocalcio\/wp-json\/wp\/v2\/categories?post=14573"},{"taxonomy":"post_tag","embeddable":true,"href":"http:\/\/www.rosanerosiamonoi.it\/palermocalcio\/wp-json\/wp\/v2\/tags?post=14573"}],"curies":[{"name":"wp","href":"https:\/\/api.w.org\/{rel}","templated":true}]}}