{"id":14690,"date":"2022-03-06T21:22:41","date_gmt":"2022-03-06T20:22:41","guid":{"rendered":"http:\/\/www.rosanerosiamonoi.it\/palermocalcio\/?p=14690"},"modified":"2022-03-08T00:18:54","modified_gmt":"2022-03-07T23:18:54","slug":"intervista-toucro-figc-camporeale-citta-di-trapani-1-0-video","status":"publish","type":"post","link":"http:\/\/www.rosanerosiamonoi.it\/palermocalcio\/2022\/03\/06\/intervista-toucro-figc-camporeale-citta-di-trapani-1-0-video\/","title":{"rendered":"Intervista Toucro FIGC &#8211; Camporeale &#8211; Citt\u00e0 di Trapani 1-0 (VIDEO)"},"content":{"rendered":"<h2><a href=\"http:\/\/www.rosanerosiamonoi.it\/palermocalcio\/2022\/03\/06\/intervista-tuorco-figc-camporeale-citta-di-trapani-1-0-video\/giuseppe-tuorco-figc-trapani\/\" rel=\"attachment wp-att-14691\"><img decoding=\"async\" loading=\"lazy\" class=\"aligncenter wp-image-14691\" src=\"http:\/\/www.rosanerosiamonoi.it\/palermocalcio\/wp-content\/uploads\/2022\/03\/Giuseppe-Tuorco-Figc-Trapani.jpg\" alt=\"\" width=\"451\" height=\"254\" srcset=\"http:\/\/www.rosanerosiamonoi.it\/palermocalcio\/wp-content\/uploads\/2022\/03\/Giuseppe-Tuorco-Figc-Trapani.jpg 1920w, http:\/\/www.rosanerosiamonoi.it\/palermocalcio\/wp-content\/uploads\/2022\/03\/Giuseppe-Tuorco-Figc-Trapani-520x293.jpg 520w, http:\/\/www.rosanerosiamonoi.it\/palermocalcio\/wp-content\/uploads\/2022\/03\/Giuseppe-Tuorco-Figc-Trapani-768x432.jpg 768w, http:\/\/www.rosanerosiamonoi.it\/palermocalcio\/wp-content\/uploads\/2022\/03\/Giuseppe-Tuorco-Figc-Trapani-1024x576.jpg 1024w, http:\/\/www.rosanerosiamonoi.it\/palermocalcio\/wp-content\/uploads\/2022\/03\/Giuseppe-Tuorco-Figc-Trapani-640x360.jpg 640w\" sizes=\"(max-width: 451px) 100vw, 451px\" \/><\/a><\/h2>\n<h2 style=\"text-align: center;\">Intervista Toucro FIGC &#8211; Camporeale &#8211; Citt\u00e0 di Trapani 1-0<\/h2>\n<p>Nostra intervista al Collaboratore Provinciale Responsabile Attivit\u00e0 scolastica Trapani Figc-LND :<strong> Giuseppe Toucro.<\/strong><\/p>\n<p style=\"text-align: center;\"><a href=\"http:\/\/www.rosanerosiamonoi.it\/palermocalcio\/2022\/03\/06\/intervista-tuorco-figc-camporeale-citta-di-trapani-1-0-video\/camporeale-citta-di-trapani-1-0-gol\/\" rel=\"attachment wp-att-14692\"><img decoding=\"async\" loading=\"lazy\" class=\"aligncenter wp-image-14692\" src=\"http:\/\/www.rosanerosiamonoi.it\/palermocalcio\/wp-content\/uploads\/2022\/03\/camporeale-citta-di-trapani-1-0-gol-.jpg\" alt=\"\" width=\"451\" height=\"254\" srcset=\"http:\/\/www.rosanerosiamonoi.it\/palermocalcio\/wp-content\/uploads\/2022\/03\/camporeale-citta-di-trapani-1-0-gol-.jpg 1920w, http:\/\/www.rosanerosiamonoi.it\/palermocalcio\/wp-content\/uploads\/2022\/03\/camporeale-citta-di-trapani-1-0-gol--520x293.jpg 520w, http:\/\/www.rosanerosiamonoi.it\/palermocalcio\/wp-content\/uploads\/2022\/03\/camporeale-citta-di-trapani-1-0-gol--768x432.jpg 768w, http:\/\/www.rosanerosiamonoi.it\/palermocalcio\/wp-content\/uploads\/2022\/03\/camporeale-citta-di-trapani-1-0-gol--1024x576.jpg 1024w, http:\/\/www.rosanerosiamonoi.it\/palermocalcio\/wp-content\/uploads\/2022\/03\/camporeale-citta-di-trapani-1-0-gol--640x360.jpg 640w\" sizes=\"(max-width: 451px) 100vw, 451px\" \/><\/a><\/p>\n<p>Altre immagini della partita <strong>Camporeale- Citt\u00e0 di Trapani <\/strong>finita<strong> 1-0<\/strong> . le immagini del gol e della esultanza dopo la rete vittoria del Camporeale.<\/p>\n<p><iframe loading=\"lazy\" title=\"YouTube video player\" src=\"https:\/\/www.youtube.com\/embed\/aGA0Vhyz-Cc\" width=\"696\" height=\"408\" frameborder=\"0\" allowfullscreen=\"allowfullscreen\"><span data-mce-type=\"bookmark\" style=\"display: inline-block; width: 0px; overflow: hidden; line-height: 0;\" class=\"mce_SELRES_start\">\ufeff<\/span><\/iframe><\/p>\n","protected":false},"excerpt":{"rendered":"<p>Intervista Toucro FIGC &#8211; Camporeale &#8211; Citt\u00e0 di Trapani 1-0 Nostra intervista al Collaboratore Provinciale Responsabile Attivit\u00e0 scolastica Trapani Figc-LND : Giuseppe Toucro. Altre immagini della partita Camporeale- Citt\u00e0 di Trapani finita 1-0 . le immagini del gol e della esultanza dopo la rete vittoria del Camporeale. \ufeff<\/p>\n","protected":false},"author":2,"featured_media":14691,"comment_status":"closed","ping_status":"open","sticky":false,"template":"","format":"standard","meta":[],"categories":[10,1],"tags":[3723,3741,3740,277,3739,1596,209],"_links":{"self":[{"href":"http:\/\/www.rosanerosiamonoi.it\/palermocalcio\/wp-json\/wp\/v2\/posts\/14690"}],"collection":[{"href":"http:\/\/www.rosanerosiamonoi.it\/palermocalcio\/wp-json\/wp\/v2\/posts"}],"about":[{"href":"http:\/\/www.rosanerosiamonoi.it\/palermocalcio\/wp-json\/wp\/v2\/types\/post"}],"author":[{"embeddable":true,"href":"http:\/\/www.rosanerosiamonoi.it\/palermocalcio\/wp-json\/wp\/v2\/users\/2"}],"replies":[{"embeddable":true,"href":"http:\/\/www.rosanerosiamonoi.it\/palermocalcio\/wp-json\/wp\/v2\/comments?post=14690"}],"version-history":[{"count":6,"href":"http:\/\/www.rosanerosiamonoi.it\/palermocalcio\/wp-json\/wp\/v2\/posts\/14690\/revisions"}],"predecessor-version":[{"id":14705,"href":"http:\/\/www.rosanerosiamonoi.it\/palermocalcio\/wp-json\/wp\/v2\/posts\/14690\/revisions\/14705"}],"wp:featuredmedia":[{"embeddable":true,"href":"http:\/\/www.rosanerosiamonoi.it\/palermocalcio\/wp-json\/wp\/v2\/media\/14691"}],"wp:attachment":[{"href":"http:\/\/www.rosanerosiamonoi.it\/palermocalcio\/wp-json\/wp\/v2\/media?parent=14690"}],"wp:term":[{"taxonomy":"category","embeddable":true,"href":"http:\/\/www.rosanerosiamonoi.it\/palermocalcio\/wp-json\/wp\/v2\/categories?post=14690"},{"taxonomy":"post_tag","embeddable":true,"href":"http:\/\/www.rosanerosiamonoi.it\/palermocalcio\/wp-json\/wp\/v2\/tags?post=14690"}],"curies":[{"name":"wp","href":"https:\/\/api.w.org\/{rel}","templated":true}]}}