{"id":15098,"date":"2022-05-22T11:44:37","date_gmt":"2022-05-22T09:44:37","guid":{"rendered":"http:\/\/www.rosanerosiamonoi.it\/palermocalcio\/?p=15098"},"modified":"2022-05-22T11:44:38","modified_gmt":"2022-05-22T09:44:38","slug":"palermo-entella-2-2-dallinferno-al-paradiso","status":"publish","type":"post","link":"http:\/\/www.rosanerosiamonoi.it\/palermocalcio\/2022\/05\/22\/palermo-entella-2-2-dallinferno-al-paradiso\/","title":{"rendered":"Palermo-Entella 2-2 dall&#8217;Inferno al Paradiso"},"content":{"rendered":"<h2 style=\"text-align: center;\"><a href=\"http:\/\/www.rosanerosiamonoi.it\/palermocalcio\/2022\/05\/22\/palermo-entella-2-2-dallinferno-al-paradiso\/palermo-entella-2-2\/\" rel=\"attachment wp-att-15099\"><img decoding=\"async\" loading=\"lazy\" class=\"aligncenter wp-image-15099\" src=\"http:\/\/www.rosanerosiamonoi.it\/palermocalcio\/wp-content\/uploads\/2022\/05\/palermo-Entella-2-2.jpg\" alt=\"\" width=\"500\" height=\"375\" srcset=\"http:\/\/www.rosanerosiamonoi.it\/palermocalcio\/wp-content\/uploads\/2022\/05\/palermo-Entella-2-2.jpg 1080w, http:\/\/www.rosanerosiamonoi.it\/palermocalcio\/wp-content\/uploads\/2022\/05\/palermo-Entella-2-2-520x390.jpg 520w, http:\/\/www.rosanerosiamonoi.it\/palermocalcio\/wp-content\/uploads\/2022\/05\/palermo-Entella-2-2-768x576.jpg 768w, http:\/\/www.rosanerosiamonoi.it\/palermocalcio\/wp-content\/uploads\/2022\/05\/palermo-Entella-2-2-1024x768.jpg 1024w, http:\/\/www.rosanerosiamonoi.it\/palermocalcio\/wp-content\/uploads\/2022\/05\/palermo-Entella-2-2-640x480.jpg 640w\" sizes=\"(max-width: 500px) 100vw, 500px\" \/><\/a><\/h2>\n<h2 style=\"text-align: center;\"><strong>Il Palermo si qualifica per le semifinali dei playoff di serie C.<\/strong><\/h2>\n<p>Alla fine dopo essere precipitati all&#8217;inferno dopo i due gol degli ospiti\u00a0 che qualificavano loro e non noi, \u00e8 arrivata una fiammata d&#8217;orgoglio e i due gol dei rosanero che cos\u00ec ribaltavano, pur non vincendo e non convincendo, la partita e tutto si metteva a posto per il Palermo che va ai Playoff in semifinale dove giocher\u00e0 contro una fortissima FeralpiSal\u00f2 che ha eliminato la squadra pi\u00f9 forte la Reggiana.<\/p>\n<p>La squadra allenata da Silvio Baldini pareggia 2-2 contro la Virtus Entella alla Favorita oggi &#8220;Barbera&#8221; davanti a 33.024 spettatori (record stagionale di presenze in tutto il campionato di C).<\/p>\n<div id=\"inArticle\">\n<div class=\"OUTBRAIN\" data-src=\"DROP_PERMALINK_HERE\" data-widget-id=\"AR_4\">Dopo il primo tempo concluso a reti inviolate, i liguri nel secondo tempo sono riusciti a portarsi sul 2-0, che avrebbe significato l&#8217;eliminazione per la squadra di casa, per effetto dei gol di Merkaj al 14&#8242;, su calcio di rigore per atterramento dello stesso Merkaj ad opera di Massolo, e Karic al 26&#8242;.<\/div>\n<div class=\"OUTBRAIN\" data-src=\"DROP_PERMALINK_HERE\" data-widget-id=\"AR_4\">La reazione dei rosanero \u00e8 firmata da Soleri al 33&#8242; e Fella al 38&#8242;. Il Palermo passa cos\u00ec il turno per effetto della vittoria 2-1 dell&#8217;andata a Chiavari.<\/div>\n<div class=\"OUTBRAIN\" data-src=\"DROP_PERMALINK_HERE\" data-widget-id=\"AR_4\">In semifinale il Palermo affronter\u00e0 la Feralpisal\u00f2: andata in trasferta per i rosanero mercoled\u00ec 25.<\/div>\n<div data-src=\"DROP_PERMALINK_HERE\" data-widget-id=\"AR_4\"><\/div>\n<div data-src=\"DROP_PERMALINK_HERE\" data-widget-id=\"AR_4\"><a href=\"http:\/\/www.rosanerosiamonoi.it\/palermocalcio\/2022\/05\/22\/palermo-entella-2-2-dallinferno-al-paradiso\/gradinata-pa-entella-2-22\/\" rel=\"attachment wp-att-15100\"><img decoding=\"async\" loading=\"lazy\" class=\"aligncenter wp-image-15100\" src=\"http:\/\/www.rosanerosiamonoi.it\/palermocalcio\/wp-content\/uploads\/2022\/05\/gradinata-pa-entella-2-22.jpg\" alt=\"\" width=\"501\" height=\"376\" srcset=\"http:\/\/www.rosanerosiamonoi.it\/palermocalcio\/wp-content\/uploads\/2022\/05\/gradinata-pa-entella-2-22.jpg 960w, http:\/\/www.rosanerosiamonoi.it\/palermocalcio\/wp-content\/uploads\/2022\/05\/gradinata-pa-entella-2-22-520x390.jpg 520w, http:\/\/www.rosanerosiamonoi.it\/palermocalcio\/wp-content\/uploads\/2022\/05\/gradinata-pa-entella-2-22-768x576.jpg 768w, http:\/\/www.rosanerosiamonoi.it\/palermocalcio\/wp-content\/uploads\/2022\/05\/gradinata-pa-entella-2-22-640x480.jpg 640w\" sizes=\"(max-width: 501px) 100vw, 501px\" \/><\/a><\/div>\n<\/div>\n<div data-src=\"DROP_PERMALINK_HERE\" data-widget-id=\"AR_4\">\n<p><b>PALERMO<\/b>: Massolo ; Buttaro , Lancini , Marconi , Giron\u00a0 (75\u2032 Crivello ); De Rose\u00a0 (75\u2032 Fella ), Damiani (66\u2032 Odjer ); Valente (63\u2032 Silipo ), Luperini , Floriano\u00a0 (46\u2032 Soleri ); Brunori .<br \/>\n<b>Panchina:\u00a0<\/b>Pelagotti, Accardi, Somma, Perrotta, Felici, Doda.<b><br \/>\nAllenatore<\/b>: Baldini .<\/p>\n<p><b>ENTELLA<\/b>: Borra ; Barlocco , Dessena\u00a0 (87\u2032 Lescano ), Capello (46\u2032 Meazzi ), Magrassi (66\u2032 Morosini ), Karic, Chiosa, Coppolaro (87\u2032 Di Cosmo ), Rada\u00a0 (80\u2032 Palmieri ), Merkaj, Sadiki .<br \/>\n<strong>Panchina:<\/strong>\u00a0Siaulys, Alesso, Lipani, Pellizzer, Banfi, Silvestre, Pavic.<br \/>\n<b>Allenatore<\/b>: Volpe .<\/p>\n<p><strong>ARBITRO:<\/strong>\u00a0Cascone (Nocera Inferiore) 6.5<\/p>\n<p><strong>RETI:\u00a0<\/strong>57\u2032 Merkaj, 71\u2032 Karic, 78\u2032 Soleri, 83\u2032 Fella<\/p>\n<p><strong>AMMONITI:\u00a0<\/strong>Valente, Coppolaro, Massolo, Odjer, Sadiki<\/p>\n<p><strong>ESPULSI:<\/strong>\u00a0\/.<\/p>\n<p><strong>NOTE:<\/strong>\u00a0serata serena, terreno in buone condizioni. Corner: 5-3. Recupero: 1\u2032 pt, 5\u2032 st.<\/p>\n<p>Come sempre se avessero vinto il voto per il Palermo sarebbe stato 10 per tutti ma pur passando il turno hanno alla fine solo pareggiato e non \u00e8 stata una bella partita come hanno visto tutti per cui per tutti anzich\u00e8 3 vista la qualificazione diamo un incoraggiante 4 nella speranza che si torni prima o poi a vincere e convincere &#8230; ma se anche dovessimo andare in B solo vincendo e non convincendo &#8230;. la nostra parte di tifoso ne sar\u00e0 felicissima e festeggeremo .<\/p>\n<\/div>\n<div id=\"inArticle\">\n<div data-src=\"DROP_PERMALINK_HERE\" data-widget-id=\"AR_4\"><\/div>\n<\/div>\n<h2 data-src=\"DROP_PERMALINK_HERE\" data-widget-id=\"AR_4\"><strong>I Quarti di finale\u00a0<\/strong><\/h2>\n<div data-src=\"DROP_PERMALINK_HERE\" data-widget-id=\"AR_4\">\n<ul>\n<li>Reggiana-<strong>FeralpiSal\u00f2\u00a0<\/strong>1-2 (1-3)\u00a0<em>34&#8242; rig. e 36&#8242; Miracoli (F), 48&#8242; Cremonesi (F)<\/em><\/li>\n<li><strong>Catanzaro<\/strong>-Monopoli 1-0 (3-1)\u00a0<em>27&#8242; Biasci<\/em><\/li>\n<li><strong>Padova<\/strong>-Juventus U23 0-1 (1-1)\u00a0<em>12&#8242; Barrenechea<\/em><\/li>\n<li><strong>Palermo<\/strong>-Virtus Entella 2-2 (4-3)\u00a0<em>58\u2032 rig. Merkaj (V), 72\u2032 Karic (V), 77\u2032 Soleri (P), 84\u2032 Fella (P)<\/em><\/li>\n<\/ul>\n<\/div>\n<div data-src=\"DROP_PERMALINK_HERE\" data-widget-id=\"AR_4\"><\/div>\n<div data-src=\"DROP_PERMALINK_HERE\" data-widget-id=\"AR_4\"><iframe loading=\"lazy\" title=\"YouTube video player\" src=\"https:\/\/www.youtube.com\/embed\/v4Z5nUGTkdg\" width=\"656\" height=\"408\" frameborder=\"0\" allowfullscreen=\"allowfullscreen\"><span data-mce-type=\"bookmark\" style=\"display: inline-block; width: 0px; overflow: hidden; line-height: 0;\" class=\"mce_SELRES_start\">\ufeff<\/span><\/iframe><\/div>\n<div data-src=\"DROP_PERMALINK_HERE\" data-widget-id=\"AR_4\"><\/div>\n<div data-src=\"DROP_PERMALINK_HERE\" data-widget-id=\"AR_4\">\n<h2>Semifinali\u00a0<strong>playoff<\/strong><\/h2>\n<p>Gli accoppiamenti in\u00a0<strong>semifinale\u00a0<\/strong>prevedono\u00a0<strong>Catanzaro-Padova<\/strong>\u00a0e\u00a0<strong>FeralpiSal\u00f2-Palermo<\/strong>. Si torna in campo gi\u00e0 nel mezzo della prossima settimana. Le\u00a0<strong>semifinali\u00a0<\/strong>si giocano con la formula della gara di andata e ritorno:\u00a0<strong>l&#8217;andata si giocher\u00e0 mercoled\u00ec 25 maggio mentre il ritorno \u00e8 in calendario domenica 29 maggio<\/strong>.<\/p>\n<p>Non ci sono pi\u00f9 \u201cteste di serie\u201d, quindi<strong>\u00a0in caso di parit\u00e0 di reti nel doppio confronto si giocheranno i tempi supplementari e si tireranno eventuali calci di rigore.<\/strong><\/p>\n<p>Non c&#8217;\u00e8 il vantaggio della classifica in regular season. L\u2019altra grande novit\u00e0 del regolamento sar\u00e0 l\u2019impiego del VAR: le semifinali e la finale dei playoff di Serie C (andata 5 giugno e ritorno 12 giugno) saranno le prime partite di Serie C a utilizzare la tecnologia per assistere gli arbitri.<\/p>\n<p><a href=\"http:\/\/www.rosanerosiamonoi.it\/palermocalcio\/2022\/05\/22\/palermo-entella-2-2-dallinferno-al-paradiso\/curva-sud-pa-entella-2-2\/\" rel=\"attachment wp-att-15101\"><img decoding=\"async\" loading=\"lazy\" class=\"aligncenter wp-image-15101\" src=\"http:\/\/www.rosanerosiamonoi.it\/palermocalcio\/wp-content\/uploads\/2022\/05\/curva-sud-PA-Entella-2-2.jpg\" alt=\"\" width=\"501\" height=\"376\" srcset=\"http:\/\/www.rosanerosiamonoi.it\/palermocalcio\/wp-content\/uploads\/2022\/05\/curva-sud-PA-Entella-2-2.jpg 960w, http:\/\/www.rosanerosiamonoi.it\/palermocalcio\/wp-content\/uploads\/2022\/05\/curva-sud-PA-Entella-2-2-520x390.jpg 520w, http:\/\/www.rosanerosiamonoi.it\/palermocalcio\/wp-content\/uploads\/2022\/05\/curva-sud-PA-Entella-2-2-768x576.jpg 768w, http:\/\/www.rosanerosiamonoi.it\/palermocalcio\/wp-content\/uploads\/2022\/05\/curva-sud-PA-Entella-2-2-640x480.jpg 640w\" sizes=\"(max-width: 501px) 100vw, 501px\" \/><\/a><\/p>\n<p>&nbsp;<\/p>\n<h3><strong>Mercoled\u00ec 25 maggio<\/strong><\/h3>\n<ul>\n<li>Catanzaro-Padova<\/li>\n<li><strong>FeralpiSal\u00f2-Palermo<\/strong><\/li>\n<\/ul>\n<h3><strong>Domenica 29 maggio<\/strong><\/h3>\n<ul>\n<li>Padova-Catanzaro<\/li>\n<li><strong>Palermo-FeralpiSal\u00f2<\/strong><\/li>\n<\/ul>\n<p><a href=\"http:\/\/www.rosanerosiamonoi.it\/palermocalcio\/2014\/11\/02\/milan-palermo-conferenza-iachini\/milan-vs-palermo-logo\/\" rel=\"attachment wp-att-5259\"><img decoding=\"async\" loading=\"lazy\" class=\"aligncenter wp-image-5259\" src=\"http:\/\/www.rosanerosiamonoi.it\/palermocalcio\/wp-content\/uploads\/2014\/11\/Milan-vs-palermo-logo.jpg\" alt=\"\" width=\"499\" height=\"262\" srcset=\"http:\/\/www.rosanerosiamonoi.it\/palermocalcio\/wp-content\/uploads\/2014\/11\/Milan-vs-palermo-logo.jpg 610w, http:\/\/www.rosanerosiamonoi.it\/palermocalcio\/wp-content\/uploads\/2014\/11\/Milan-vs-palermo-logo-520x272.jpg 520w, http:\/\/www.rosanerosiamonoi.it\/palermocalcio\/wp-content\/uploads\/2014\/11\/Milan-vs-palermo-logo-300x157.jpg 300w\" sizes=\"(max-width: 499px) 100vw, 499px\" \/><\/a><\/p>\n<p><strong>Intanto la societ\u00e0 \u00e8 stata venduta<\/strong> e siamo in attesa di conoscere i termini e quando la notizia verr\u00e0 ufficializzata e cos\u00ec potere conoscere\u00a0 ufficialmente quali saranno le ambizioni della nuova propriet\u00e0 che ci auguriamo si affianchi a dirigenti competenti e provvedano come prima cosa a comprare un organico d&#8217;eccellenza per raggiungere presto la serie A che ieri \u00e8 stato chiaro che questa citt\u00e0 e questi tifosi meritano<\/p>\n<p>Lasciatemi per ultimo ringraziare sempre un caro amico che \u00e8 stato il pi\u00f9 grande Presidente del Palermo che ha portato in squadra grandi campioni , e molti sono anche diventati campioni del Mondo in maglia azzurra &#8230; e mi ha regalato alla fine del girone d&#8217;andata la gioia di leggere sui quotidiani sportivi nazionali &#8220;Palermo Capolista&#8221; &#8230; ci pensate eravamo i primi serie A &#8230;.. ! Grazie caro Maurizio , sempre nel mio cuore !!!<\/p>\n<p style=\"text-align: center;\"><a href=\"http:\/\/www.rosanerosiamonoi.it\/palermocalcio\/2022\/05\/22\/palermo-entella-2-2-dallinferno-al-paradiso\/formazione-stellare-palermo\/\" rel=\"attachment wp-att-15102\"><img decoding=\"async\" loading=\"lazy\" class=\"aligncenter size-full wp-image-15102\" src=\"http:\/\/www.rosanerosiamonoi.it\/palermocalcio\/wp-content\/uploads\/2022\/05\/formazione-stellare-Palermo.jpg\" alt=\"\" width=\"640\" height=\"416\" srcset=\"http:\/\/www.rosanerosiamonoi.it\/palermocalcio\/wp-content\/uploads\/2022\/05\/formazione-stellare-Palermo.jpg 640w, http:\/\/www.rosanerosiamonoi.it\/palermocalcio\/wp-content\/uploads\/2022\/05\/formazione-stellare-Palermo-520x338.jpg 520w\" sizes=\"(max-width: 640px) 100vw, 640px\" \/><\/a><\/p>\n<\/div>\n<div data-src=\"DROP_PERMALINK_HERE\" data-widget-id=\"AR_4\"><\/div>\n<p>&nbsp;<\/p>\n<p>&nbsp;<\/p>\n","protected":false},"excerpt":{"rendered":"<p>Il Palermo si qualifica per le semifinali dei playoff di serie C. Alla fine dopo essere precipitati all&#8217;inferno dopo i due gol degli ospiti\u00a0 che qualificavano loro e non noi, \u00e8 arrivata una fiammata d&#8217;orgoglio e i due gol dei rosanero che cos\u00ec ribaltavano, pur non vincendo e non convincendo, la partita e tutto si [&hellip;]<\/p>\n","protected":false},"author":2,"featured_media":0,"comment_status":"closed","ping_status":"open","sticky":false,"template":"","format":"standard","meta":[],"categories":[10,35,1,3029,44],"tags":[2736,3961,1374,3963,2636,3964,3962,3958,3959,3960],"_links":{"self":[{"href":"http:\/\/www.rosanerosiamonoi.it\/palermocalcio\/wp-json\/wp\/v2\/posts\/15098"}],"collection":[{"href":"http:\/\/www.rosanerosiamonoi.it\/palermocalcio\/wp-json\/wp\/v2\/posts"}],"about":[{"href":"http:\/\/www.rosanerosiamonoi.it\/palermocalcio\/wp-json\/wp\/v2\/types\/post"}],"author":[{"embeddable":true,"href":"http:\/\/www.rosanerosiamonoi.it\/palermocalcio\/wp-json\/wp\/v2\/users\/2"}],"replies":[{"embeddable":true,"href":"http:\/\/www.rosanerosiamonoi.it\/palermocalcio\/wp-json\/wp\/v2\/comments?post=15098"}],"version-history":[{"count":2,"href":"http:\/\/www.rosanerosiamonoi.it\/palermocalcio\/wp-json\/wp\/v2\/posts\/15098\/revisions"}],"predecessor-version":[{"id":15105,"href":"http:\/\/www.rosanerosiamonoi.it\/palermocalcio\/wp-json\/wp\/v2\/posts\/15098\/revisions\/15105"}],"wp:attachment":[{"href":"http:\/\/www.rosanerosiamonoi.it\/palermocalcio\/wp-json\/wp\/v2\/media?parent=15098"}],"wp:term":[{"taxonomy":"category","embeddable":true,"href":"http:\/\/www.rosanerosiamonoi.it\/palermocalcio\/wp-json\/wp\/v2\/categories?post=15098"},{"taxonomy":"post_tag","embeddable":true,"href":"http:\/\/www.rosanerosiamonoi.it\/palermocalcio\/wp-json\/wp\/v2\/tags?post=15098"}],"curies":[{"name":"wp","href":"https:\/\/api.w.org\/{rel}","templated":true}]}}