{"id":17535,"date":"2023-09-16T18:55:29","date_gmt":"2023-09-16T16:55:29","guid":{"rendered":"https:\/\/www.rosanerosiamonoi.it\/palermocalcio\/?p=17535"},"modified":"2023-09-18T23:33:58","modified_gmt":"2023-09-18T21:33:58","slug":"ascoli-palermo-0-1-2-video","status":"publish","type":"post","link":"http:\/\/www.rosanerosiamonoi.it\/palermocalcio\/2023\/09\/16\/ascoli-palermo-0-1-2-video\/","title":{"rendered":"Ascoli-Palermo 0-1 ( 2 Video) Parma 1\u00b0-Venezia 2\u00b0"},"content":{"rendered":"<p style=\"text-align: center;\"><a href=\"https:\/\/www.rosanerosiamonoi.it\/palermocalcio\/2023\/09\/16\/ascoli-palermo-0-1-video\/ascoli-palermo-0-1\/\" rel=\"attachment wp-att-17537\"><img decoding=\"async\" loading=\"lazy\" class=\"aligncenter wp-image-17537\" src=\"http:\/\/www.rosanerosiamonoi.it\/palermocalcio\/wp-content\/uploads\/2023\/09\/ascoli-palermo-0-1.jpg\" alt=\"\" width=\"450\" height=\"248\" srcset=\"http:\/\/www.rosanerosiamonoi.it\/palermocalcio\/wp-content\/uploads\/2023\/09\/ascoli-palermo-0-1.jpg 885w, http:\/\/www.rosanerosiamonoi.it\/palermocalcio\/wp-content\/uploads\/2023\/09\/ascoli-palermo-0-1-520x287.jpg 520w, http:\/\/www.rosanerosiamonoi.it\/palermocalcio\/wp-content\/uploads\/2023\/09\/ascoli-palermo-0-1-768x423.jpg 768w, http:\/\/www.rosanerosiamonoi.it\/palermocalcio\/wp-content\/uploads\/2023\/09\/ascoli-palermo-0-1-640x353.jpg 640w\" sizes=\"(max-width: 450px) 100vw, 450px\" \/><\/a><\/p>\n<h1 style=\"text-align: center;\"><strong>ASCOLI-PALERMO 0-1<\/strong><\/h1>\n<h3 style=\"text-align: center;\"><strong>92\u00b0 Mancuso<\/strong><\/h3>\n<h4 style=\"text-align: center;\">Ore 14 stadio \u201cDel Duca\u201d di Ascoli Piceno<\/h4>\n<h4 style=\"text-align: center;\">Match valido per la Quinta giornata del campionato di Serie B.<\/h4>\n<p>Ascoli, 16 settembre 2023 \u2013\u00a0 Quando tutto sembrava volgere ad un pari fra Ascoli e Palermo per 0-0, nei tempi di recupero al 92\u00b0 ci pensava Mancuso a realizzare il gol del definitivo vantaggio per i rosanero e chiudere con una importante vittoria che lancia la squadra in alto in classifica , con una partita da recuperare cos\u00ec come tante altre ed il Brescia ed il Lecco con 3 partite in meno.<\/p>\n<p>L\u2019unico sussulto palermitano dei primi quarantacinque minuti \u00e8 un <strong>colpo di testa di Segre<\/strong> scorrendo la timeline su calcio d\u2019angolo. Sono sedici gli uomini in area (tutti quelli dell\u2019Ascoli e quasi tutti quelli del Palermo) e allora ci vuole il miglior guantone di Viviano per fermare il colpo di testa del giocatore rosanero.<\/p>\n<p>Partita d&#8217;equilibrio e corsa.\u00a0Pochi sussulti e un episodio che condanna i bianconeri. Il Palermo passa al Del Duca\u00a0<strong>nel recupero<\/strong>\u00a0costringendo l\u2019Ascoli di Viali,\u00a0<strong>un discreto Ascoli a<\/strong> dir la verit\u00e0, a soccombere contro una squadra che sfrutta i minuti di recupero per portarsi in vantaggio. Passa il Palermo poco prima del gong e per il Picchio \u2013 comunque <strong>sostenuto dalla tifoseria<\/strong>\u00a0a fine partita sotto la Curva Nord \u2013 arriva la\u00a0<strong>quarta sconfitta in cinque partite<\/strong>, la terza senza andare a segno.<\/p>\n<p><strong>L\u2019assenza di Botteghin\u00a0<\/strong>nell\u2019undici (problemi alla schiena) riporta Quaranta al fianco di Bellusci, Milanese va ad occupare la zona di banda mancina in un 4-4-2 ipoteticamente intercambiabile dove Gnahor\u00e9 e Di Tacchio devono bloccare, cucire e far ripartire una squadra che anzitutto deve rispondere a livello mentale dopo il \u201c<strong>punto e a capo\u201d richiesto da mister Viali<\/strong>. Corini ha frecce sufficienti da scegliere e sul prato invidiabile del Del Duca e allora conferma Henderson incursore, Di Francesco e Di Mariano esterni con Brunori terminale.<\/p>\n<div id=\"taboola-mid-article-thumbnails-sport\" class=\" trc_related_container trc_spotlight_widget trc_elastic trc_elastic_thumbs-mid-01 \" data-placement-name=\"Mid Article Thumbnails Sport\">\n<div class=\"trc_rbox_container\">\n<div>\n<div id=\"trc_wrapper_75781\" class=\"trc_rbox thumbs-mid-01 trc-content-sponsored \">\n<div id=\"trc_header_75781\" class=\"trc_rbox_header trc_rbox_border_elm\">\n<div class=\"trc_header_ext\">\n<div class=\"logoDiv link-attribution \"><\/div>\n<div class=\"logoDiv link-disclosure attribution-disclosure-link-sponsored\"><\/div>\n<\/div>\n<p><span class=\"trc_rbox_header_span\">Potrebbe interessarti anche<\/span><\/p>\n<\/div>\n<div id=\"outer_75781\" class=\"trc_rbox_outer\">\n<div id=\"rbox-t2m\" class=\"trc_rbox_div trc_rbox_border_elm\">\n<div id=\"internal_trc_75781\"><\/div>\n<\/div>\n<\/div>\n<div class=\"trc_clearer\"><\/div>\n<\/div>\n<\/div>\n<\/div>\n<\/div>\n<p><strong>Il primo tempo\u00a0<\/strong>dell\u2019Ascoli \u00e8 mentalmente acceso. cosa rispondere alle domande che si fanno anche i tifosi: la squadra mostra compattezza fisica e mentale? S\u00ec. Mostra organizzazione di gioco in fase di non possesso? Si. Qualit\u00e0 offensiva? Ancora no, al momento no. Ed il fatto che in quarantacinque minuti <strong>le due occasioni pi\u00f9 importanti siano una ripartenza<\/strong> (rilancio da marpione di Viviano) e una punizione laterale (smorzata senza fortuna da Rodriguez) la dice lunga sul percorso che mister Viali \u00e8 chiamato a fare. Ma ci sono anche <strong>diverse buone notizie<\/strong>\u00a0\u2013 al netto del poco sufficiente arbitraggio che \u00e8 richiamato dal VAR dopo la mezzora per annullare un rigore per pestone di Bayeye su Di Francesco \u2013 perch\u00e9 i bianconeri dimostrano di essere\u00a0<strong>psicologicamente solidi<\/strong>\u00a0di fronte ad un avversario sicuramente da medio alta zona della classifica.<\/p>\n<p>anche se l&#8217;unico sussulto palermitano dei primi quarantacinque, infatti, \u00e8 un <strong>colpo di testa di Segre<\/strong>\u00a0scorrendo la timeline di un calcio d\u2019angolo. Sono sedici gli uomini in area (tutti quelli dell\u2019Ascoli e quasi tutti quelli del Palermo) e allora ci vuole il miglior guantone di Viviano per accompagnare la signora sfera fuori dalla porta.<\/p>\n<p>Al 36&#8242; Dionisi aveva assegnato un rigore al Palermo per un presunto fallo in area di Bayeye su Di Francesco ma poi cambia idea, tra i fischi del pubblico ascolano, dopo aver rivisto l&#8217;azione al monitor su segnalazione del Var Miele. La prima frazione si chiude con una punizione velenosa a giro dalla sinistra di Milanese che sfiora il palo pi\u00f9 lontano.<\/p>\n<p><strong>Nel secondo tempo entra Caligara<\/strong> insieme a <strong>Nestorovski<\/strong> al decimo della ripresa e dopo un paio di frittatine prova dalla distanza: palla che <strong>rimbalza fuori<\/strong>. Il Palermo cambia tre uomini e Brunori arriva ad un passo dall\u2019esultanza con un\u00a0<strong>fendente rasoterra\u00a0<\/strong>e in generale si avverte un\u2019aria diversa dopo il riposo: entrambe spingono un po\u2019 di pi\u00f9 esponendo il fianco. E allora ancora Caligara dalla distanza: bella sassata, alta di poco. Altro\u00a0<em>tourbillon\u00a0<\/em>di sostituzioni e poco altro, se non la voglia di portarsi in avanti. E invece, a recupero appena assegnato la\u00a0<strong>doccia fredda<\/strong>: corner, spizzata, tocco di Mancuso, sempre Mancuso, ancora Mancuso. Palermo in vantaggio. La deviazione vincente, come detto, la mette Mancuso, entrato al posto di Di Francesco per fare l\u2019esterno trovando il suo primo gol stagionale. Cos\u00ec i rosanero salgono a 10 punti in 4 partite, mentre l\u2019Ascoli resta a 3 ma Viali pu\u00f2 essere soddisfatto. Sipario amaro per i padroni di casa . Troppo, amaro.<\/p>\n<div><\/div>\n<p><iframe loading=\"lazy\" title=\"Ascoli vs Palermo 0-1 | Nel finale i rosanero acciuffano 3 punti | HIGHLIGHTS SERIE BKT 2023 - 2024\" src=\"https:\/\/www.youtube.com\/embed\/GQL60zFE0Hs\" width=\"656\" height=\"408\" frameborder=\"0\" allowfullscreen=\"allowfullscreen\"><span data-mce-type=\"bookmark\" style=\"display: inline-block; width: 0px; overflow: hidden; line-height: 0;\" class=\"mce_SELRES_start\">\ufeff<\/span><\/iframe><\/p>\n<div>\n<h2>Il tabellino<\/h2>\n<p><strong>ASCOLI\u00a0<\/strong>(4-4-2): Viviano; Bayeye, Bellusci, Quaranta, Giovane; Manzari (55\u2019 Caligara), Gnahor\u00e9 (92\u2019 Millico), Di Tacchio (73\u2019 Masini), Milanese (73\u2019 Falzerano); Rodriguez (55\u2019 Nestorovski), Pedro Gomes. A disp: Barosi, Bolletta, Haveri, Kraja, D\u2019Uffizi, Botteghin; Falasco. All. Viali<\/p>\n<p><strong>PALERMO\u00a0<\/strong>(4-3-3): Pigliacelli; Mateju, Lucioni, Ceccaroni, Aurelio (66\u2019 Lund); Henderson (66\u2019 Gomes), Stulac, Segre (83\u2019Coulibaly); Di Mariano, Brunori (83\u2019 Soleri), Di Francesco (66\u2019 Mancuso). A disp: Desplances, Nespola, Jensen, Marconi, Nedelcearu, Vasic, Valente. All. Corini<\/p>\n<p><strong>ARBITRO<\/strong>: Dionisi di L\u2019Aquila (D\u2019Ascanio, Ceolin; Baratta; VAR Miele, Mazzoleni)<\/p>\n<p><strong>RETI<\/strong>: 90\u2019+2\u2019 Mancuso (P)<\/p>\n<p><strong>NOTE<\/strong>: recupero 2\u2019 + 6\u2019. Ammoniti Aurelio, Coulibaly (P) per gioco scorretto.<\/p>\n<\/div>\n<p>&nbsp;<\/p>\n<h2 style=\"text-align: center;\"><strong>RISULTATI 5^ GIORNATA SERIE B<\/strong><\/h2>\n<p><strong>Venezia-Spezia 1-0<\/strong><\/p>\n<p><strong>Marcatori:<\/strong>\u00a012\u2032 st\u00a0Pohjanpalo<\/p>\n<p><strong>Pisa-Bari 1-1<\/strong><\/p>\n<p><strong>Marcatori<\/strong>: 12\u2032 Beruatto (P), 85\u2032 Hemsley (B)<\/p>\n<p><strong>Feralpisalo-Modena 1-1<\/strong><\/p>\n<p><strong>Marcatori:<\/strong>\u00a02\u2032 Falcinelli (M), 9\u2032 Balestrero (F)<\/p>\n<p><strong>Lecco-Brescia 0-2<\/strong><\/p>\n<p><strong>Marcatori<\/strong>:\u00a03\u2019 Borrelli, 63\u2019 Bianchi<\/p>\n<p><strong>Ascoli-Palermo 0-1<\/strong><\/p>\n<p><strong>Marcatore:<\/strong>\u00a092\u2032 Mancuso<\/p>\n<p><strong>Cosenza-Sudtirol 2-2<\/strong><\/p>\n<p class=\"p1\"><strong>Marcatori:<\/strong>\u00a09\u2019 Venturi (C), 66\u2019 Casiraghi (S), 75\u2019 Odogwu (S), 99\u2019 Mazzocchi (C)<\/p>\n<p><strong>Reggiana-Cremonese 2-2<\/strong><\/p>\n<p><strong>Marcatori<\/strong>:\u00a015\u2019 Pettinari rig. (R), 23\u2019 Portanova (R), 65\u2019 Collocolo (C), 86\u2019 Coda (C)<\/p>\n<p><strong>Domenica 17 settembre ore 16.15<\/strong><\/p>\n<p><strong>Catanzaro-Parma 0-5<\/strong><\/p>\n<p><strong>Marcatori : <\/strong>D.Man 18\u00b0, Benedyczak (Rig.) 25\u00b0, Benedyczak 40\u00b0, Partipilo 2\u00b0 st, Colak 39\u00b0 st.<\/p>\n<p><strong>Como-Ternana 2-1 <\/strong><\/p>\n<p><strong>MARCATORI:<\/strong>\u00a029&#8242; st A. Raimondo (T), 38&#8242; st C. Odenthal (C), 50&#8242; st C. Odenthal (C)<\/p>\n<p><strong>Luned\u00ec 18 settembre ore 20.30<\/strong><\/p>\n<p><strong>Sampdoria-Cittadella 1-2<\/strong><\/p>\n<p><strong>Marcatori :<\/strong> La Gumina 43\u00b0 &#8211; Magrassi 4\u00b0 st -Branca 21\u00b0 st<\/p>\n<h1 id=\"iol-toc-ee7aa346a1c123c1be635a4f4e8c22e5\" style=\"text-align: center;\">Classifica aggiornata alla 5\u00b0 giornata<\/h1>\n<p>Venezia ancora in testa della classifica in attesa del big match della giornata tra Catanzaro e Parma in programma domani.<\/p>\n<p class=\"p1\"><strong>Parma 13 Venezia 11, Palermo, Catanzaro e Modena 10,Cittadella 8, Sudtirol 8, Bari 7, Como 7, Brescia 6, Cosenza, Cittadella, Reggiana e Cremonese, 5, Pisa 4, Ascoli 3, Sampdoria 2, Spezia, Ternana e Feralpisal\u00f2 1, Lecco 0<\/strong>.<\/p>\n<p><strong>Sampdoria:<\/strong>\u00a02 punti di penalizzazione<br \/>\n<strong>Lecco e Brescia:<\/strong>\u00a03 partite in meno<br \/>\n<strong>Pisa, Como, Sudtirol, Palermo e Modena:<\/strong>\u00a01 partita in meno<\/p>\n<h2 id=\"iol-toc-b1637bfd7bce3877644686f6fb07452d\">La classifica marcatori alla 5\u00b0 giornata<\/h2>\n<p class=\"p1\"><strong>Casiraghi del Sudtirol<\/strong>\u00a0sempre pi\u00f9 in testa alla classifica marcatori coin 5 gol, lo seguono Mendes (Ascoli), Odogwu (Sudtirol) e Pierini (Venezia) con 3 gol<\/p>\n<div>\n<p><a href=\"https:\/\/www.rosanerosiamonoi.it\/palermocalcio\/2023\/09\/16\/ascoli-palermo-0-1-video\/viali-cosenza\/\" rel=\"attachment wp-att-17536\"><img decoding=\"async\" loading=\"lazy\" class=\"aligncenter wp-image-17536\" src=\"http:\/\/www.rosanerosiamonoi.it\/palermocalcio\/wp-content\/uploads\/2023\/09\/viali-cosenza.jpg\" alt=\"\" width=\"251\" height=\"167\" srcset=\"http:\/\/www.rosanerosiamonoi.it\/palermocalcio\/wp-content\/uploads\/2023\/09\/viali-cosenza.jpg 768w, http:\/\/www.rosanerosiamonoi.it\/palermocalcio\/wp-content\/uploads\/2023\/09\/viali-cosenza-520x347.jpg 520w, http:\/\/www.rosanerosiamonoi.it\/palermocalcio\/wp-content\/uploads\/2023\/09\/viali-cosenza-150x100.jpg 150w, http:\/\/www.rosanerosiamonoi.it\/palermocalcio\/wp-content\/uploads\/2023\/09\/viali-cosenza-200x133.jpg 200w, http:\/\/www.rosanerosiamonoi.it\/palermocalcio\/wp-content\/uploads\/2023\/09\/viali-cosenza-250x166.jpg 250w, http:\/\/www.rosanerosiamonoi.it\/palermocalcio\/wp-content\/uploads\/2023\/09\/viali-cosenza-640x427.jpg 640w\" sizes=\"(max-width: 251px) 100vw, 251px\" \/><\/a><\/p>\n<p>L\u2019allenatore dell\u2019Ascoli\u00a0<b>William Viali<\/b> ha parlato nella sala stampa dello stadio \u201cDel Duca\u201d al termine del match perso contro il Palermo nella Quinta giornata del Campionato di Serie B.<\/p>\n<p><i>\u201cQuesta \u00e8 una sconfitta che fa ancora pi\u00f9 male perch\u00e9 purtroppo c&#8217;\u00e8 stata la partenza difettosa che ha caratterizzato l&#8217;attuale classifica. Abbiamo giocato ad armi pari con una squadra forte. I ragazzi sono stati coraggiosi nelle due fasi. Il gol negli ultimi minuti \u00e8 stata veramente una mazzata. Il Palermo nella ripresa era sceso e sembrava che la partita fosse in mano. La classifica non ci piace, non \u00e8 giusta per quello che sta esprimendo la squadra. Resto focalizzato nel percorso nuovo, la squadra \u00e8 cambiata. Oggi faccio fatica a trovare errori. Forse quello pi\u00f9 grave \u00e8 stato perder palla in contropiede nel finale di una partita. Ci\u00f2 dimostra che la squadra crede in quello che fa, ma \u00e8 necessario fare un salto di qualit\u00e0. Finch\u00e9 la partita resta nello spartito siamo bravi, ma dobbiamo esserlo anche quando le cose cambiano improvvisamente. Questo cammino iniziato con handicap non pu\u00f2 essere pulito in due partite. Dobbiamo fare un salto di qualit\u00e0 da punto di vista della mentalit\u00e0. Grande merito al pubblico di Ascoli che nonostante la sconfitta ci ha applaudito dopo aver dato tutto&#8221;.<\/i><\/p>\n<p><a href=\"https:\/\/www.rosanerosiamonoi.it\/palermocalcio\/2018\/01\/11\/calcio-nestorovski-voglio-tornare-in-serie-a-con-il-palermo\/nestorovski-2\/\" rel=\"attachment wp-att-8103\"><img decoding=\"async\" loading=\"lazy\" class=\"aligncenter wp-image-8103\" src=\"http:\/\/www.rosanerosiamonoi.it\/palermocalcio\/wp-content\/uploads\/2018\/01\/nestorovski-2.jpg\" alt=\"\" width=\"250\" height=\"178\" srcset=\"http:\/\/www.rosanerosiamonoi.it\/palermocalcio\/wp-content\/uploads\/2018\/01\/nestorovski-2.jpg 436w, http:\/\/www.rosanerosiamonoi.it\/palermocalcio\/wp-content\/uploads\/2018\/01\/nestorovski-2-300x214.jpg 300w\" sizes=\"(max-width: 250px) 100vw, 250px\" \/><\/a><\/p>\n<p>Una curiosit\u00e0 \u00e8 il passato che ritorna da avversario. Dalla B alla&#8230; B. <strong>Ilja Nestorovski<\/strong>\u00a0 ha incontrato nuovamente i rosanero tra i cadetti a 4 anni, 4 mesi e 2 giorni di distanza, dopo aver salutato il \u201cBarbera\u201d con un gol e un assist al fischio finale della sfida pareggiata contro il Cittadella l\u201911 maggio 2019.<\/p>\n<p><a href=\"https:\/\/www.rosanerosiamonoi.it\/palermocalcio\/2023\/09\/16\/ascoli-palermo-0-1-video\/bellusci\/\" rel=\"attachment wp-att-17539\"><img decoding=\"async\" loading=\"lazy\" class=\"aligncenter wp-image-17539\" src=\"http:\/\/www.rosanerosiamonoi.it\/palermocalcio\/wp-content\/uploads\/2023\/09\/bellusci.png\" alt=\"\" width=\"230\" height=\"222\" \/><\/a><\/p>\n<p>&nbsp;<\/p>\n<p><strong>Giuseppe Bellusci<\/strong> , ex rosanero con Nestorovski \u00e8 intervenuto in conferenza stampa dopo il ko dell\u2019Ascoli con il Palermo ha rilasciato le seguenti dichiarazioni:<\/p>\n<p>\u00abQuesto \u00e8 il calcio,<strong> siamo stati sfortunati e anche un po\u2019 polli.<\/strong> Lavoriamo bene in quelle circostanze, avevamo lavorato bene su tutti i calci d\u2019angolo e abbiamo sbagliato sull\u2019ultimo. Sono estremamente convinto del percorso dell\u2019allenatore, della societ\u00e0, dei miei compagni, dei tifosi, credo fortemente a tutto questo. Usciremo da questa situazione, il percorso \u00e8 iniziato un po\u2019 in ritardo, a Cosenza e Modena non eravamo noi. Abbiamo capito dopo cosa vuole l\u2019allenatore da noi. Tutti sappiamo cosa fare, le richieste sono chiare. Nelle ultime tre partite ci sono state sempre le prestazioni, stiamo raccogliendo meno, ma sono convinto di noi. Siamo stati leggermente lenti, ma siamo stati bravi a reagire. La coperta \u00e8 sempre corta, se marchi a uomo hai delle lacune, a zone ne hai altre. La ricetta perfetta non esiste. La differenza la fa la coerenza e l\u2019equilibrio, oggi abbiamo dimostrato di essere una squadra quadrata, siamo ben definiti e si vedr\u00e0 sempre di pi\u00f9. L\u2019importante \u00e8 continuare a credere in quello che facciamo\u00bb.<\/p>\n<\/div>\n<h2 class=\"elenchi__title\" style=\"text-align: center;\"><span class=\"title-medium-box title-medium-box--v\">PROSSIMO TURNO 6\u00aa GIORNATA<\/span><\/h2>\n<h5 class=\"title-small-box elenchi__title\">ven 22 SET ore 20:30<\/h5>\n<ul class=\"elenco-all\">\n<li class=\"elenco-all__item\"><span class=\"elenco-all__match elenco-all__match--clc\"><span class=\"elenco-all__team\"><span style=\"color: #ff00ff;\"><strong>Palermo<\/strong><\/span> &#8211; <\/span><span class=\"elenco-all__team\">Cosenza<\/span><\/span><\/li>\n<\/ul>\n<h5 class=\"title-small-box elenchi__title\">sab 23 SET ore 14:00<\/h5>\n<ul class=\"elenco-all\">\n<li class=\"elenco-all__item\"><span class=\"elenco-all__match elenco-all__match--clc\"><span class=\"elenco-all__team\">Ternana &#8211; <\/span><span class=\"elenco-all__team\">Sudtirol<\/span><\/span><\/li>\n<li class=\"elenco-all__item\"><span class=\"elenco-all__match elenco-all__match--clc\"><span class=\"elenco-all__team\">Feralpisalo &#8211; <\/span><span class=\"elenco-all__team\">Pisa<\/span><\/span><\/li>\n<li class=\"elenco-all__item\"><span class=\"elenco-all__match elenco-all__match--clc\"><span class=\"elenco-all__team\">Modena &#8211; <\/span><span class=\"elenco-all__team\">Lecco<\/span><\/span><\/li>\n<li class=\"elenco-all__item\"><span class=\"elenco-all__match elenco-all__match--clc\"><span class=\"elenco-all__team\">Cremonese &#8211; <\/span><span class=\"elenco-all__team\">Ascoli<\/span><\/span><\/li>\n<li class=\"elenco-all__item\"><span class=\"elenco-all__match elenco-all__match--clc\"><span class=\"elenco-all__team\">Brescia &#8211; <\/span><span class=\"elenco-all__team\">Venezia<\/span><\/span><\/li>\n<li>\n<h5 class=\"title-small-box elenchi__title\">sab 23 SET ore 16:15<\/h5>\n<ul class=\"elenco-all\">\n<li class=\"elenco-all__item\"><span class=\"elenco-all__match elenco-all__match--clc\"><span class=\"elenco-all__team\">Spezia &#8211; <\/span><span class=\"elenco-all__team\">Reggiana<\/span><\/span><\/li>\n<\/ul>\n<h5 class=\"title-small-box elenchi__title\">dom 24 SET ore 16:15<\/h5>\n<ul class=\"elenco-all\">\n<li class=\"elenco-all__item\"><span class=\"elenco-all__match elenco-all__match--clc\"><span class=\"elenco-all__team\">Parma &#8211; <\/span><span class=\"elenco-all__team\">Sampdoria<\/span><\/span><\/li>\n<li class=\"elenco-all__item\"><span class=\"elenco-all__match elenco-all__match--clc\"><span class=\"elenco-all__team\">Bari &#8211; <\/span><span class=\"elenco-all__team\">Catanzaro<\/span><\/span><\/li>\n<li class=\"elenco-all__item\"><span class=\"elenco-all__match elenco-all__match--clc\"><span class=\"elenco-all__team\">Cittadella &#8211; <\/span><span class=\"elenco-all__team\">Como<\/span><\/span><\/li>\n<\/ul>\n<\/li>\n<\/ul>\n","protected":false},"excerpt":{"rendered":"<p>ASCOLI-PALERMO 0-1 92\u00b0 Mancuso Ore 14 stadio \u201cDel Duca\u201d di Ascoli Piceno Match valido per la Quinta giornata del campionato di Serie B. Ascoli, 16 settembre 2023 \u2013\u00a0 Quando tutto sembrava volgere ad un pari fra Ascoli e Palermo per 0-0, nei tempi di recupero al 92\u00b0 ci pensava Mancuso a realizzare il gol del [&hellip;]<\/p>\n","protected":false},"author":2,"featured_media":17537,"comment_status":"closed","ping_status":"open","sticky":false,"template":"","format":"standard","meta":[],"categories":[43,10,35,1,44],"tags":[5027,1394,5028,4964,5031,2636,5029,4991,5030,6],"_links":{"self":[{"href":"http:\/\/www.rosanerosiamonoi.it\/palermocalcio\/wp-json\/wp\/v2\/posts\/17535"}],"collection":[{"href":"http:\/\/www.rosanerosiamonoi.it\/palermocalcio\/wp-json\/wp\/v2\/posts"}],"about":[{"href":"http:\/\/www.rosanerosiamonoi.it\/palermocalcio\/wp-json\/wp\/v2\/types\/post"}],"author":[{"embeddable":true,"href":"http:\/\/www.rosanerosiamonoi.it\/palermocalcio\/wp-json\/wp\/v2\/users\/2"}],"replies":[{"embeddable":true,"href":"http:\/\/www.rosanerosiamonoi.it\/palermocalcio\/wp-json\/wp\/v2\/comments?post=17535"}],"version-history":[{"count":10,"href":"http:\/\/www.rosanerosiamonoi.it\/palermocalcio\/wp-json\/wp\/v2\/posts\/17535\/revisions"}],"predecessor-version":[{"id":17550,"href":"http:\/\/www.rosanerosiamonoi.it\/palermocalcio\/wp-json\/wp\/v2\/posts\/17535\/revisions\/17550"}],"wp:featuredmedia":[{"embeddable":true,"href":"http:\/\/www.rosanerosiamonoi.it\/palermocalcio\/wp-json\/wp\/v2\/media\/17537"}],"wp:attachment":[{"href":"http:\/\/www.rosanerosiamonoi.it\/palermocalcio\/wp-json\/wp\/v2\/media?parent=17535"}],"wp:term":[{"taxonomy":"category","embeddable":true,"href":"http:\/\/www.rosanerosiamonoi.it\/palermocalcio\/wp-json\/wp\/v2\/categories?post=17535"},{"taxonomy":"post_tag","embeddable":true,"href":"http:\/\/www.rosanerosiamonoi.it\/palermocalcio\/wp-json\/wp\/v2\/tags?post=17535"}],"curies":[{"name":"wp","href":"https:\/\/api.w.org\/{rel}","templated":true}]}}