{"id":17671,"date":"2023-10-24T20:57:06","date_gmt":"2023-10-24T18:57:06","guid":{"rendered":"https:\/\/www.rosanerosiamonoi.it\/palermocalcio\/?p=17671"},"modified":"2023-10-24T20:57:08","modified_gmt":"2023-10-24T18:57:08","slug":"palermo-spezia-2-2-grazie-a-santa-rosalia-video","status":"publish","type":"post","link":"http:\/\/www.rosanerosiamonoi.it\/palermocalcio\/2023\/10\/24\/palermo-spezia-2-2-grazie-a-santa-rosalia-video\/","title":{"rendered":"Palermo-Spezia 2-2 grazie a Santa Rosalia (VIDEO)"},"content":{"rendered":"<p style=\"text-align: center;\"><a href=\"https:\/\/www.rosanerosiamonoi.it\/palermocalcio\/2023\/10\/24\/palermo-spezia-2-2-grazie-a-santa-rosalia-video\/palermo-spezia-2-2\/\" rel=\"attachment wp-att-17673\"><img decoding=\"async\" loading=\"lazy\" class=\"aligncenter wp-image-17673 \" src=\"http:\/\/www.rosanerosiamonoi.it\/palermocalcio\/wp-content\/uploads\/2023\/10\/palermo-Spezia-2-2-e1698145669464.jpg\" alt=\"\" width=\"351\" height=\"197\" srcset=\"http:\/\/www.rosanerosiamonoi.it\/palermocalcio\/wp-content\/uploads\/2023\/10\/palermo-Spezia-2-2-e1698145669464.jpg 640w, http:\/\/www.rosanerosiamonoi.it\/palermocalcio\/wp-content\/uploads\/2023\/10\/palermo-Spezia-2-2-e1698145669464-520x293.jpg 520w\" sizes=\"(max-width: 351px) 100vw, 351px\" \/><\/a><\/p>\n<p style=\"text-align: center;\"><strong>MARCATORI<\/strong>: <strong>31&#8242; Reca, 70&#8242; P. Esposito, 73&#8242; Mancuso, 104&#8242; Stulac<\/strong><\/p>\n<p>Si \u00e8 conclusa con un pari una partita che ha messo in mostra una squadra ben strutturata , forte anche se con qualche vuoto di memoria e che avrebbe meritato la vittoria e questa non \u00e8 il Palermo ma lo Spezia che ha cercato da subito di prendere in mano le redini della partita anche se giocava in trasferta ed ha cercato con convinzione la via del gol riuscendo due volte a portarsi in vantaggio per essere raggiunto l&#8217;ultimo minuto dei tempi supplementari con una punizione ben battuta da Stulac accompagnata oltre la liea di porta dalla mano benevola della nostra cara Santa Rosalia che l&#8217;ha depositata in fondo alla rete e che \u00e8 il vero autore\u00a0 del Gol ed a Lei\u00a0 a cui lo assegniamo almeno noi\u00a0 anche se nella foto fa finta di niente. Grazie Santa Rosalia !!!<\/p>\n<p><a href=\"https:\/\/www.rosanerosiamonoi.it\/palermocalcio\/2018\/07\/14\/394-festino-viva-santa-rosalia\/santa-rosalia\/\" rel=\"attachment wp-att-8377\"><img decoding=\"async\" loading=\"lazy\" class=\"aligncenter wp-image-8377\" src=\"http:\/\/www.rosanerosiamonoi.it\/palermocalcio\/wp-content\/uploads\/2018\/07\/santa-rosalia.jpg\" alt=\"\" width=\"251\" height=\"158\" srcset=\"http:\/\/www.rosanerosiamonoi.it\/palermocalcio\/wp-content\/uploads\/2018\/07\/santa-rosalia.jpg 580w, http:\/\/www.rosanerosiamonoi.it\/palermocalcio\/wp-content\/uploads\/2018\/07\/santa-rosalia-520x327.jpg 520w, http:\/\/www.rosanerosiamonoi.it\/palermocalcio\/wp-content\/uploads\/2018\/07\/santa-rosalia-300x189.jpg 300w\" sizes=\"(max-width: 251px) 100vw, 251px\" \/><\/a><\/p>\n<p>Una partita che ha mostrato a tutto il pubblico presente l&#8217;inadeguatezza di questo organico e la necessit\u00e0 di comprare giocatori adatti a vincere il Torneo di Serie B ed avere gi\u00e0 una base forte per poi rimanere in Serie A con 7-8 innesti di altissimo valore come meritano i tifosi rosanero che non hanno mai fatto mancare il loro incitamento fino ad oggi ma che ieri in tribuna, abbiamo sentito spazientirsi e sottolineare i continui errori da parte dei giocatori rosanero usando nei loro confronti espressioni diciamo molto colorite invitandoli ad andare a giocare da altre parti.<\/p>\n<p>Come nostro costume che diamo <strong>10<\/strong> alla squadra che vince al di l\u00e0 della prestazione e merita il massimo voto per avere conquistato i 3 punti, oggi con un pari il voto \u00e8 <strong>3<\/strong> perch\u00e8 un pari oggi \u00e8 una mezza sconfitta . Se avessero perso ovviamente il voto sarebbe stato <strong>0<\/strong> per avere fallito tutto.<\/p>\n<p>E con questo inatteso pari per molti che avevano sopravvaluto il potenziale rosanero e sottovalutato quello dello Spezia , ma non noi ed onestamente lo stesso Corini , il Palermo scende al 3\u00b0 posto e va fuori dalla promozione diretta ed entra nella tombola della conquista del terzo posto per essere promossi. E qua si fa durissima !!! Anche se a Gennaio la societ\u00e0 potrebbe finalmente intervenire in maniera massiccia comprando un organico per vincere ed andare in Serie A come tutti noi ci auguriamo &#8230;od almeno noi che nel cuore siamo rosanero da 71 anni &#8230; e sono tanti e che ci batteremo sempre contro tutti per far dare alla squadra rosanero sempre il massimo e non la mediocrit\u00e0 tipica di chi non ha carattere ed \u00e8\u00a0 senza personalit\u00e0.<\/p>\n<p>Adesso la possibilit\u00e0 di riscattarsi e vincere domenica prossima con l&#8217;ultima in classifica , il Lecco. Chi vivr\u00e0 vedr\u00e0!<\/p>\n<p><strong>IL TABELLINO<\/strong><\/p>\n<div class=\"float-left p-0\"><a href=\"https:\/\/www.rosanerosiamonoi.it\/palermocalcio\/?attachment_id=13015\" rel=\"attachment wp-att-13015\"><img decoding=\"async\" loading=\"lazy\" class=\"aligncenter wp-image-13015\" src=\"http:\/\/www.rosanerosiamonoi.it\/palermocalcio\/wp-content\/uploads\/2020\/10\/palermo-fc.jpg\" alt=\"\" width=\"150\" height=\"150\" srcset=\"http:\/\/www.rosanerosiamonoi.it\/palermocalcio\/wp-content\/uploads\/2020\/10\/palermo-fc.jpg 600w, http:\/\/www.rosanerosiamonoi.it\/palermocalcio\/wp-content\/uploads\/2020\/10\/palermo-fc-150x150.jpg 150w, http:\/\/www.rosanerosiamonoi.it\/palermocalcio\/wp-content\/uploads\/2020\/10\/palermo-fc-520x520.jpg 520w, http:\/\/www.rosanerosiamonoi.it\/palermocalcio\/wp-content\/uploads\/2020\/10\/palermo-fc-100x100.jpg 100w, http:\/\/www.rosanerosiamonoi.it\/palermocalcio\/wp-content\/uploads\/2020\/10\/palermo-fc-200x200.jpg 200w, http:\/\/www.rosanerosiamonoi.it\/palermocalcio\/wp-content\/uploads\/2020\/10\/palermo-fc-50x50.jpg 50w, http:\/\/www.rosanerosiamonoi.it\/palermocalcio\/wp-content\/uploads\/2020\/10\/palermo-fc-144x144.jpg 144w\" sizes=\"(max-width: 150px) 100vw, 150px\" \/><\/a><\/div>\n<p><b>PALERMO (4-3-3)<\/b>: Pigliacelli; Mateju, Lucioni, Ceccaroni, Lund (74&#8242; Aurelio); Henderson (46&#8242; Vasic), Gomes, Segre (74&#8242; Stulac); Insigne (46&#8242; Mancuso), Brunori (74&#8242; Soleri), Di Francesco.\u00a0<b>A disp.<\/b>: Desplanches, Kanuric, Nedelcearu, Graves, Marconi, Valente.\u00a0<b>All.<\/b>\u00a0Corini.<\/p>\n<p><a href=\"https:\/\/www.rosanerosiamonoi.it\/palermocalcio\/2023\/10\/24\/palermo-spezia-2-2-grazie-a-santa-rosalia-video\/spezia-logo\/\" rel=\"attachment wp-att-17672\"><img decoding=\"async\" loading=\"lazy\" class=\"aligncenter size-full wp-image-17672\" src=\"http:\/\/www.rosanerosiamonoi.it\/palermocalcio\/wp-content\/uploads\/2023\/10\/spezia-logo.png\" alt=\"\" width=\"127\" height=\"127\" srcset=\"http:\/\/www.rosanerosiamonoi.it\/palermocalcio\/wp-content\/uploads\/2023\/10\/spezia-logo.png 127w, http:\/\/www.rosanerosiamonoi.it\/palermocalcio\/wp-content\/uploads\/2023\/10\/spezia-logo-100x100.png 100w, http:\/\/www.rosanerosiamonoi.it\/palermocalcio\/wp-content\/uploads\/2023\/10\/spezia-logo-50x50.png 50w\" sizes=\"(max-width: 127px) 100vw, 127px\" \/><\/a><\/p>\n<p><b>SPEZIA (3-4-1-2)<\/b>: Dragowski; Amian, Bertola, Nikolaou; Elia (78&#8242; Moutinho), S. Esposito, Zurkowski (78&#8242; Kouda), Reca (91&#8242; Pietra); Cassata (64&#8242; Bandinelli); Moro (64&#8242; P. Esposito), Antonucci.\u00a0<b>A disp.<\/b>: Zoet, Serpe, Gelashvili, Corradini, Cipot, Krollis, Candelari, Verde.\u00a0<b>All<\/b>. Alvini.<\/p>\n<p><b>ARBITRO<\/b>:\u00a0Fourneau di Roma 1 (Capaldo-Cipriani).<\/p>\n<p><strong>MARCATORI<\/strong>: <strong>31&#8242; Reca, 70&#8242; P. Esposito, 73&#8242; Mancuso, 104&#8242; Stulac<\/strong><\/p>\n<p>&nbsp;<\/p>\n<p><strong>Ammoniti<\/strong>: Brunori, Lucioni, Ceccaroni (P), Cassata, Bertola, Dragowski, Zurkowski, Nikolaou (S).<\/p>\n<p><strong> Espulsi<\/strong>: al 101&#8242; Bertola (S) per doppia ammonizione.<\/p>\n<p><iframe loading=\"lazy\" title=\"Palermo vs Spezia 2-2 | Pareggio spettacolare al Renzo Barbera | HIGHLIGHTS SERIE BKT 2023 - 2024\" src=\"https:\/\/www.youtube.com\/embed\/xX3AYkDHvTs\" width=\"656\" height=\"408\" frameborder=\"0\" allowfullscreen=\"allowfullscreen\"><span data-mce-type=\"bookmark\" style=\"display: inline-block; width: 0px; overflow: hidden; line-height: 0;\" class=\"mce_SELRES_start\">\ufeff<\/span><\/iframe><\/p>\n<p><iframe loading=\"lazy\" title=\"Palermo-Spezia 2-2: Corini e Stulac in mixed zone\" src=\"https:\/\/www.youtube.com\/embed\/O89A1ZJIPI8\" width=\"656\" height=\"408\" frameborder=\"0\" allowfullscreen=\"allowfullscreen\"><\/iframe><\/p>\n<h2 style=\"text-align: center;\"><strong>RISULTATI SERIE B\u00a0<\/strong><\/h2>\n<h4 style=\"text-align: center;\"><strong>Decima Giornata\u00a0<\/strong><\/h4>\n<p>Decima giornata del campionato di\u00a0<b>serie B<\/b> che si \u00e8 conclusa , dunque, con il pareggio tra Palermo e Spezia, un 2-2 che i rosanero strappano al 104&#8242; dopo essere stati sullo 0-2. Tutto a vantaggio del Parma che mantiene la vetta della classifica.<\/p>\n<p>Ecco tutti i risultati:<\/p>\n<p><b>PARMA &#8211; COMO\u00a0 \u00a02-1\u00a0\u00a0<\/b>\u00a0 (Man, Charpentier (P),\u00a0Barba (C))<\/p>\n<p><b>BARI &#8211; MODENA\u00a0 \u00a01-1\u00a0<\/b>\u00a0\u00a0 \u00a0(Sibilli (B), Manconi (M))<\/p>\n<p><b>CREMONESE \u2013 S\u00dcDTIROL\u00a0 \u00a00-1\u00a0 \u00a0<\/b>\u00a0(aut. Ravanelli)<\/p>\n<p><b>LECCO \u2013 ASCOLI\u00a0 0-2<\/b>\u00a0 \u00a0(Nestorovski, Quaranta)<\/p>\n<p><b>PISA &#8211; CITTADELLA\u00a0 \u00a0 2-1\u00a0\u00a0<\/b>\u00a0 (Piccinini, Esteves)<\/p>\n<p><b>TERNANA \u2013 BRESCIA\u00a0 \u00a00-1\u00a0<\/b>\u00a0\u00a0 (Bisoli)<\/p>\n<p><b>CATANZARO &#8211; FERALPISAL\u00d2\u00a0 \u00a03-0\u00a0\u00a0<\/b>\u00a0\u00a0(Vandeputte, Biasci, aut. Bacchetti)<\/p>\n<p><b>SAMPDORIA \u2013 COSENZA\u00a0 \u00a0 2-0\u00a0<\/b>\u00a0\u00a0 (Borini,\u00a0Borini)<\/p>\n<p><b>REGGIANA &#8211; VENEZIA\u00a0 \u00a01-0<\/b>\u00a0 \u00a0 (Gondo)<\/p>\n<p><strong>PALERMO \u2013 SPEZIA\u00a0 \u00a0 2-2\u00a0 \u00a0<\/strong> (Reca, Esposito F. (S), Mancuso, Stulac (P))<\/p>\n<h2 style=\"text-align: center;\"><strong>Recuperi di Serie B<\/strong><\/h2>\n<ul>\n<li><strong>Oggi Marted\u00ec 24 ottobre 2023 (1^ giornata)<\/strong><br \/>\n<h3><span style=\"color: #0000ff;\">Brescia<\/span>\u2013Modena ore 18.30<\/h3>\n<h3>Pisa \u2013 <strong><span style=\"color: #00ccff;\">Lecco<\/span><\/strong> ore 18.30<\/h3>\n<\/li>\n<\/ul>\n<p>&nbsp;<\/p>\n<h2 style=\"text-align: center;\">CLASSIFICA SERIE B<\/h2>\n<p><strong><span style=\"color: #0000ff;\">PARMA\u00a0<\/span> <\/strong>\u00a023<\/p>\n<p><span style=\"color: #0000ff;\"><strong>CATANZARO<\/strong>\u00a0<\/span> \u00a021<\/p>\n<p><strong><span style=\"color: #008000;\">PALERMO\u00a0<\/span> <\/strong>\u00a020*<\/p>\n<p><strong><span style=\"color: #008000;\">VENEZIA\u00a0<\/span><\/strong> \u00a0 \u00a018<\/p>\n<p><strong>MODENA\u00a0 \u00a0 \u00a016<\/strong><\/p>\n<p><span style=\"color: #00ff00;\"><strong>COSENZA<\/strong><\/span>\u00a0 \u00a0 14<\/p>\n<p><strong><span style=\"color: #00ff00;\">COMO\u00a0<\/span><\/strong> \u00a014*<\/p>\n<p><strong><span style=\"color: #00ff00;\">SUDTIROL\u00a0<\/span><\/strong> \u00a013*<\/p>\n<p>BRESCIA\u00a0 \u00a0 13**<\/p>\n<p>CREMONESE\u00a0 13<\/p>\n<p>CITTADELLA\u00a0 \u00a0 \u00a013<\/p>\n<p>ASCOLI\u00a0 \u00a012<\/p>\n<p>PISA\u00a0 \u00a0 12<\/p>\n<p>BARI\u00a0 \u00a011<\/p>\n<p>REGGIANA\u00a0 \u00a011<\/p>\n<p><span style=\"color: #ff6600;\"><strong>SAMPDORIA<\/strong><\/span>\u00a0 \u00a0 7 **<\/p>\n<p><strong><span style=\"color: #ff6600;\">SPEZIA<\/span>\u00a0<\/strong> \u00a07 *<\/p>\n<p><span style=\"color: #ff0000;\">TERNANA<\/span>\u00a0 \u00a0 6<\/p>\n<p><span style=\"color: #ff0000;\">FERALPISALO&#8217;<\/span>\u00a0 \u00a05<\/p>\n<p>LECCO\u00a0 4 **<\/p>\n<p>* una gara in meno<\/p>\n<p>** 2 punti di penalizzazione<\/p>\n<p>&nbsp;<\/p>\n<h2 style=\"text-align: center;\"><u><b>PROSSIMO TURNO &#8211; 27\/28\/<\/b><\/u><u><b>29 ottobre<\/b><\/u><\/h2>\n<p><strong>Cittadella-Cremonese<\/strong>\u00a0 \u00a0<strong>Venerd\u00ec 27 ottobre, 20:30<\/strong><\/p>\n<p><strong>Como-Catanzaro\u00a0 \u00a0<\/strong>Sabato 28 ott, 14:00<\/p>\n<p><strong>Feralpisal\u00f2-Reggiana\u00a0<\/strong> \u00a0sab 28 ott, 14:00<\/p>\n<p><strong>Spezia-Cosenza\u00a0<\/strong> \u00a0sab 28 ott, 14:00<\/p>\n<p><strong>S\u00fcdtirol-Sampdoria<\/strong>\u00a0 \u00a0sab 28 ott, 14:00<\/p>\n<p><strong>Ascoli-Parma<\/strong>\u00a0 \u00a0sab 28 ott, 16:15<\/p>\n<p><strong>Brescia-Bari\u00a0<\/strong> \u00a0<em><strong>Domenica 29 ottobre, 16:15<\/strong><\/em><\/p>\n<p><strong>Modena-Ternana\u00a0<\/strong> \u00a0<em><strong>dom 29 ott, 16:15<\/strong><\/em><\/p>\n<p><strong><span style=\"color: #ff00ff;\">Palermo<\/span>&#8211;<span style=\"color: #0000ff;\">Lec<\/span><span style=\"color: #00ccff;\">co<\/span><\/strong>\u00a0 \u00a0<strong><em>dom 29 ott, 16:15<\/em><\/strong><\/p>\n<p><strong>Venezia-Pisa<\/strong>\u00a0 \u00a0<em>dom 29 ott, 16:15<\/em><\/p>\n<h2 style=\"text-align: center;\"><u>CLASSIFICA MARCATORI<\/u><\/h2>\n<p><b>7 reti<\/b>: <strong>CODA<\/strong> <strong>(Cremonese)<\/strong><\/p>\n<p><strong>6 reti:\u00a0Benedyczak\u00a0(Parma),\u00a0Casiraghi (Sudtirol)<\/strong><\/p>\n<p><strong>5 reti:\u00a0Mendes (Ascoli)<\/strong><\/p>\n<p><b>4 reti<\/b>:\u00a0Vandeputte (Catanzaro),\u00a0Borini (Sampdoria)<\/p>\n<p>&nbsp;<\/p>\n<h2 style=\"text-align: center;\"><strong>Il calendario dei recuperi di Serie B<\/strong><\/h2>\n<ul>\n<li>\n<h3><strong>Marted\u00ec 24 ottobre 2023\u00a0(1^ giornata)<\/strong><\/h3>\n<h3><strong><span style=\"color: #0000ff;\">Brescia<\/span>\u2013Modena ore 18.30\u00a0 \u00a0 0-1<\/strong><\/h3>\n<h3><strong>Pisa \u2013 <span style=\"color: #00ccff;\">Lecco<\/span> ore 18.30\u00a0 \u00a0 \u00a0 \u00a0 \u00a0 \u00a0 \u00a0 1-2<\/strong><\/h3>\n<\/li>\n<li><strong>Mercoled\u00ec 8 novembre 2023\u00a0(2^ giornata)<\/strong><br \/>\n<span style=\"color: #00ccff;\">Lecco<\/span>\u2013Spezia ore 18.30<br \/>\n<span style=\"color: #ff00ff;\">Palermo<\/span> \u2013 <span style=\"color: #0000ff;\">Brescia<\/span> ore 18.30<strong><br \/>\n<\/strong><\/li>\n<li><strong>Marted\u00ec 28 novembre 2023\u00a0(3^ giornata)<\/strong><br \/>\nComo\u2013<strong><span style=\"color: #00ccff;\">Lecco<\/span><\/strong> ore 18.30<br \/>\nSudtirol\u2013<span style=\"color: #0000ff;\">Brescia<\/span> ore 18.30<\/li>\n<\/ul>\n<p>Triplice fischio per i due recuperi della prima giornata di Serie B. A <b>Brescia<\/b>\u00a0ad ottenere i tre punti \u00e8 il\u00a0<b>Modena<\/b>\u00a0grazie alla rete di\u00a0<b>Zaro<\/b>\u00a0al 90&#8242; su calcio d&#8217;angolo dopo che Lezzerini aveva neutralizzato un calcio di rigore di Tremolada.<\/p>\n<p>Vittoria esterna anche all&#8217;Arena Garibaldi, con il\u00a0<b>Lecco<\/b>\u00a0che conquista il primo successo stagionale sul\u00a0<b>Pisa<\/b>\u00a0per 2-1. <strong>Bianconi<\/strong> al 24&#8242; porta avanti la formazione lombarda, raggiunta al 64&#8242; dai nerazzurri con <strong>Tramoni<\/strong>. Al 96&#8242; il gol della beffa dei toscani con <strong>Tordini<\/strong> che regala i primi tre punti ad\u00a0<b>Emiliano Bonazzoli<\/b>.<\/p>\n<p>Sopra la classifica aggiornata del torneo cadetto dopo i due recuperi odierni.<\/p>\n<p>&nbsp;<\/p>\n<p>&nbsp;<\/p>\n<p>&nbsp;<\/p>\n<p>&nbsp;<\/p>\n<p>&nbsp;<\/p>\n","protected":false},"excerpt":{"rendered":"<p>MARCATORI: 31&#8242; Reca, 70&#8242; P. Esposito, 73&#8242; Mancuso, 104&#8242; Stulac Si \u00e8 conclusa con un pari una partita che ha messo in mostra una squadra ben strutturata , forte anche se con qualche vuoto di memoria e che avrebbe meritato la vittoria e questa non \u00e8 il Palermo ma lo Spezia che ha cercato da [&hellip;]<\/p>\n","protected":false},"author":2,"featured_media":17673,"comment_status":"closed","ping_status":"open","sticky":false,"template":"","format":"standard","meta":[],"categories":[10,35,1,44],"tags":[5122,198,5124,1023,4889,90,5121,5127,2636,5126,5120,5125,5119,5123,6,1171],"_links":{"self":[{"href":"http:\/\/www.rosanerosiamonoi.it\/palermocalcio\/wp-json\/wp\/v2\/posts\/17671"}],"collection":[{"href":"http:\/\/www.rosanerosiamonoi.it\/palermocalcio\/wp-json\/wp\/v2\/posts"}],"about":[{"href":"http:\/\/www.rosanerosiamonoi.it\/palermocalcio\/wp-json\/wp\/v2\/types\/post"}],"author":[{"embeddable":true,"href":"http:\/\/www.rosanerosiamonoi.it\/palermocalcio\/wp-json\/wp\/v2\/users\/2"}],"replies":[{"embeddable":true,"href":"http:\/\/www.rosanerosiamonoi.it\/palermocalcio\/wp-json\/wp\/v2\/comments?post=17671"}],"version-history":[{"count":4,"href":"http:\/\/www.rosanerosiamonoi.it\/palermocalcio\/wp-json\/wp\/v2\/posts\/17671\/revisions"}],"predecessor-version":[{"id":17677,"href":"http:\/\/www.rosanerosiamonoi.it\/palermocalcio\/wp-json\/wp\/v2\/posts\/17671\/revisions\/17677"}],"wp:featuredmedia":[{"embeddable":true,"href":"http:\/\/www.rosanerosiamonoi.it\/palermocalcio\/wp-json\/wp\/v2\/media\/17673"}],"wp:attachment":[{"href":"http:\/\/www.rosanerosiamonoi.it\/palermocalcio\/wp-json\/wp\/v2\/media?parent=17671"}],"wp:term":[{"taxonomy":"category","embeddable":true,"href":"http:\/\/www.rosanerosiamonoi.it\/palermocalcio\/wp-json\/wp\/v2\/categories?post=17671"},{"taxonomy":"post_tag","embeddable":true,"href":"http:\/\/www.rosanerosiamonoi.it\/palermocalcio\/wp-json\/wp\/v2\/tags?post=17671"}],"curies":[{"name":"wp","href":"https:\/\/api.w.org\/{rel}","templated":true}]}}