{"id":18280,"date":"2024-04-13T20:43:59","date_gmt":"2024-04-13T18:43:59","guid":{"rendered":"https:\/\/www.rosanerosiamonoi.it\/palermocalcio\/?p=18280"},"modified":"2024-04-14T19:55:01","modified_gmt":"2024-04-14T17:55:01","slug":"cosenza-palermo-1-1-niente-vittoria-colpa-di-corini-video","status":"publish","type":"post","link":"http:\/\/www.rosanerosiamonoi.it\/palermocalcio\/2024\/04\/13\/cosenza-palermo-1-1-niente-vittoria-colpa-di-corini-video\/","title":{"rendered":"Cosenza &#8211; Palermo 1-1 (VIDEO), vince il Venezia e vola !"},"content":{"rendered":"<h1 style=\"text-align: center;\"><a href=\"https:\/\/www.rosanerosiamonoi.it\/palermocalcio\/2024\/04\/13\/cosenza-palermo-1-1-niente-vittoria-colpa-di-corini-video\/cosenza-palermo-1-1\/\" rel=\"attachment wp-att-18282\"><img decoding=\"async\" loading=\"lazy\" class=\"aligncenter wp-image-18282\" src=\"http:\/\/www.rosanerosiamonoi.it\/palermocalcio\/wp-content\/uploads\/2024\/04\/cosenza-palermo-1-1.jpg\" alt=\"\" width=\"451\" height=\"338\" srcset=\"http:\/\/www.rosanerosiamonoi.it\/palermocalcio\/wp-content\/uploads\/2024\/04\/cosenza-palermo-1-1.jpg 960w, http:\/\/www.rosanerosiamonoi.it\/palermocalcio\/wp-content\/uploads\/2024\/04\/cosenza-palermo-1-1-520x390.jpg 520w, http:\/\/www.rosanerosiamonoi.it\/palermocalcio\/wp-content\/uploads\/2024\/04\/cosenza-palermo-1-1-768x576.jpg 768w, http:\/\/www.rosanerosiamonoi.it\/palermocalcio\/wp-content\/uploads\/2024\/04\/cosenza-palermo-1-1-640x480.jpg 640w\" sizes=\"(max-width: 451px) 100vw, 451px\" \/><\/a>COSENZA &#8211; PALERMO 1-1<\/h1>\n<p style=\"text-align: center;\"><strong>MARCATORI<\/strong>: 44\u2032 Buttaro (P); 62\u2032 Tutino (C);<\/p>\n<p>&nbsp;<\/p>\n<p>Il Palermo passa in vantaggio a Cosenza con Buttaro e poi si fa recuperare con un gol su rigore di Tutino da una modestissima squadra di casa che naviga in bassa classifica.<\/p>\n<p>Come dite voi niente vittoria pi\u00f9 per il Palermo quindi la colpa \u00e8 di Corini che ha sbagliato la formazione, il modulo, i cambi e l&#8217;approccio alla partita e non sa pi\u00f9 vincere ! Ah dimenticavo non c&#8217;\u00e8 pi\u00f9 lui quindi la colpa \u00e8 del nuovo allenatore Mignani &#8230; allora cambiamolo perch\u00e8\u00a0 non sa vincere oppure meglio cambiamo tutta la squadra con lui e magari anche la societ\u00e0 .<\/p>\n<p>In realt\u00e0 sembra che bisogna aspettare la fine del campionato con rassegnazione e sperare che il prossimo anno cambi tutto a partire da una propriet\u00e0 che invece dei proclami faccia i fatti, perch\u00e8 i tifosi rosanero non meritano di essere presi in giro anche quelli con gli occhi foderati di prosciutto ai quali cerchiamo di aprirli fin dall&#8217;inizio del campionato non essendo abituati a mentire a costo di dispiacere qualcuno.<\/p>\n<p>Avendo pareggiato il voto per tutti anche oggi \u00e8 3 che corrisponde praticamente al valore reale della maggior parte della formazione.<\/p>\n<p>A chi vuol finalmente capire capisca anche se purtroppo non c&#8217;\u00e8 peggior sordo di chi non vuole sentire od \u00e8 venduto alla societ\u00e0.<\/p>\n<h2 style=\"text-align: center;\"><strong>IL TABELLINO<\/strong><\/h2>\n<p style=\"text-align: center;\"><a href=\"https:\/\/www.rosanerosiamonoi.it\/palermocalcio\/2023\/09\/23\/palermo-cosenza-0-1-video-si-scende-ancora\/cosenza-calcio-logo\/\" rel=\"attachment wp-att-17552\"><img decoding=\"async\" loading=\"lazy\" class=\"aligncenter wp-image-17552\" src=\"http:\/\/www.rosanerosiamonoi.it\/palermocalcio\/wp-content\/uploads\/2023\/09\/Cosenza-Calcio-logo.jpg\" alt=\"\" width=\"150\" height=\"150\" srcset=\"http:\/\/www.rosanerosiamonoi.it\/palermocalcio\/wp-content\/uploads\/2023\/09\/Cosenza-Calcio-logo.jpg 450w, http:\/\/www.rosanerosiamonoi.it\/palermocalcio\/wp-content\/uploads\/2023\/09\/Cosenza-Calcio-logo-150x150.jpg 150w, http:\/\/www.rosanerosiamonoi.it\/palermocalcio\/wp-content\/uploads\/2023\/09\/Cosenza-Calcio-logo-100x100.jpg 100w, http:\/\/www.rosanerosiamonoi.it\/palermocalcio\/wp-content\/uploads\/2023\/09\/Cosenza-Calcio-logo-200x200.jpg 200w, http:\/\/www.rosanerosiamonoi.it\/palermocalcio\/wp-content\/uploads\/2023\/09\/Cosenza-Calcio-logo-50x50.jpg 50w, http:\/\/www.rosanerosiamonoi.it\/palermocalcio\/wp-content\/uploads\/2023\/09\/Cosenza-Calcio-logo-144x144.jpg 144w\" sizes=\"(max-width: 150px) 100vw, 150px\" \/><\/a><\/p>\n<div class=\"float-left p-0\">\n<div class=\"col-12 p-0 my-3 border border-white\"><b>COSENZA (4-3-3)<\/b>: Micai; Venturi, Camporese, Meroni; Canotto (73&#8242; Mazzocchi), Zuccon (86&#8242; Florenzi), Cal\u00f2, Praszelik (54&#8242; Crespi), Frabotta; Antonucci (73&#8242; Voca), Tutino (86&#8242; Forte).<\/div>\n<\/div>\n<p><b>A disposizione<\/b>: Lai, Marson, Cimino, Gyamfi, D&#8217;Orazio, Fontanarosa, Viviani.\u00a0<b> <\/b><\/p>\n<p><strong>Allenatore: <\/strong>Viali.<\/p>\n<p>&nbsp;<\/p>\n<p style=\"text-align: center;\"><a href=\"https:\/\/www.rosanerosiamonoi.it\/palermocalcio\/2024\/01\/13\/cittadella-palermo-2-0-si-parte-male-video\/palermofc\/\" rel=\"attachment wp-att-18006\"><img decoding=\"async\" loading=\"lazy\" class=\"aligncenter wp-image-18006\" src=\"http:\/\/www.rosanerosiamonoi.it\/palermocalcio\/wp-content\/uploads\/2024\/01\/palermofc.jpg\" alt=\"\" width=\"149\" height=\"149\" srcset=\"http:\/\/www.rosanerosiamonoi.it\/palermocalcio\/wp-content\/uploads\/2024\/01\/palermofc.jpg 380w, http:\/\/www.rosanerosiamonoi.it\/palermocalcio\/wp-content\/uploads\/2024\/01\/palermofc-150x150.jpg 150w, http:\/\/www.rosanerosiamonoi.it\/palermocalcio\/wp-content\/uploads\/2024\/01\/palermofc-100x100.jpg 100w, http:\/\/www.rosanerosiamonoi.it\/palermocalcio\/wp-content\/uploads\/2024\/01\/palermofc-200x200.jpg 200w, http:\/\/www.rosanerosiamonoi.it\/palermocalcio\/wp-content\/uploads\/2024\/01\/palermofc-50x50.jpg 50w, http:\/\/www.rosanerosiamonoi.it\/palermocalcio\/wp-content\/uploads\/2024\/01\/palermofc-144x144.jpg 144w\" sizes=\"(max-width: 149px) 100vw, 149px\" \/><\/a><\/p>\n<p><b>PALERMO (3-4-1-2)<\/b>: Pigliacelli; Diakit\u00e8, Nedelcearu, Ceccaroni; Buttaro, Henderson (62&#8242; Coulibaly), Gomes, Lund (78&#8242; Aurelio); Di Francesco (85&#8242; Insigne); Brunori (78&#8242; Segre), Mancuso (62&#8242; Soleri).<\/p>\n<p><b>A disposizione<\/b>: Kanuric, Desplanches, Graves, Marconi, Stulac, Traor\u00e8.<\/p>\n<p><b>Allenatore:<\/b>\u00a0Mignani.<\/p>\n<p><iframe loading=\"lazy\" title=\"Cosenza -Palermo 1-1 | HIGHLIGHTS 33\u00aa giornata Serie B 23\/24\" src=\"https:\/\/www.youtube.com\/embed\/DUIMXu1vn1s\" width=\"656\" height=\"408\" frameborder=\"0\" allowfullscreen=\"allowfullscreen\"><span data-mce-type=\"bookmark\" style=\"display: inline-block; width: 0px; overflow: hidden; line-height: 0;\" class=\"mce_SELRES_start\">\ufeff<\/span><\/iframe><\/p>\n<p><iframe loading=\"lazy\" title=\"&#x1f399;&#xfe0f; Cosenza-Palermo 1-1: Mignani ed Henderson in mixed zone\" src=\"https:\/\/www.youtube.com\/embed\/z6cQFFDy40M\" width=\"656\" height=\"408\" frameborder=\"0\" allowfullscreen=\"allowfullscreen\"><span data-mce-type=\"bookmark\" style=\"display: inline-block; width: 0px; overflow: hidden; line-height: 0;\" class=\"mce_SELRES_start\">\ufeff<\/span><\/iframe><\/p>\n<h1 style=\"text-align: center;\"><strong>Risultati<\/strong><\/h1>\n<div>\n<p><strong>Modena-Catanzaro 1-3<\/strong><br \/>\n17&#8242; e 69&#8242; Iemmello (C), 25&#8242; Vandeputte (C), 34&#8242; Tremolada (M)<\/p>\n<p><strong>Cittadella-Ascoli 0-0<\/strong><\/p>\n<p><strong>Como-Bari 2-1<\/strong><br \/>\n38&#8242; Gabrielloni (C), 60&#8242; Da Cunha (C), 90&#8242; Puscas (B)<\/p>\n<p><strong>Cremonese-Ternana 1-2<\/strong><br \/>\n13&#8242; Tsadjout (C), 17&#8242; Favilli (T), 90&#8217;+6 Distefano (T)<\/p>\n<p><strong>Pisa-Feralpisal\u00f2 3-1<\/strong><br \/>\n16&#8242; e 90&#8217;+4 Valoti (P), 38&#8242; Arena (P), 83&#8242; Dubickas (F)<\/p>\n<p><strong>Modena-Catanzaro 1&#8211;2<\/strong><\/p>\n<p>17&#8242; e 69&#8242; Iemmello (C), 25&#8242; Vandeputte (C), 34&#8242; Tremolada (M)<\/p>\n<div class=\"text mbottom\">\n<p><strong>Cittadella-Ascoli 0-0<\/strong><\/p>\n<p><strong>Como-Bari 2-1<\/strong><br \/>\n38&#8242; Gabrielloni (C), 60&#8242; Da Cunha (C), 90&#8242; Puscas (B)<\/p>\n<p><strong>Cremonese-Ternana 1-2<\/strong><br \/>\n13&#8242; Tsadjout (C), 17&#8242; Favilli (T), 90&#8217;+6 Distefano (T)<\/p>\n<p><strong>Pisa-Feralpisal\u00f2 3-1<\/strong><br \/>\n16&#8242; e 90&#8217;+4 Valoti (P), 38&#8242; Arena (P), 83&#8242; Dubickas (F)<\/p>\n<div class=\"adv-margin adv-width-box\">\n<div class=\"center\">\n<div class=\"teads-inread\">\n<div id=\"teads0\" class=\"teads-player\"><strong>Sampdoria-SudTirol 0-1<\/strong><\/div>\n<div class=\"teads-player\">49&#8242; Tait (SU)<\/div>\n<\/div>\n<\/div>\n<\/div>\n<p><strong>Cosenza-Palermo 1-1<\/strong><br \/>\n44&#8242; Buttaro (P), 62&#8242; [rig.] Tutino (C)<\/p>\n<p><strong>Lecco-Reggiana 1-0<\/strong><br \/>\n60&#8242; Ionita (L)<\/p>\n<p><strong>Parma-Spezia 2-0<\/strong><br \/>\n45&#8217;+1 Hernani (P), 87&#8242; Charpentier (P)<\/p>\n<\/div>\n<div class=\"sx\">\n<div class=\"box pp\">\n<div class=\"text mbottom\">\n<p><em><strong>Domenica ore 16:15<\/strong><\/em><br \/>\n<strong>Venezia-Brescia 2-0<\/strong><\/p>\n<p>20&#8242; e 90&#8242; Tessmann (V)<\/p>\n<h1 style=\"text-align: center;\"><strong>LA CLASSIFICA:<\/strong><\/h1>\n<p><span style=\"color: #0000ff;\"><strong>Parma 69,<\/strong><\/span><\/p>\n<p><span style=\"color: #0000ff;\"><strong> Como 64, <\/strong><\/span><\/p>\n<p><span style=\"color: #339966;\"><strong>Venezia 61,<\/strong><\/span><\/p>\n<p><span style=\"color: #339966;\"><strong>Cremonese 59,<\/strong><\/span><\/p>\n<p><span style=\"color: #33cccc;\"><strong>Catanzaro 55, <\/strong><\/span><\/p>\n<p><span style=\"color: #33cccc;\"><strong>Palermo 51, <\/strong><\/span><\/p>\n<p><span style=\"color: #33cccc;\"><strong>Brescia 45, <\/strong><\/span><\/p>\n<p><span style=\"color: #33cccc;\"><strong>Sampdoria 44, <\/strong><\/span><\/p>\n<p><strong>Pisa 43,<\/strong><\/p>\n<p><strong> Cittadella 43,<\/strong><\/p>\n<p><strong> SudTirol 42,<\/strong><\/p>\n<p><strong> Reggiana 40,<\/strong><\/p>\n<p><strong> Modena 39, <\/strong><\/p>\n<p><strong>Cosenza 36, <\/strong><\/p>\n<p><strong>Ternana 36,<\/strong><\/p>\n<p><span style=\"color: #ff6600;\"><strong> Bari 35,<\/strong><\/span><\/p>\n<p><span style=\"color: #ff6600;\"><strong> Spezia 35, <\/strong><\/span><\/p>\n<p><span style=\"color: #ff0000;\"><strong>Ascoli 33,<\/strong><\/span><\/p>\n<p><span style=\"color: #ff0000;\"><strong> Feralpisal\u00f2 31, <\/strong><\/span><\/p>\n<p><span style=\"color: #ff0000;\"><strong>Lecco 26.<\/strong><\/span><\/p>\n<p>&nbsp;<\/p>\n<p>&nbsp;<\/p>\n<p><strong><span style=\"color: #0000ff;\">Promozione &#8211; Serie A<\/span><\/strong><\/p>\n<p><strong><span style=\"color: #008000;\">Qualificazione &#8211; Serie B (Play Off: Semi finali)<\/span><\/strong><\/p>\n<\/div>\n<\/div>\n<\/div>\n<\/div>\n<div>\n<div class=\"tableLegend\">\n<div class=\"tableLegend__rank\">\n<div class=\"tableLegend__row\">\n<p><strong><span style=\"color: #33cccc;\">Qualificazione &#8211; Serie B (Play Off: Quarti di finale)<\/span><\/strong><\/p>\n<\/div>\n<div class=\"tableLegend__row\">\n<p><strong><span style=\"color: #ff6600;\">Serie B (Play Out: )<\/span><\/strong><\/p>\n<\/div>\n<div class=\"tableLegend__row\">\n<p><strong><span style=\"color: #ff6600;\">Retrocessione<\/span><\/strong><\/p>\n<p>&nbsp;<\/p>\n<\/div>\n<\/div>\n<h1 style=\"text-align: center;\">PROSSIMO TURNO<\/h1>\n<\/div>\n<\/div>\n<div>\n<h5 id=\"h-34\u00aa-giornata-19-20-aprile\" class=\"wp-block-heading\">34\u00aa GIORNATA (19-20 aprile)<\/h5>\n<figure class=\"wp-block-table is-style-stripes\">\n<table>\n<tbody>\n<tr>\n<td><strong>DATA<\/strong><\/td>\n<td><strong>ORARIO<\/strong><\/td>\n<td><strong>PARTITA<\/strong><\/td>\n<td><strong>RISULTATO<\/strong><\/td>\n<\/tr>\n<tr>\n<td>Venerd\u00ec 19 aprile<\/td>\n<td>20.30<\/td>\n<td><strong><span style=\"color: #ff00ff;\">PALERMO<\/span>-PARMA<\/strong><\/td>\n<td>\u2013<\/td>\n<\/tr>\n<tr>\n<td>Venerd\u00ec 19 aprile<\/td>\n<td>20.30<\/td>\n<td><strong>REGGIANA-COSENZA<\/strong>*<\/td>\n<td>\u2013<\/td>\n<\/tr>\n<tr>\n<td>Sabato 20 aprile<\/td>\n<td>14.00<\/td>\n<td><strong>ASCOLI-MODENA<\/strong><\/td>\n<td>\u2013<\/td>\n<\/tr>\n<tr>\n<td>Sabato 20 aprile<\/td>\n<td>14.00<\/td>\n<td><strong>BARI-PISA<\/strong><\/td>\n<td>\u2013<\/td>\n<\/tr>\n<tr>\n<td>Sabato 20 aprile<\/td>\n<td>14.00<\/td>\n<td><strong>BRESCIA-TERNANA<\/strong><\/td>\n<td>\u2013<\/td>\n<\/tr>\n<tr>\n<td>Sabato 20 aprile<\/td>\n<td>14.00<\/td>\n<td><strong>FERALPISAL\u00d2-COMO<\/strong><\/td>\n<td>\u2013<\/td>\n<\/tr>\n<tr>\n<td>Sabato 20 aprile<\/td>\n<td>16.15<\/td>\n<td><strong>CATANZARO-CREMONESE<\/strong><\/td>\n<td>\u2013<\/td>\n<\/tr>\n<tr>\n<td>Sabato 20 aprile<\/td>\n<td>16.15<\/td>\n<td><strong>LECCO-VENEZIA<\/strong><\/td>\n<td>\u2013<\/td>\n<\/tr>\n<tr>\n<td>Sabato 20 aprile<\/td>\n<td>16.15<\/td>\n<td><strong>SPEZIA-SAMPDORIA<\/strong><\/td>\n<td>\u2013<\/td>\n<\/tr>\n<tr>\n<td>Sabato 20 aprile<\/td>\n<td>16.15<\/td>\n<td><strong>S\u00dcDTIROL-CITTADELLA<\/strong><\/td>\n<\/tr>\n<\/tbody>\n<\/table>\n<\/figure>\n<\/div>\n<div id=\"g_1_ImiEjlYL\" class=\"event__match event__match--last event__match--twoLine\" title=\"Clicca per i dettagli dell'incontro!\">\n<div class=\"event__score event__score--home\"><\/div>\n<\/div>\n","protected":false},"excerpt":{"rendered":"<p>COSENZA &#8211; PALERMO 1-1 MARCATORI: 44\u2032 Buttaro (P); 62\u2032 Tutino (C); &nbsp; Il Palermo passa in vantaggio a Cosenza con Buttaro e poi si fa recuperare con un gol su rigore di Tutino da una modestissima squadra di casa che naviga in bassa classifica. Come dite voi niente vittoria pi\u00f9 per il Palermo quindi la [&hellip;]<\/p>\n","protected":false},"author":2,"featured_media":18282,"comment_status":"closed","ping_status":"open","sticky":false,"template":"","format":"standard","meta":[],"categories":[10,35,1,44],"tags":[4659,4189,328,5388,5384,5387,5386,5385],"_links":{"self":[{"href":"http:\/\/www.rosanerosiamonoi.it\/palermocalcio\/wp-json\/wp\/v2\/posts\/18280"}],"collection":[{"href":"http:\/\/www.rosanerosiamonoi.it\/palermocalcio\/wp-json\/wp\/v2\/posts"}],"about":[{"href":"http:\/\/www.rosanerosiamonoi.it\/palermocalcio\/wp-json\/wp\/v2\/types\/post"}],"author":[{"embeddable":true,"href":"http:\/\/www.rosanerosiamonoi.it\/palermocalcio\/wp-json\/wp\/v2\/users\/2"}],"replies":[{"embeddable":true,"href":"http:\/\/www.rosanerosiamonoi.it\/palermocalcio\/wp-json\/wp\/v2\/comments?post=18280"}],"version-history":[{"count":8,"href":"http:\/\/www.rosanerosiamonoi.it\/palermocalcio\/wp-json\/wp\/v2\/posts\/18280\/revisions"}],"predecessor-version":[{"id":18289,"href":"http:\/\/www.rosanerosiamonoi.it\/palermocalcio\/wp-json\/wp\/v2\/posts\/18280\/revisions\/18289"}],"wp:featuredmedia":[{"embeddable":true,"href":"http:\/\/www.rosanerosiamonoi.it\/palermocalcio\/wp-json\/wp\/v2\/media\/18282"}],"wp:attachment":[{"href":"http:\/\/www.rosanerosiamonoi.it\/palermocalcio\/wp-json\/wp\/v2\/media?parent=18280"}],"wp:term":[{"taxonomy":"category","embeddable":true,"href":"http:\/\/www.rosanerosiamonoi.it\/palermocalcio\/wp-json\/wp\/v2\/categories?post=18280"},{"taxonomy":"post_tag","embeddable":true,"href":"http:\/\/www.rosanerosiamonoi.it\/palermocalcio\/wp-json\/wp\/v2\/tags?post=18280"}],"curies":[{"name":"wp","href":"https:\/\/api.w.org\/{rel}","templated":true}]}}