{"id":1846,"date":"2014-01-02T16:35:46","date_gmt":"2014-01-02T15:35:46","guid":{"rendered":"http:\/\/www.rosanerosiamonoi.it\/palermocalcio\/?p=1846"},"modified":"2014-01-02T20:31:18","modified_gmt":"2014-01-02T19:31:18","slug":"palermo-campagna-acquisti-arriva-vitiello-e-tutte-le-voci-di-mercato","status":"publish","type":"post","link":"http:\/\/www.rosanerosiamonoi.it\/palermocalcio\/2014\/01\/02\/palermo-campagna-acquisti-arriva-vitiello-e-tutte-le-voci-di-mercato\/","title":{"rendered":"PALERMO. Campagna acquisti. Arriva Vitiello e tutte le voci di mercato"},"content":{"rendered":"<p style=\"text-align: center;\"><strong>In arrivo VITIELLO per la fascia destra.<\/strong><\/p>\n<p style=\"text-align: justify;\"><a href=\"http:\/\/www.rosanerosiamonoi.it\/palermocalcio\/2014\/01\/02\/palermo-campagna-acquisti-arriva-vitiello-e-tutte-le-voci-di-mercato\/vitiello-roberto\/\" rel=\"attachment wp-att-1848\"><img decoding=\"async\" loading=\"lazy\" class=\"aligncenter size-medium wp-image-1848\" alt=\"vitiello roberto\" src=\"http:\/\/www.rosanerosiamonoi.it\/palermocalcio\/wp-content\/uploads\/2014\/01\/vitiello-roberto-520x346.jpeg\" width=\"520\" height=\"346\" srcset=\"http:\/\/www.rosanerosiamonoi.it\/palermocalcio\/wp-content\/uploads\/2014\/01\/vitiello-roberto-520x346.jpeg 520w, http:\/\/www.rosanerosiamonoi.it\/palermocalcio\/wp-content\/uploads\/2014\/01\/vitiello-roberto.jpeg 800w\" sizes=\"(max-width: 520px) 100vw, 520px\" \/><\/a><\/p>\n<p style=\"text-align: justify;\">Nonostante sia fissata per domani l&#8217;apertura ufficiale della sessione invernale, il mercato del Palermo \u00e8 gi\u00e0 entrato nel vivo\u00a0ed \u00e8 determinato a farlo in maniera mirata.<\/p>\n<p style=\"text-align: justify;\">Il primo posto in classifica direbbe che gi\u00e0 va bene cos\u00ec, \u00a0ma invece \u00e8 stato bravo Iachini a far rendere oltre il dovuto tutti i giocatori in organico, ma ce ne sono diversi che non rientrano affatto nei moduli di gioco dell&#8217;allenatore e come ha detto correttamente lo stesso Iachini lui sa bene che per arrivare al massimo fino al termine della stagione qualche innesto va assolutamente fatto.<\/p>\n<p style=\"text-align: justify;\">Lo sanno tutti che serve un regista e la societ\u00e0 si sta muovendo per trovare il migliore , come ha chiesto il Presidente Zamparini a Perinetti, per avere gi\u00e0 con i nuovi innesti gi\u00e0 una squadra pronta per la serie A dove con altri pochi aggiustamenti pu\u00f2 tornare a lottare per un posto nelle coppe il prossimo anno.<\/p>\n<p style=\"text-align: justify;\"><a href=\"http:\/\/www.rosanerosiamonoi.it\/palermocalcio\/2014\/01\/02\/palermo-campagna-acquisti-arriva-vitiello-e-tutte-le-voci-di-mercato\/maresca-derby\/\" rel=\"attachment wp-att-1857\"><img decoding=\"async\" loading=\"lazy\" class=\"aligncenter size-medium wp-image-1857\" alt=\"maresca-derby\" src=\"http:\/\/www.rosanerosiamonoi.it\/palermocalcio\/wp-content\/uploads\/2014\/01\/maresca-derby-520x325.jpg\" width=\"520\" height=\"325\" srcset=\"http:\/\/www.rosanerosiamonoi.it\/palermocalcio\/wp-content\/uploads\/2014\/01\/maresca-derby-520x325.jpg 520w, http:\/\/www.rosanerosiamonoi.it\/palermocalcio\/wp-content\/uploads\/2014\/01\/maresca-derby.jpg 738w\" sizes=\"(max-width: 520px) 100vw, 520px\" \/><\/a><\/p>\n<p style=\"text-align: justify;\">I nomi che girano sono parecchi, ma il nome piu&#8217; gettonato e che spingo da mesi e&#8217; quello di<strong> Enzo Maresca<\/strong>, messo da parte nella Sampdoria che sarebbe pronto e rimettersi in gioco in una piazza importante come quella del Palermo, poi mi piace \u00a0<strong>Dzemaili<\/strong> del Napoli e so che piace molto anche al nostro direttore ma \u00e8 un sogno quasi impossibile visto che adesso viene schierato titolare da un po&#8217; di domeniche&#8230;.. peccato speravo rimanesse ancora in panchina e qualche speranza in pi\u00f9 poteva esserci di vederlo giocare in rosanero &#8230;..<\/p>\n<p style=\"text-align: justify;\">L&#8217;unica certezza \u00e8 la scelta societaria di comprare quest&#8217;anno a Gennaio veri rinforzi che serviranno a rinforzare la difesa , le fasce ed il centrocampo &#8230;..<\/p>\n<p style=\"text-align: justify;\">Io approfitterei del momento per cedere anche<strong> Hernandez e Munoz ..<\/strong>.. facendo arrivare due sostituti che facciano la differenza fermo restando che in difesa<strong> Andelkovic e Milanovic<\/strong> sono due ottimi punti di partenza e se arrivasse<strong> Cannavaro<\/strong> del Napoli penso che la difesa non dovrebbe avere pi\u00f9 problemi cos\u00ec come se riuscissimo a farci dare <strong>Romagnoli e Taddei<\/strong> dalla Roma faremmo un altro salto di qualit\u00e0 anche in fase di proposizione nelle fasce &#8230; e salirebbe e di molto il livello della squadra che con l&#8217;arrivo di un regista potrebbe essere a posto &#8230;. mancherebbe l&#8217;alternativa alla cessione di Hernandez e le strade potrebbero essere due comprare l&#8217;usato sicuro per la B quindi <strong>Ardemagni<\/strong> o Cacia o provare a prendere <strong>Mancosu o Babacar<\/strong> in prospettiva serie A &#8230;.<\/p>\n<p style=\"text-align: justify;\">In difesa c&#8217;\u00e8 un giocatore \u00a0che piace molto ad Iachini che verrebbe pure a piedi &#8230;&#8230; come mi dicono che gli abbia detto quando si \u00e8 proposto quando ha chiamato personalmente l&#8217;allenatore &#8230;. sar\u00e0 lui un altro rinforzo per la difesa ?<\/p>\n<p style=\"text-align: justify;\">Adesso naturalmente \u00e8 partito il gioco di fuoco dei nomi veri o falsi che siano &#8230;.. e tutti vorremmo avere gi\u00e0 delle certezze di nomi importanti, di giocatori che sappiano lasciare il segno ed essere determinati nel Palermo &#8230;&#8230;. ma si rischia di far fallire qualche trattativa o di fare salire il prezzo &#8230; ma il nostro compito e quello di informare \u00a0&#8230; e meglio per noi se lo facciamo prima degli altri &#8230;. per cui adesso vediamo tutto quel che si dice in giro con la promessa che faremo di tutti per darvi i nomi veri il prima possibile&#8230;.. magari prima degli altri&#8230;..come gi\u00e0 \u00e8 successo altre volte &#8230;&#8230;<\/p>\n<p style=\"text-align: justify;\"><strong>Queste le voci &#8230;&#8230;<\/strong><\/p>\n<p style=\"text-align: justify;\">Non trovano riscontro le voci trapelate che ipotizzano uno scambio tra Palermo e Catania tra<strong> Abel Hernandez<\/strong> (che piaceva ai rossoazzurri in estate) e <strong>Panagiotis Tachtsidis<\/strong>.<\/p>\n<p style=\"text-align: justify;\">Come ribadito pi\u00f9 volte i rosanero intendono trattenere i big, l&#8217;obiettivo sar\u00e0 rinforzare l&#8217;organico con un centrocampista<strong>.<\/strong><\/p>\n<p style=\"text-align: justify;\"><strong>L&#8217;obiettivo prioritario \u00e8 quello di portare in Sicilia un regista di centrocampo che possa regalare idee e qualit\u00e0 al gioco della squadra.\u00a0 Tachtsidis<\/strong> non sembra un nome particolarmente caldo, al momento. Mentre per la difesa rimane probabile il nome di Vitiello in arrivo a Palermo marted\u00ec 7 Gennaio. Per due possibili entrate tra difesa e centrocampo, due uscite:<strong> Struna e Bacinovic.<\/strong><\/p>\n<p style=\"text-align: justify;\">L&#8217;ultima idea in casa rosanero per il centrocampo porterebbe a <strong>Marco Donade<\/strong>l, attualmente in forza all&#8217;Hellas Verona ma di propriet\u00e0 del Napoli ma ci sono problemi che riguardano l&#8217;ingaggio che attualmente pagano i partenopei, ma \u00a0stuzzica anche\u00a0quello di<strong> Daniele Baselli<\/strong> giovane talento in forza all&#8217;Atalanta. Il calciatore gode della stima del direttore Perinetti che avrebbe voluto portarlo in Sicilia gi\u00e0 in estate, trattativa stoppata con decisione per\u00f2 dal club orobico.<\/p>\n<p style=\"text-align: justify;\"><a href=\"http:\/\/www.rosanerosiamonoi.it\/palermocalcio\/2014\/01\/02\/palermo-campagna-acquisti-arriva-vitiello-e-tutte-le-voci-di-mercato\/baselli-daniele\/\" rel=\"attachment wp-att-1849\"><img decoding=\"async\" loading=\"lazy\" class=\"aligncenter size-full wp-image-1849\" alt=\"baselli daniele\" src=\"http:\/\/www.rosanerosiamonoi.it\/palermocalcio\/wp-content\/uploads\/2014\/01\/baselli-daniele.jpg\" width=\"183\" height=\"275\" \/><\/a><\/p>\n<p style=\"text-align: justify;\">Secondo indiscrezioni raccolte dalla redazione di <strong>Calciomercato.it<\/strong>, potrebbe esserci un&#8217;apertura nel possibile trasferimento in rosanero del giovane talento di centrocampo, in un intreccio che vedrebbe anche la Juventus protagonista.<\/p>\n<p style=\"text-align: justify;\">Baselli infatti \u00e8 entrato nel mirino degli uomini di mercato della societ\u00e0 bianconera che, in caso di acquisizione dell&#8217;intero cartellino in questa sessione di mercato, sarebbe pronta a girarlo al Palermo per permettere al ragazzo di collezionare presenze preziose nel proseguimento del percorso di crescita personale. Nei prossimi giorni \u00e8 previsto un incontro tra l&#8217;entourage di Baselli e il direttore Perinetti, con la societ\u00e0 rosanero alla finestra pronta a sfruttare possibili novit\u00e0.<\/p>\n<p style=\"text-align: justify;\">In uscita, dovrebbe salutare uno tra <strong>Morganella (verso l&#8217;Hannover) e Daprel\u00e0 che\u00a0interessa a squadre russe (Ribin Kazan &#8211; Zenit)<\/strong>. A centrocampo, tre pretendenti per <strong>Bacinovic<\/strong> (Cesena, Modena, Padova).<\/p>\n<p style=\"text-align: justify;\">Per la fascia sinistra, nome caldo \u00e8 quello di<strong> Cristiano Del Grosso<\/strong>, ai ferri corti con l\u00b4Atalanta e altro vecchio pupillo di Giorgio Perinetti. Inoltre, non \u00e8 da escludere un ritorno di fiamma per il terzino del Parma,<strong> Djamel Mesbah nome interessante che avevo segnalato anche io qualche mese fa<\/strong>. Nome nuovo per la linea centrale, quello di<strong> Jonathan Rossini<\/strong> del Sassuolo. Il giocatore classe \u00b489, in compropriet\u00e0 con la Sampdoria, \u00e8 stato gi\u00e0 allenato da Giuseppe Iachini nel corso della sua parentesi blucerchiata.<\/p>\n<p style=\"text-align: justify;\">Ed intanto per la fascia destra \u00e8 \u00a0fatta per <strong>Vitiello<\/strong>.<\/p>\n<p style=\"text-align: justify;\"><a href=\"http:\/\/www.rosanerosiamonoi.it\/palermocalcio\/2014\/01\/02\/palermo-campagna-acquisti-arriva-vitiello-e-tutte-le-voci-di-mercato\/vitiello\/\" rel=\"attachment wp-att-1850\"><img decoding=\"async\" loading=\"lazy\" class=\"aligncenter size-full wp-image-1850\" alt=\"vitiello\" src=\"http:\/\/www.rosanerosiamonoi.it\/palermocalcio\/wp-content\/uploads\/2014\/01\/vitiello.jpg\" width=\"300\" height=\"220\" \/><\/a><\/p>\n<div><strong>Roberto Vitiello<\/strong> al Palermo, trattativa praticamente conclusa. Stando a quanto riferito dal noto esperto di calciomercato Gianluca Di Marzio, l\u2019ex esterno del Siena, attualmente svincolato, avrebbe trovato l\u2019accordo con la societ\u00e0 rosanero.<\/div>\n<div><strong>Marted\u00ec 7\u00a0\u00a0Gennaio<\/strong> la squadra torner\u00e0 ad allenarsi in vista della gara del<strong> 25 gennaio contro il Modena<\/strong>, e il calciatore sar\u00e0 gi\u00e0 in citt\u00e0 per svolgere le visite mediche. Si attender\u00e0 soltanto l\u2019ok, per ufficializzare l\u2019affare. E per Iachini un nuovo acquisto.<\/div>\n<div>Morganella in via di partenza per l&#8217;Hannover.<\/div>\n<div><\/div>\n<div><strong>Goldaniga<\/strong> richiesto da squadre di Serie A.<\/div>\n<div><\/div>\n<div><a href=\"http:\/\/www.rosanerosiamonoi.it\/palermocalcio\/2014\/01\/02\/palermo-campagna-acquisti-arriva-vitiello-e-tutte-le-voci-di-mercato\/goldaniga\/\" rel=\"attachment wp-att-1851\"><img decoding=\"async\" loading=\"lazy\" class=\"aligncenter size-full wp-image-1851\" alt=\"goldaniga\" src=\"http:\/\/www.rosanerosiamonoi.it\/palermocalcio\/wp-content\/uploads\/2014\/01\/goldaniga.jpg\" width=\"183\" height=\"275\" \/><\/a><\/div>\n<div><\/div>\n<div><b>Edoardo Goldaniga\u00a0<\/b>secondo le indiscrezioni di mercato che circolano in questi giorni ha attirato l&#8217; interesse di 3 club di Serie A.<\/div>\n<div>Il giovane difensore di propriet\u00e0 del Palermo al momento si trova \u00a0in prestito al Pisa dove sta giocando quasi tutte le partite da titolare insieme all&#8217; altro rosanero in prestito Kosnic. In Lega Pro Goldaniga si sta comportando abbastanza bene, aiutato anche da Kosnic, formano una coppia molto affiatata.<\/div>\n<div><\/div>\n<div><b>L&#8217; ex Primavera del Palermo a suon di buone prestazioni cos\u00ec ha attirato le attenzioni di molte squadre della massima serie, fra queste il<\/b>\u00a0<b>Bologna<\/b>,\u00a0<b>Genoa<\/b>\u00a0e\u00a0<b>Torino<\/b>\u00a0che seguono con attenzione il ragazzo. Per\u00f2 bisogna ricordare che Il Palermo crede nel giocatore e non lo far\u00e0 partite molto facilmente.<\/div>\n<div>E&#8217; certo che a Gennaio rester\u00e0 ancora al Pisa dove ha collezionato 15 presenze in questa stagione. Le sorti del suo futuro le scoprir\u00e0 in Estate.<\/div>\n<div><\/div>\n<div><\/div>\n<div><a href=\"http:\/\/www.rosanerosiamonoi.it\/palermocalcio\/2014\/01\/02\/palermo-campagna-acquisti-arriva-vitiello-e-tutte-le-voci-di-mercato\/aronica\/\" rel=\"attachment wp-att-1852\"><img decoding=\"async\" loading=\"lazy\" class=\"aligncenter size-full wp-image-1852\" alt=\"aronica\" src=\"http:\/\/www.rosanerosiamonoi.it\/palermocalcio\/wp-content\/uploads\/2014\/01\/aronica.jpg\" width=\"183\" height=\"275\" \/><\/a><\/div>\n<div><\/div>\n<div>\n<p>Stando a quanto riferito dall\u00b4edizione odierna del \u00b4Corriere dello Sport\u00b4, il presidente della Reggina, Lillo Foti, avr\u00e0 quest\u00b4oggi a Milano un faccia a faccia con il tecnico Atzori per mettere a punto il piano di rilancio della squadra calabrese pericolosamente scivolata al penultimo posto in classifica. Vari gli obiettivi di mercato della societ\u00e0 amaranto: tra questi vi \u00e8 il difensore del Palermo <strong>Salvatore Aronica.<\/strong><\/p>\n<p><a href=\"http:\/\/www.rosanerosiamonoi.it\/palermocalcio\/2014\/01\/02\/palermo-campagna-acquisti-arriva-vitiello-e-tutte-le-voci-di-mercato\/rios\/\" rel=\"attachment wp-att-1853\"><img decoding=\"async\" loading=\"lazy\" class=\"aligncenter size-medium wp-image-1853\" alt=\"rios\" src=\"http:\/\/www.rosanerosiamonoi.it\/palermocalcio\/wp-content\/uploads\/2014\/01\/rios-520x316.jpg\" width=\"520\" height=\"316\" srcset=\"http:\/\/www.rosanerosiamonoi.it\/palermocalcio\/wp-content\/uploads\/2014\/01\/rios-520x316.jpg 520w, http:\/\/www.rosanerosiamonoi.it\/palermocalcio\/wp-content\/uploads\/2014\/01\/rios.jpg 658w\" sizes=\"(max-width: 520px) 100vw, 520px\" \/><\/a><\/p>\n<p>&nbsp;<\/p>\n<p>Prima operazione in uscita per il Palermo.<strong> Arevalo Rios<\/strong> lascia i rosanero e ritorna al Tijuana. Cessione a titolo definitivo per 2 milioni di dollari e per il giocatore un contratto biennale.<\/p>\n<\/div>\n<div>\n<p>Rios per\u00f2 non giocher\u00e0 nella sua ex squadra, si tratta solo di un passaggio intermedio. Perch\u00e9 ufficializzato il trasferimento andr\u00e0 a giocare al Monarcas Morelia dove avr\u00e0 modo di mettersi in mostra con la Libertadores e in previsione del Mondiale. Manca solo l&#8217;ufficialit\u00e0. Ma \u00e8 tutto fatto: Rios torner\u00e0 al Tijuana, il Palermo recuperer\u00e0 parte dell&#8217;investimento fatto l&#8217;anno scorso e poi il calciatore si trasferir\u00e0 in prestito al Monarcas Morelia. Battuta la concorrenza del Monterrey e del Tigres che aveva provato ad inserirsi fino alla fine. Il Cacha saluta l&#8217;Italia, questa volta definitivamente&#8230;<\/p>\n<p>&nbsp;<\/p>\n<p><a href=\"http:\/\/www.rosanerosiamonoi.it\/palermocalcio\/2014\/01\/02\/palermo-campagna-acquisti-arriva-vitiello-e-tutte-le-voci-di-mercato\/munoz\/\" rel=\"attachment wp-att-1854\"><img decoding=\"async\" loading=\"lazy\" class=\"aligncenter size-medium wp-image-1854\" alt=\"munoz\" src=\"http:\/\/www.rosanerosiamonoi.it\/palermocalcio\/wp-content\/uploads\/2014\/01\/munoz-520x316.jpg\" width=\"520\" height=\"316\" srcset=\"http:\/\/www.rosanerosiamonoi.it\/palermocalcio\/wp-content\/uploads\/2014\/01\/munoz-520x316.jpg 520w, http:\/\/www.rosanerosiamonoi.it\/palermocalcio\/wp-content\/uploads\/2014\/01\/munoz.jpg 658w\" sizes=\"(max-width: 520px) 100vw, 520px\" \/><\/a><\/p>\n<p>&nbsp;<\/p>\n<p>Secondo indiscrezioni raccolte in ESCLUSIVA dalla redazione di <strong>seriebnews.com<\/strong> si e&#8217; appreso che il giocatore argentino <strong>Munoz<\/strong> \u00a0e&#8217; stato avvicinato a due squadre tedesche, una di queste sembra essere lo Stoccarda e ad una squadra italiana. Il club di casa nostra a volere il difensore rosanero sembra essere il Milan che vorrebbe rinforzare la difesa puntando anche sui giovani. Speriamo che sia vero e che si faccia presto gi\u00e0 adesso a gennaio e sarebbe un grande rinforzo la sua partenza &#8230;. auguriamoci ed auguriamogli che possa lasciare il capoluogo siciliano per andare a cercare fortuna in lidi pi\u00f9 prestigiosi.<\/p>\n<p>&nbsp;<\/p>\n<p><a href=\"http:\/\/www.rosanerosiamonoi.it\/palermocalcio\/2014\/01\/02\/palermo-campagna-acquisti-arriva-vitiello-e-tutte-le-voci-di-mercato\/kurtic\/\" rel=\"attachment wp-att-1855\"><img decoding=\"async\" loading=\"lazy\" class=\"aligncenter size-medium wp-image-1855\" alt=\"kurtic\" src=\"http:\/\/www.rosanerosiamonoi.it\/palermocalcio\/wp-content\/uploads\/2014\/01\/kurtic-520x250.jpg\" width=\"520\" height=\"250\" srcset=\"http:\/\/www.rosanerosiamonoi.it\/palermocalcio\/wp-content\/uploads\/2014\/01\/kurtic-520x250.jpg 520w, http:\/\/www.rosanerosiamonoi.it\/palermocalcio\/wp-content\/uploads\/2014\/01\/kurtic.jpg 624w\" sizes=\"(max-width: 520px) 100vw, 520px\" \/><\/a><\/p>\n<p>&nbsp;<\/p>\n<p>Interessante ai fini di altre trattative il fatto che\u00a0il Napoli avrebbe messo gli occhi su <strong>Jasmin Kurtic<\/strong>, centrocampista del\u00a0Sassuolo, in compropriet\u00e0 tra i neroverdi e il\u00a0Palermo.\u00a0Benitez ha apprezzato particolarmente la prestazione di Kurtic in Napoli-Sassuolo, e avrebbe fatto il nome del centrocampista sloveno classe 1989 per il prossimo mercato estivo. Il Napoli ha mosso i primi contatti con il Palermo ma per i discorsi pi\u00f9 approfonditi ci sar\u00e0 tempo.<\/p>\n<p>&nbsp;<\/p>\n<p><a href=\"http:\/\/www.rosanerosiamonoi.it\/palermocalcio\/2014\/01\/02\/palermo-campagna-acquisti-arriva-vitiello-e-tutte-le-voci-di-mercato\/perinetti-giorgio\/\" rel=\"attachment wp-att-1856\"><img decoding=\"async\" loading=\"lazy\" class=\"aligncenter size-medium wp-image-1856\" alt=\"perinetti Giorgio\" src=\"http:\/\/www.rosanerosiamonoi.it\/palermocalcio\/wp-content\/uploads\/2014\/01\/perinetti-Giorgio-520x345.jpeg\" width=\"520\" height=\"345\" srcset=\"http:\/\/www.rosanerosiamonoi.it\/palermocalcio\/wp-content\/uploads\/2014\/01\/perinetti-Giorgio-520x345.jpeg 520w, http:\/\/www.rosanerosiamonoi.it\/palermocalcio\/wp-content\/uploads\/2014\/01\/perinetti-Giorgio.jpeg 800w\" sizes=\"(max-width: 520px) 100vw, 520px\" \/><\/a><\/p>\n<p>&nbsp;<\/p>\n<p style=\"text-align: justify;\"><strong>Giorgio Perinetti<\/strong> <em>:&#8221; &#8230;.probabilmente Bacinovic cercher\u00e0 un&#8217;altra collocazione e per il resto cercheremo di fare le cose ricordandoci della lista dei diciotto&#8221;.<\/em><\/p>\n<p>&nbsp;<\/p>\n<p><a href=\"http:\/\/www.rosanerosiamonoi.it\/palermocalcio\/2013\/07\/30\/video-lintervista-in-esclusiva-a-zamparini\/vlcsnap-2013-07-31-23h54m33s141\/\" rel=\"attachment wp-att-328\"><img decoding=\"async\" loading=\"lazy\" class=\"aligncenter size-medium wp-image-328\" alt=\"vlcsnap-2013-07-31-23h54m33s141\" src=\"http:\/\/www.rosanerosiamonoi.it\/palermocalcio\/wp-content\/uploads\/2013\/07\/vlcsnap-2013-07-31-23h54m33s141-300x225.png\" width=\"300\" height=\"225\" srcset=\"http:\/\/www.rosanerosiamonoi.it\/palermocalcio\/wp-content\/uploads\/2013\/07\/vlcsnap-2013-07-31-23h54m33s141-300x225.png 300w, http:\/\/www.rosanerosiamonoi.it\/palermocalcio\/wp-content\/uploads\/2013\/07\/vlcsnap-2013-07-31-23h54m33s141.png 640w\" sizes=\"(max-width: 300px) 100vw, 300px\" \/><\/a><\/p>\n<p>&nbsp;<\/p>\n<\/div>\n<div><\/div>\n<div style=\"text-align: justify;\">E per chiudere il pensiero del nostro Presidente <strong>Maurizio Zamparini<\/strong> :\u00a0<em>\u00a0&#8220;La promozione in Serie A sarebbe il regalo pi\u00f9 gradito che possa ricevere. <strong>Se fossi io Babbo Natale?<\/strong> A<strong> Papa Francesco<\/strong> regalerei la mia disponibilit\u00e0 a fare qualsiasi cosa lui mi chieda. Lui ha gi\u00e0 tutto, ha l&#8217;amore della gente. A <strong>Piero Grasso<\/strong>, tifosissimo del Palermo, regalerei la A. Al mio vicepresidente,<strong> Guglielmo Miccich\u00e8<\/strong>, regalerei due bottiglie di buon vino. Infine, <strong>alla mia cara moglie<\/strong>, darei tutto me stesso&#8221;.<\/em><\/div>\n<div>\n<p style=\"text-align: justify;\"><em>&#8220;Se mi dessero le autorizzazioni gi\u00e0 <strong>da domani potremmo iniziare i lavori per il centro sportivo di Carini<\/strong>&#8220;. <\/em><\/p>\n<p style=\"text-align: justify;\"><em>&#8220;Sarebbe tutto pronto per Giugno-Luglio 2014, ma anche qui la politica e la burocrazia mi rallentano. Ho un da 600 milioni a Grado, vorrei realizzare la pi\u00f9 grande area termale d&#8217;Europa. Darei lavoro a pi\u00f9 di mille persone, ma in questo paese fare impresa \u00e8 diventato quasi impossibile&#8221;.<\/em><\/p>\n<p style=\"text-align: justify;\"><strong><em>&#8220;Voglio gi\u00e0 a Gennaio una squadra con un organico pronto per la Serie A. Bravo Iachini , i giocatori credono in lui.&#8221;<\/em><\/strong><\/p>\n<p style=\"text-align: justify;\"><a href=\"http:\/\/www.rosanerosiamonoi.it\/palermocalcio\/2013\/10\/04\/video-conferenza-stampa-iachini-prima-di-brescia-palermo-4-10-2013\/iachini-conferenza-stampa\/\" rel=\"attachment wp-att-1429\"><img decoding=\"async\" loading=\"lazy\" class=\"aligncenter size-medium wp-image-1429\" alt=\"Iachini Conferenza Stampa\" src=\"http:\/\/www.rosanerosiamonoi.it\/palermocalcio\/wp-content\/uploads\/2013\/10\/Iachini-Conferenza-Stampa-520x416.jpg\" width=\"520\" height=\"416\" srcset=\"http:\/\/www.rosanerosiamonoi.it\/palermocalcio\/wp-content\/uploads\/2013\/10\/Iachini-Conferenza-Stampa-520x416.jpg 520w, http:\/\/www.rosanerosiamonoi.it\/palermocalcio\/wp-content\/uploads\/2013\/10\/Iachini-Conferenza-Stampa.jpg 720w\" sizes=\"(max-width: 520px) 100vw, 520px\" \/><\/a><\/p>\n<p>&nbsp;<\/p>\n<p style=\"text-align: justify;\"><em>\u00a0<\/em>Appello di <strong>Iachini<\/strong> ai tifosi sul sito ufficiale del Palermo :<\/p>\n<\/div>\n<div style=\"text-align: justify;\"><em>&#8220;L\u00b4ambiente \u00e8 sempre caldo e affettuoso, sono tornato e sono sceso in B perch\u00e9 conoscevo questa piazza, questo pubblico, l\u00b4affetto che ho verso la tifoseria e la societ\u00e0&#8221;<\/em>. Queste le parole di\u00a0<strong>Giuseppe Iachini<\/strong>, intervistato dal sito ufficiale del Palermo. Il tecnico rosanero, tornato in Sicilia dopo la fortunata parentesi da giocatore, ha lanciato un messaggio ai tifosi.\u00a0<em>&#8220;Conoscevo Zamparini, per questo sono tornato qui e ho cercato di portare il mio contributo affinch\u00e9 la squadra potesse risalire in condizioni di classifica pi\u00f9 consone<\/em>\u00a0&#8211; ha dichiarato Iachini -.\u00a0<em>Cosa mi auguro? Di continuare a crescere, a lavorare per far si che la squadra diventi figlia del proprio allenatore. Mi aspetto una crescita costante da parte di tutto il gruppo. Ai tifosi non posso chiedere niente, se non quello che gi\u00e0 fanno e sostenere la squadra che ha bisogno di loro per poter tornare in serie A&#8221;<\/em>.<\/div>\n","protected":false},"excerpt":{"rendered":"<p>In arrivo VITIELLO per la fascia destra. Nonostante sia fissata per domani l&#8217;apertura ufficiale della sessione invernale, il mercato del Palermo \u00e8 gi\u00e0 entrato nel vivo\u00a0ed \u00e8 determinato a farlo in maniera mirata. Il primo posto in classifica direbbe che gi\u00e0 va bene cos\u00ec, \u00a0ma invece \u00e8 stato bravo Iachini a far rendere oltre il [&hellip;]<\/p>\n","protected":false},"author":2,"featured_media":1848,"comment_status":"closed","ping_status":"open","sticky":false,"template":"","format":"standard","meta":[],"categories":[1],"tags":[46,192,196,51,194,18,141,97,193,197,55,195,106,53,191,41],"_links":{"self":[{"href":"http:\/\/www.rosanerosiamonoi.it\/palermocalcio\/wp-json\/wp\/v2\/posts\/1846"}],"collection":[{"href":"http:\/\/www.rosanerosiamonoi.it\/palermocalcio\/wp-json\/wp\/v2\/posts"}],"about":[{"href":"http:\/\/www.rosanerosiamonoi.it\/palermocalcio\/wp-json\/wp\/v2\/types\/post"}],"author":[{"embeddable":true,"href":"http:\/\/www.rosanerosiamonoi.it\/palermocalcio\/wp-json\/wp\/v2\/users\/2"}],"replies":[{"embeddable":true,"href":"http:\/\/www.rosanerosiamonoi.it\/palermocalcio\/wp-json\/wp\/v2\/comments?post=1846"}],"version-history":[{"count":7,"href":"http:\/\/www.rosanerosiamonoi.it\/palermocalcio\/wp-json\/wp\/v2\/posts\/1846\/revisions"}],"predecessor-version":[{"id":1897,"href":"http:\/\/www.rosanerosiamonoi.it\/palermocalcio\/wp-json\/wp\/v2\/posts\/1846\/revisions\/1897"}],"wp:featuredmedia":[{"embeddable":true,"href":"http:\/\/www.rosanerosiamonoi.it\/palermocalcio\/wp-json\/wp\/v2\/media\/1848"}],"wp:attachment":[{"href":"http:\/\/www.rosanerosiamonoi.it\/palermocalcio\/wp-json\/wp\/v2\/media?parent=1846"}],"wp:term":[{"taxonomy":"category","embeddable":true,"href":"http:\/\/www.rosanerosiamonoi.it\/palermocalcio\/wp-json\/wp\/v2\/categories?post=1846"},{"taxonomy":"post_tag","embeddable":true,"href":"http:\/\/www.rosanerosiamonoi.it\/palermocalcio\/wp-json\/wp\/v2\/tags?post=1846"}],"curies":[{"name":"wp","href":"https:\/\/api.w.org\/{rel}","templated":true}]}}