{"id":18489,"date":"2024-06-19T19:35:29","date_gmt":"2024-06-19T17:35:29","guid":{"rendered":"https:\/\/www.rosanerosiamonoi.it\/palermocalcio\/?p=18489"},"modified":"2024-06-19T20:10:44","modified_gmt":"2024-06-19T18:10:44","slug":"fisdir-calciando-insieme-conferenza-stampa-integrale-video","status":"publish","type":"post","link":"http:\/\/www.rosanerosiamonoi.it\/palermocalcio\/2024\/06\/19\/fisdir-calciando-insieme-conferenza-stampa-integrale-video\/","title":{"rendered":"Fisdir Calciando insieme Conferenza stampa integrale (VIDEO)"},"content":{"rendered":"<p><a href=\"https:\/\/www.rosanerosiamonoi.it\/palermocalcio\/2024\/06\/18\/18470\/invito-conferenza-1\/\" rel=\"attachment wp-att-18471\"><img decoding=\"async\" loading=\"lazy\" class=\"aligncenter wp-image-18471\" src=\"http:\/\/www.rosanerosiamonoi.it\/palermocalcio\/wp-content\/uploads\/2024\/06\/invito-conferenza-1.jpg\" alt=\"\" width=\"451\" height=\"630\" srcset=\"http:\/\/www.rosanerosiamonoi.it\/palermocalcio\/wp-content\/uploads\/2024\/06\/invito-conferenza-1.jpg 1168w, http:\/\/www.rosanerosiamonoi.it\/palermocalcio\/wp-content\/uploads\/2024\/06\/invito-conferenza-1-372x520.jpg 372w, http:\/\/www.rosanerosiamonoi.it\/palermocalcio\/wp-content\/uploads\/2024\/06\/invito-conferenza-1-733x1024.jpg 733w, http:\/\/www.rosanerosiamonoi.it\/palermocalcio\/wp-content\/uploads\/2024\/06\/invito-conferenza-1-768x1072.jpg 768w, http:\/\/www.rosanerosiamonoi.it\/palermocalcio\/wp-content\/uploads\/2024\/06\/invito-conferenza-1-1100x1536.jpg 1100w, http:\/\/www.rosanerosiamonoi.it\/palermocalcio\/wp-content\/uploads\/2024\/06\/invito-conferenza-1-1024x1430.jpg 1024w, http:\/\/www.rosanerosiamonoi.it\/palermocalcio\/wp-content\/uploads\/2024\/06\/invito-conferenza-1-640x894.jpg 640w\" sizes=\"(max-width: 451px) 100vw, 451px\" \/><\/a><\/p>\n<p><strong>Calciando Insieme<\/strong>, \u00e8 stato presentato il 18 giugno, all\u2019interno della sala conferenze dello stadio Renzo Barbera;<br \/>\nIl progetto \u00e8 della Fisdir cui il Cip ha demandato la gestione e la programmazione delle attivit\u00e0 sportive per gli atleti con disabilit\u00e0 intellettivo-relazionale.<br \/>\n<strong>Il torneo si terr\u00e0 venerd\u00ec 21 giugno a partire dalle 16<\/strong> allo sport Village Tommaso Natale (viale Aiace, 101 \u2013 Palermo).<br \/>\n\u201cSiamo riusciti a trovare sei societ\u00e0, ha affermato <strong>Roberta Cascio<\/strong>, delegata regionale Fisdir Sicilia -: Asd Delfini blu, Asd Radiosa, Asd Vita Nova, Asd Nuova Augusta, Telimar societ\u00e0 cooperativa Sport dilettantistica, Il Sottomarino, Asd paralimpica Mimi Rodolico Mazara e Asd Pro Sport e sono molto soddisfatta che anche il calcio adesso rientri tra le discipline sportive della Fisdir. &#8221;<\/p>\n<p>Per l&#8217;occasione giocheranno insieme anche alcuni giovani atleti under 12 della Palermo FC. L&#8217;arbitraggio sar\u00e0 curato da arbitri federali aderenti all&#8217;Aia.<\/p>\n<div class=\"msg-body P_wpofO mq_AS\" data-test-id=\"message-view-body-content\">\n<div class=\"jb_0 X_6MGW N_6Fd5\">\n<div>\n<div id=\"yiv6128196879\">\n<div dir=\"ltr\">\n<p><span style=\"font-family: Times New Roman, serif;\"><span>Fisdir, ha presentato allo stadio Renzo Barbera di Palermo il torneo di calcio a 5 integrato Calciando insieme<\/span><\/span><\/p>\n<p><span style=\"font-family: Times New Roman, serif;\"><span>Un torneo di calcio a cinque integrato all\u2019insegna dell\u2019inclusione. Calciando insieme \u00e8 il progetto della Fisdir, Federazione italiana sport paralimpici, cui il Cip ha demandato la gestione e la programmazione delle attivit\u00e0 sportive per gli atleti con disabilit\u00e0 intellettivo-relazionale. Il torneo, che si terr\u00e0 venerd\u00ec a partire dalle 16 allo s<span style=\"color: #000000;\">port Village Tommaso Natale (viale Aiace, 101 \u2013 Palermo),\u00a0<\/span><span style=\"color: #000000;\">\u00e8 s<\/span>tato presentato all\u2019interno della sala conferenze dello stadio Renzo Barbera. A dare il primo saluto ai presenti \u00e8 stato <strong>Fabrizio<span style=\"color: #000000;\">\u00a0<\/span><span style=\"color: #000000;\">Giambona<\/span><\/strong><span style=\"color: #000000;\"><b>,<\/b><\/span><span style=\"color: #000000;\">\u00a0<\/span><em><span style=\"color: #000000;\">responsabile\u00a0<\/span><\/em><span style=\"color: #000000;\">organizzativo\u00a0<\/span><em><span style=\"color: #000000;\">del\u00a0<\/span><\/em><em><span style=\"color: #000000;\">s<\/span><\/em><span style=\"color: #000000;\">ettore\u00a0<\/span><em><span style=\"color: #000000;\">giovanile del Palermo<\/span><\/em><span style=\"color: #000000;\">\u00a0<\/span><span style=\"color: #000000;\">calcio\u00a0<\/span><span style=\"color: #000000;\">che ha sposato l\u2019iniziativa della Fisidr. \u201c<\/span><span style=\"color: #000000;\">U<\/span><span style=\"color: #000000;\">na collaborazione che si spera possa continuare nel\u00a0<\/span><span style=\"color: #000000;\">tempo<\/span><span style=\"color: #000000;\">\u00a0\u2013\u00a0<\/span><span style=\"color: #000000;\">commenta Giambona -.<\/span><span style=\"color: #000000;\">\u00a0Ci augur<\/span><span style=\"color: #000000;\">i<\/span><span style=\"color: #000000;\">amo che questo sia il primo\u00a0<\/span><span style=\"color: #000000;\">evento<\/span><span style=\"color: #000000;\">\u00a0insieme di una lunga serie. N<\/span><span style=\"color: #000000;\">oi\u00a0<\/span><span style=\"color: #000000;\">mett<\/span><span style=\"color: #000000;\">iamo<\/span><span style=\"color: #000000;\">\u00a0a disposizione la sala stampa e la struttura dove si svolger\u00e0 il torneo perch\u00e9 tra le mission del Palermo\u00a0<\/span><span style=\"color: #000000;\">non ci sono\u00a0<\/span><span style=\"color: #000000;\">solo<\/span><span style=\"color: #000000;\">\u00a0i risultati sportivi agonistici ma anche\u00a0<\/span><span style=\"color: #000000;\">le attivit\u00e0<\/span><span style=\"color: #000000;\">\u00a0social<\/span><span style=\"color: #000000;\">i<\/span><span style=\"color: #000000;\">. Il calcio \u00e8 uno strumento\u00a0<\/span><span style=\"color: #000000;\">importante\u00a0<\/span><span style=\"color: #000000;\">per diffondere valori importanti come l\u2019inclusione, l\u2019integrazione, abbattimento delle barriere\u00a0<\/span><span style=\"color: #000000;\">e\u00a0<\/span><span style=\"color: #000000;\">le pari opportunit\u00e0. Per questo motivo\u00a0<\/span><span style=\"color: #000000;\">port<\/span><span style=\"color: #000000;\">iamo<\/span><span style=\"color: #000000;\">\u00a0<\/span><span style=\"color: #000000;\">avanti questa idea di calcio integrato in cui ogni squadra vedr\u00e0 la partecipazione attiva di alcuni nostri tesserati del Palermo calcio under 12 maschile. Lo sport \u00e8 accessibile a tutti e si pu\u00f2 fare tutti insieme\u201d.<\/span><\/span><\/span><\/p>\n<p><span style=\"font-family: Times New Roman, serif;\"><span>Secondo l\u2019assessore comunale, <strong>Alessandro Anello<\/strong>: \u201cManifestazioni come queste vanno sostenute sempre dall\u2019amministrazione comunale. Lo sport non \u00e8 solo attivit\u00e0 fisica, ma anche attivit\u00e0 sociale e continua crescita. Cerco di sostenere la Fisdir mettendo a disposizione gli impianti comunali, cos\u00ec facciamo per esempio per il nuoto, l\u2019atletica e il basket\u201d.<\/span><\/span><\/p>\n<p><span style=\"font-family: Times New Roman, serif;\"><span><strong>Roberta Cascio,<\/strong> delegato Fisdir Sicilia, manifesta la sua soddisfazione. <em><strong>\u201cSiamo riusciti a trovare sei societ\u00e0: Asd Delfini blu, Asd Radiosa, Asd Vita Nova, Asd Nuova Augusta, Telimar societ\u00e0 cooperativa Sport dilettantistica, Il Sottomarino, Asd paralimpica Mimi Rodolico Mazara e Asd Pro Sport e<\/strong><\/em> anche il calcio adesso rientra tra le discipline sportive della Fisdir\u201d.<\/span><\/span><\/p>\n<p><span style=\"font-family: Times New Roman, serif;\"><span>Il tecnico della Palermo calcio under 12 e della Fisdir, <strong>Lele Governale,<\/strong> ha spiegato il regolamento del torneo. Parteciperanno 6 societ\u00e0 divise in 2 gironi da 3 squadre che si confronteranno tra loro con tempi da 10 minuti e intervalli da 3. Alla fine delle partite sar\u00e0 stilata una classifica che preveder\u00e0 un primo, un secondo e un terzo posto. Si scontreranno allora le due squadre arrivate prime di ogni girone, cos\u00ec come le seconde e le terze. \u201cNon \u00e8 solo una competizione \u2013 dice Governale &#8211; ma anche e sopratutto un momento di aggregazione, gioia e condivisione\u201d.<\/span><\/span><\/p>\n<p><span style=\"font-family: Times New Roman, serif;\"><span>Presenti alla conferenza stampa anche <strong>Giovanni Caramazza<\/strong> dell\u2019ufficio scolastico regionale, <strong>Gaetano Piraino<\/strong> che ha portato i saluti del Panathlon club di Palermo e <strong>Germano Bond\u00ec<\/strong> presidente di Endas Sicilia.<\/span><\/span><\/p>\n<\/div>\n<\/div>\n<\/div>\n<\/div>\n<\/div>\n<div class=\"jb_0 X_6MGW N_6Fd5\">\n<div class=\"P_0 je_fq7\"><\/div>\n<\/div>\n<p><iframe loading=\"lazy\" title=\"Conferenza Stampa Calciando insieme FISDIR integrale\" src=\"https:\/\/www.youtube.com\/embed\/aE1BsT7viww\" width=\"656\" height=\"408\" frameborder=\"0\" allowfullscreen=\"allowfullscreen\"><\/iframe><\/p>\n<p><a href=\"https:\/\/www.rosanerosiamonoi.it\/palermocalcio\/2024\/06\/18\/18470\/img_3509\/\" rel=\"attachment wp-att-18478\"><img decoding=\"async\" loading=\"lazy\" class=\"aligncenter wp-image-18478\" src=\"http:\/\/www.rosanerosiamonoi.it\/palermocalcio\/wp-content\/uploads\/2024\/06\/IMG_3509.jpg\" alt=\"\" width=\"450\" height=\"253\" srcset=\"http:\/\/www.rosanerosiamonoi.it\/palermocalcio\/wp-content\/uploads\/2024\/06\/IMG_3509.jpg 1920w, http:\/\/www.rosanerosiamonoi.it\/palermocalcio\/wp-content\/uploads\/2024\/06\/IMG_3509-520x293.jpg 520w, http:\/\/www.rosanerosiamonoi.it\/palermocalcio\/wp-content\/uploads\/2024\/06\/IMG_3509-1024x576.jpg 1024w, http:\/\/www.rosanerosiamonoi.it\/palermocalcio\/wp-content\/uploads\/2024\/06\/IMG_3509-768x432.jpg 768w, http:\/\/www.rosanerosiamonoi.it\/palermocalcio\/wp-content\/uploads\/2024\/06\/IMG_3509-1536x864.jpg 1536w, http:\/\/www.rosanerosiamonoi.it\/palermocalcio\/wp-content\/uploads\/2024\/06\/IMG_3509-640x360.jpg 640w\" sizes=\"(max-width: 450px) 100vw, 450px\" \/><\/a><\/p>\n<p><a href=\"https:\/\/www.rosanerosiamonoi.it\/palermocalcio\/2024\/06\/18\/18470\/img_3510\/\" rel=\"attachment wp-att-18482\"><img decoding=\"async\" loading=\"lazy\" class=\"aligncenter wp-image-18482\" src=\"http:\/\/www.rosanerosiamonoi.it\/palermocalcio\/wp-content\/uploads\/2024\/06\/IMG_3510.jpg\" alt=\"\" width=\"451\" height=\"254\" srcset=\"http:\/\/www.rosanerosiamonoi.it\/palermocalcio\/wp-content\/uploads\/2024\/06\/IMG_3510.jpg 1920w, http:\/\/www.rosanerosiamonoi.it\/palermocalcio\/wp-content\/uploads\/2024\/06\/IMG_3510-520x293.jpg 520w, http:\/\/www.rosanerosiamonoi.it\/palermocalcio\/wp-content\/uploads\/2024\/06\/IMG_3510-1024x576.jpg 1024w, http:\/\/www.rosanerosiamonoi.it\/palermocalcio\/wp-content\/uploads\/2024\/06\/IMG_3510-768x432.jpg 768w, http:\/\/www.rosanerosiamonoi.it\/palermocalcio\/wp-content\/uploads\/2024\/06\/IMG_3510-1536x864.jpg 1536w, http:\/\/www.rosanerosiamonoi.it\/palermocalcio\/wp-content\/uploads\/2024\/06\/IMG_3510-640x360.jpg 640w\" sizes=\"(max-width: 451px) 100vw, 451px\" \/><\/a><\/p>\n<p><a href=\"https:\/\/www.rosanerosiamonoi.it\/palermocalcio\/2024\/06\/18\/18470\/fisdir\/\" rel=\"attachment wp-att-18487\"><img decoding=\"async\" loading=\"lazy\" class=\"aligncenter wp-image-18487\" src=\"http:\/\/www.rosanerosiamonoi.it\/palermocalcio\/wp-content\/uploads\/2024\/06\/Fisdir.jpg\" alt=\"\" width=\"450\" height=\"364\" srcset=\"http:\/\/www.rosanerosiamonoi.it\/palermocalcio\/wp-content\/uploads\/2024\/06\/Fisdir.jpg 594w, http:\/\/www.rosanerosiamonoi.it\/palermocalcio\/wp-content\/uploads\/2024\/06\/Fisdir-520x420.jpg 520w\" sizes=\"(max-width: 450px) 100vw, 450px\" \/><\/a><a href=\"https:\/\/www.rosanerosiamonoi.it\/palermocalcio\/2024\/06\/18\/18470\/fisdir-2-2\/\" rel=\"attachment wp-att-18486\"><img decoding=\"async\" loading=\"lazy\" class=\"aligncenter wp-image-18486\" src=\"http:\/\/www.rosanerosiamonoi.it\/palermocalcio\/wp-content\/uploads\/2024\/06\/Fisdir-2.jpg\" alt=\"\" width=\"448\" height=\"252\" srcset=\"http:\/\/www.rosanerosiamonoi.it\/palermocalcio\/wp-content\/uploads\/2024\/06\/Fisdir-2.jpg 1600w, http:\/\/www.rosanerosiamonoi.it\/palermocalcio\/wp-content\/uploads\/2024\/06\/Fisdir-2-520x293.jpg 520w, http:\/\/www.rosanerosiamonoi.it\/palermocalcio\/wp-content\/uploads\/2024\/06\/Fisdir-2-1024x576.jpg 1024w, http:\/\/www.rosanerosiamonoi.it\/palermocalcio\/wp-content\/uploads\/2024\/06\/Fisdir-2-768x432.jpg 768w, http:\/\/www.rosanerosiamonoi.it\/palermocalcio\/wp-content\/uploads\/2024\/06\/Fisdir-2-1536x864.jpg 1536w, http:\/\/www.rosanerosiamonoi.it\/palermocalcio\/wp-content\/uploads\/2024\/06\/Fisdir-2-640x360.jpg 640w\" sizes=\"(max-width: 448px) 100vw, 448px\" \/><\/a><\/p>\n","protected":false},"excerpt":{"rendered":"<p>Calciando Insieme, \u00e8 stato presentato il 18 giugno, all\u2019interno della sala conferenze dello stadio Renzo Barbera; Il progetto \u00e8 della Fisdir cui il Cip ha demandato la gestione e la programmazione delle attivit\u00e0 sportive per gli atleti con disabilit\u00e0 intellettivo-relazionale. Il torneo si terr\u00e0 venerd\u00ec 21 giugno a partire dalle 16 allo sport Village Tommaso [&hellip;]<\/p>\n","protected":false},"author":2,"featured_media":18487,"comment_status":"closed","ping_status":"open","sticky":false,"template":"","format":"standard","meta":[],"categories":[43,10,28,1,44],"tags":[5471,889,5468,5469,1110,1893,2259,2636,3014,72,343,5470],"_links":{"self":[{"href":"http:\/\/www.rosanerosiamonoi.it\/palermocalcio\/wp-json\/wp\/v2\/posts\/18489"}],"collection":[{"href":"http:\/\/www.rosanerosiamonoi.it\/palermocalcio\/wp-json\/wp\/v2\/posts"}],"about":[{"href":"http:\/\/www.rosanerosiamonoi.it\/palermocalcio\/wp-json\/wp\/v2\/types\/post"}],"author":[{"embeddable":true,"href":"http:\/\/www.rosanerosiamonoi.it\/palermocalcio\/wp-json\/wp\/v2\/users\/2"}],"replies":[{"embeddable":true,"href":"http:\/\/www.rosanerosiamonoi.it\/palermocalcio\/wp-json\/wp\/v2\/comments?post=18489"}],"version-history":[{"count":3,"href":"http:\/\/www.rosanerosiamonoi.it\/palermocalcio\/wp-json\/wp\/v2\/posts\/18489\/revisions"}],"predecessor-version":[{"id":18492,"href":"http:\/\/www.rosanerosiamonoi.it\/palermocalcio\/wp-json\/wp\/v2\/posts\/18489\/revisions\/18492"}],"wp:featuredmedia":[{"embeddable":true,"href":"http:\/\/www.rosanerosiamonoi.it\/palermocalcio\/wp-json\/wp\/v2\/media\/18487"}],"wp:attachment":[{"href":"http:\/\/www.rosanerosiamonoi.it\/palermocalcio\/wp-json\/wp\/v2\/media?parent=18489"}],"wp:term":[{"taxonomy":"category","embeddable":true,"href":"http:\/\/www.rosanerosiamonoi.it\/palermocalcio\/wp-json\/wp\/v2\/categories?post=18489"},{"taxonomy":"post_tag","embeddable":true,"href":"http:\/\/www.rosanerosiamonoi.it\/palermocalcio\/wp-json\/wp\/v2\/tags?post=18489"}],"curies":[{"name":"wp","href":"https:\/\/api.w.org\/{rel}","templated":true}]}}