{"id":1893,"date":"2014-01-02T20:03:06","date_gmt":"2014-01-02T19:03:06","guid":{"rendered":"http:\/\/www.rosanerosiamonoi.it\/palermocalcio\/?p=1893"},"modified":"2014-01-03T16:59:58","modified_gmt":"2014-01-03T15:59:58","slug":"il-bilancio-di-iachini-video-ufficiale-2","status":"publish","type":"post","link":"http:\/\/www.rosanerosiamonoi.it\/palermocalcio\/2014\/01\/02\/il-bilancio-di-iachini-video-ufficiale-2\/","title":{"rendered":"SANNINO:&#8221; Vitiello? Il Palermo ha fatto Bingo!&#8221;"},"content":{"rendered":"<p style=\"text-align: center;\">L&#8217;ex allenatore del Palermo<strong> Sannino<\/strong> presenta <strong>Vitiello<\/strong> : <strong>&#8220;Che colpo !&#8221;<\/strong><\/p>\n<p><a href=\"http:\/\/www.rosanerosiamonoi.it\/palermocalcio\/2014\/01\/02\/palermo-campagna-acquisti-arriva-vitiello-e-tutte-le-voci-di-mercato\/vitiello\/\" rel=\"attachment wp-att-1850\"><img decoding=\"async\" loading=\"lazy\" class=\"aligncenter size-full wp-image-1850\" alt=\"vitiello\" src=\"http:\/\/www.rosanerosiamonoi.it\/palermocalcio\/wp-content\/uploads\/2014\/01\/vitiello.jpg\" width=\"300\" height=\"220\" \/><\/a><\/p>\n<p>&nbsp;<\/p>\n<p style=\"text-align: justify;\">E\u00b4 <strong>Roberto Vitiello<\/strong> il primo rinforzo del Palermo.<\/p>\n<p style=\"text-align: justify;\">Intervistato dal <strong>Giornale di Sicilia<\/strong>, <strong>Giuseppe Sannino<\/strong>, attualmente sulla panchina del Watford, ha parlato del difensore ex Siena.<\/p>\n<p style=\"text-align: justify;\">Con l&#8217;acquisto di<strong>\u00a0Roberto Vitiello<\/strong>\u00a0il Palermo ha fatto &#8220;bingo&#8221;.<\/p>\n<p style=\"text-align: justify;\">Ne \u00e8 convinto l&#8217;allenatore<strong>\u00a0Giuseppe Sannino<\/strong>\u00a0che a Siena (stagione 2011\/12) ha fatto esordire in serie A il neo-acquisto rosanero:<strong><\/strong><\/p>\n<p style=\"text-align: justify;\">&#8220;Il Palermo in un solo colpo ha portato a casa un grande uomo, un perfetto professionista ed un ottimo giocatore.<br \/>\n<strong>Vitiello nasce come esterno destro ma pu\u00f2 tranquillamente ricoprire anche il ruolo di centrale di difesa<\/strong> &#8211; ha dichiarato l\u00b4ex tecnico del Palermo -.<\/p>\n<p style=\"text-align: justify;\"><strong>Non lo definisco una valida alternativa ma un titolare vero e proprio<\/strong> in grado di tornare utile a qualsiasi allenatore.<\/p>\n<p style=\"text-align: justify;\">Dopo la grande prestazione offerta contro la Roma all\u00b4Olimpico condita con la rete decisiva per il pari, sono rimasto colpito dal suo atteggiamento alla ripresa degli allenamenti. Era carico a mille con la grinta e la decisione di chi non si accontenta mai e suda la maglia per ottenere i giusti risultati&#8221;.<\/p>\n<p style=\"text-align: justify;\"><strong>Leonardo Acori<\/strong>, ex allenatore del Rimini, promuove a pieni voti il &#8220;colpo&#8221; Vitiello messo a segno dal Palermo: &#8220;Il Palermo ha fatto un grande acquisto &#8211; ha spiegato al Giornale di Sicilia l&#8217;ex tecnico della compagine romagnola nella quale ha militato per quattro anni il neo-acquisto rosanero &#8211; si tratta di un ragazzo molto serio e affidabile.\u00a0E poi \u00e8 molto forte di testa nonostante non sia altissimo. Ha uno stacco importante, le sue doti aeree gli hanno permesso di andare in gol spesso&#8221;.<\/p>\n<p style=\"text-align: justify;\">Uno dei tratti distintivi del neo-difensore rosanero \u00e8 la duttilit\u00e0: &#8220;Vitiello \u00e8 un esterno abituato a giocare sia nella difesa a tre che in quella a quattro &#8211; ha aggiunto Acori &#8211; per me, per\u00f2, nel 3-5-2 pu\u00f2 essere impiegato come centrale, non a centrocampo. Fermo restando che Perinetti e Iachini lo conoscono bene, sono andati sull&#8217;usato garantito. Ritrovarli a Palermo assieme a Bolzoni, Terzi e ai tanti ex compagni di squadra al Siena sar\u00e0 un vantaggio per entrare prima possibile negli schemi della squadra. La voglia di rimettersi in gioco dopo il periodo di inattivit\u00e0 legato al calcioscommesse far\u00e0 da catalizzatore&#8221;.<\/p>\n<p style=\"text-align: justify;\"><strong>Roberto Vitiello<\/strong>, neo-acquisto del Palermo, vuole riaggiornare il proprio curriculum cancellando definitivamente la &#8220;macchia&#8221; legata alla squalifica (i 4 anni confermati in primo e in secondo grado dalla Commissione Disciplinare nell&#8217;estate 2012 sono stati ridotti a 9 mesi dal Tnas il 7 febbraio 2013) nell&#8217;ambito del calcioscommesse: &#8220;Sono sicuro che lui con quell&#8217;accusa non c&#8217;entra nulla &#8211; ha dichiarato al &#8216;Giornale di Sicilia&#8217; il tecnico Leonardo Acori con cui il difensore campano ha lavorato a Rimini &#8211; \u00e8 un ragazzo troppo serio. Credo che i colori rosanero gli daranno la giusta carica per correre verso la A&#8221;.<\/p>\n<p style=\"text-align: justify;\">\n","protected":false},"excerpt":{"rendered":"<p>L&#8217;ex allenatore del Palermo Sannino presenta Vitiello : &#8220;Che colpo !&#8221; &nbsp; E\u00b4 Roberto Vitiello il primo rinforzo del Palermo. Intervistato dal Giornale di Sicilia, Giuseppe Sannino, attualmente sulla panchina del Watford, ha parlato del difensore ex Siena. Con l&#8217;acquisto di\u00a0Roberto Vitiello\u00a0il Palermo ha fatto &#8220;bingo&#8221;. Ne \u00e8 convinto l&#8217;allenatore\u00a0Giuseppe Sannino\u00a0che a Siena (stagione 2011\/12) [&hellip;]<\/p>\n","protected":false},"author":2,"featured_media":1848,"comment_status":"closed","ping_status":"open","sticky":false,"template":"","format":"standard","meta":[],"categories":[1,6],"tags":[106,210,6,191],"_links":{"self":[{"href":"http:\/\/www.rosanerosiamonoi.it\/palermocalcio\/wp-json\/wp\/v2\/posts\/1893"}],"collection":[{"href":"http:\/\/www.rosanerosiamonoi.it\/palermocalcio\/wp-json\/wp\/v2\/posts"}],"about":[{"href":"http:\/\/www.rosanerosiamonoi.it\/palermocalcio\/wp-json\/wp\/v2\/types\/post"}],"author":[{"embeddable":true,"href":"http:\/\/www.rosanerosiamonoi.it\/palermocalcio\/wp-json\/wp\/v2\/users\/2"}],"replies":[{"embeddable":true,"href":"http:\/\/www.rosanerosiamonoi.it\/palermocalcio\/wp-json\/wp\/v2\/comments?post=1893"}],"version-history":[{"count":12,"href":"http:\/\/www.rosanerosiamonoi.it\/palermocalcio\/wp-json\/wp\/v2\/posts\/1893\/revisions"}],"predecessor-version":[{"id":1942,"href":"http:\/\/www.rosanerosiamonoi.it\/palermocalcio\/wp-json\/wp\/v2\/posts\/1893\/revisions\/1942"}],"wp:featuredmedia":[{"embeddable":true,"href":"http:\/\/www.rosanerosiamonoi.it\/palermocalcio\/wp-json\/wp\/v2\/media\/1848"}],"wp:attachment":[{"href":"http:\/\/www.rosanerosiamonoi.it\/palermocalcio\/wp-json\/wp\/v2\/media?parent=1893"}],"wp:term":[{"taxonomy":"category","embeddable":true,"href":"http:\/\/www.rosanerosiamonoi.it\/palermocalcio\/wp-json\/wp\/v2\/categories?post=1893"},{"taxonomy":"post_tag","embeddable":true,"href":"http:\/\/www.rosanerosiamonoi.it\/palermocalcio\/wp-json\/wp\/v2\/tags?post=1893"}],"curies":[{"name":"wp","href":"https:\/\/api.w.org\/{rel}","templated":true}]}}