{"id":19244,"date":"2024-12-27T16:08:29","date_gmt":"2024-12-27T15:08:29","guid":{"rendered":"https:\/\/www.rosanerosiamonoi.it\/palermocalcio\/?p=19244"},"modified":"2024-12-27T16:09:53","modified_gmt":"2024-12-27T15:09:53","slug":"palermo-premia-lo-sport-seconda-parte-video","status":"publish","type":"post","link":"http:\/\/www.rosanerosiamonoi.it\/palermocalcio\/2024\/12\/27\/palermo-premia-lo-sport-seconda-parte-video\/","title":{"rendered":"Palermo premia lo Sport &#8211; Seconda parte (VIDEO)"},"content":{"rendered":"<h1><a href=\"https:\/\/www.rosanerosiamonoi.it\/palermocalcio\/2024\/12\/27\/palermo-premia-lo-sport-seconda-parte-video\/palermo-premia-lo-sport-2\/\" rel=\"attachment wp-att-19246\"><img decoding=\"async\" loading=\"lazy\" class=\"aligncenter wp-image-19246\" src=\"http:\/\/www.rosanerosiamonoi.it\/palermocalcio\/wp-content\/uploads\/2024\/12\/palermo-premia-lo-sport-2.png\" alt=\"\" width=\"400\" height=\"273\" srcset=\"http:\/\/www.rosanerosiamonoi.it\/palermocalcio\/wp-content\/uploads\/2024\/12\/palermo-premia-lo-sport-2.png 768w, http:\/\/www.rosanerosiamonoi.it\/palermocalcio\/wp-content\/uploads\/2024\/12\/palermo-premia-lo-sport-2-520x355.png 520w, http:\/\/www.rosanerosiamonoi.it\/palermocalcio\/wp-content\/uploads\/2024\/12\/palermo-premia-lo-sport-2-640x437.png 640w\" sizes=\"(max-width: 400px) 100vw, 400px\" \/><\/a><\/h1>\n<h1 style=\"text-align: center;\">Palermo premia lo sport 2024<\/h1>\n<h2 style=\"text-align: center;\"><span style=\"color: #0000ff;\">seconda parte<\/span><\/h2>\n<h3 style=\"text-align: center;\">Teatro Politeama &#8211; Palermo<\/h3>\n<p>&nbsp;<\/p>\n<p><iframe loading=\"lazy\" title=\"Palermo premia lo Sport seconda parte\" src=\"https:\/\/www.youtube.com\/embed\/5S2W3NsFJdk\" width=\"656\" height=\"408\" frameborder=\"0\" allowfullscreen=\"allowfullscreen\"><span data-mce-type=\"bookmark\" style=\"display: inline-block; width: 0px; overflow: hidden; line-height: 0;\" class=\"mce_SELRES_start\">\ufeff<\/span><\/iframe><\/p>\n<p>In questo video la seconda parte di<strong> \u201cPalermo Premia lo Sport\u201d<\/strong>, la grande festa di premiazione \u2013 indetta dal Comune di Palermo che ha avuto luogo al Politeama Garibaldi.<\/p>\n<p>Atleti, tecnici, societ\u00e0 e dirigenti hanno ricevuto riconoscimenti per i risultati in campo Internazionale o Nazionale ottenuti nel corso del 2024.<\/p>\n<p>I premi sono andati anche agli organizzatori delle pi\u00f9 importanti manifestazioni sportive cittadine. E&#8217; stata una lunga maratona che ha visto sfilare sul palcoscenico del teatro Campioni del Mondo, Europei, Italiani, vincitori di medaglie (oro, argento, bronzo) nelle pi\u00f9 importanti competizioni e serie di tutti gli sport olimpici e paralimpici.<\/p>\n<p>Il CONI provinciale, che ha patrocinato la manifestazione, e gli associati del Comitato Italiano Paralimpici hanno redatto in collaborazione con le diverse Federazioni e gli Enti di Promozione Sportiva, il lungo elenco dei destinatari di medaglie e targhe.<\/p>\n<p>L\u2019ingresso al teatro era libero (sino ad esaurimento dei posti a sedere). Il Sindaco di Palermo, <strong>Roberto Lagalla<\/strong>, nella qualit\u00e0 di Presidente della Citt\u00e0 Metropolitana alle 10.30 ha consegnato le targhe per riconoscimenti speciali che sono andati agli sportivi del territorio provinciale e ad alcune personalit\u00e0 fra tecnici (fra questi il Prof. Gaspare Polizzi, gi\u00e0 storico allenatore di Tot\u00f2 Antibo), dirigenti di Federazioni (Atletica Leggera Badiminton, Calcio, Equitazione), organizzatori (Country Club, Circolo della Vela), oltre che ad atleti segnalati per particolari meriti come l\u2019olimpionico di canotaggio Emanuele Gaetani Liseo o il pallavolista Federico Argano.<\/p>\n<p>L\u2019Assessore al Turismo e Sport del Comune di Palermo<strong> Alessandro Anello<\/strong> consegnato le medaglie per gli atleti di Palermo di ben 30 discipline federali (CONI) otto del CIP: Atletica Leggera, Danza Sportiva, Nuoto, Judo Agonistico, Tennis Tavolo, Pallamano, Parabadminton,<\/p>\n<p>Pesistica da dov\u2019\u00e8 arrivato un titolo mondiale grazie al giovane Under 17<strong> Gabriele Di Cristina<\/strong>.<\/p>\n<p>Il<strong> Giornale di Sicilia<\/strong> e un media partner della manifestazione insieme all\u2019agenzia di stampa<strong> Italpress<\/strong>. L\u2019organizzazione \u00e8 a cura di VM Agency Group e Stratos DMP.<\/p>\n","protected":false},"excerpt":{"rendered":"<p>Palermo premia lo sport 2024 seconda parte Teatro Politeama &#8211; Palermo &nbsp; \ufeff In questo video la seconda parte di \u201cPalermo Premia lo Sport\u201d, la grande festa di premiazione \u2013 indetta dal Comune di Palermo che ha avuto luogo al Politeama Garibaldi. Atleti, tecnici, societ\u00e0 e dirigenti hanno ricevuto riconoscimenti per i risultati in campo [&hellip;]<\/p>\n","protected":false},"author":2,"featured_media":19246,"comment_status":"closed","ping_status":"open","sticky":false,"template":"","format":"standard","meta":[],"categories":[10,35,1,44],"tags":[5696,5468,5695,5694,1546,4757,1953,1526,5687,592,3392,861,5693,5595],"_links":{"self":[{"href":"http:\/\/www.rosanerosiamonoi.it\/palermocalcio\/wp-json\/wp\/v2\/posts\/19244"}],"collection":[{"href":"http:\/\/www.rosanerosiamonoi.it\/palermocalcio\/wp-json\/wp\/v2\/posts"}],"about":[{"href":"http:\/\/www.rosanerosiamonoi.it\/palermocalcio\/wp-json\/wp\/v2\/types\/post"}],"author":[{"embeddable":true,"href":"http:\/\/www.rosanerosiamonoi.it\/palermocalcio\/wp-json\/wp\/v2\/users\/2"}],"replies":[{"embeddable":true,"href":"http:\/\/www.rosanerosiamonoi.it\/palermocalcio\/wp-json\/wp\/v2\/comments?post=19244"}],"version-history":[{"count":3,"href":"http:\/\/www.rosanerosiamonoi.it\/palermocalcio\/wp-json\/wp\/v2\/posts\/19244\/revisions"}],"predecessor-version":[{"id":19249,"href":"http:\/\/www.rosanerosiamonoi.it\/palermocalcio\/wp-json\/wp\/v2\/posts\/19244\/revisions\/19249"}],"wp:featuredmedia":[{"embeddable":true,"href":"http:\/\/www.rosanerosiamonoi.it\/palermocalcio\/wp-json\/wp\/v2\/media\/19246"}],"wp:attachment":[{"href":"http:\/\/www.rosanerosiamonoi.it\/palermocalcio\/wp-json\/wp\/v2\/media?parent=19244"}],"wp:term":[{"taxonomy":"category","embeddable":true,"href":"http:\/\/www.rosanerosiamonoi.it\/palermocalcio\/wp-json\/wp\/v2\/categories?post=19244"},{"taxonomy":"post_tag","embeddable":true,"href":"http:\/\/www.rosanerosiamonoi.it\/palermocalcio\/wp-json\/wp\/v2\/tags?post=19244"}],"curies":[{"name":"wp","href":"https:\/\/api.w.org\/{rel}","templated":true}]}}