{"id":19278,"date":"2024-12-30T10:02:27","date_gmt":"2024-12-30T09:02:27","guid":{"rendered":"https:\/\/www.rosanerosiamonoi.it\/palermocalcio\/?p=19278"},"modified":"2024-12-30T11:21:41","modified_gmt":"2024-12-30T10:21:41","slug":"agguato-dei-tifosi-al-pullman-del-palermo","status":"publish","type":"post","link":"http:\/\/www.rosanerosiamonoi.it\/palermocalcio\/2024\/12\/30\/agguato-dei-tifosi-al-pullman-del-palermo\/","title":{"rendered":"Agguato dei tifosi al Pullman del Palermo"},"content":{"rendered":"<p><a href=\"https:\/\/www.rosanerosiamonoi.it\/palermocalcio\/2024\/01\/13\/cittadella-palermo-2-0-si-parte-male-video\/palermofc\/\" rel=\"attachment wp-att-18006\"><img decoding=\"async\" loading=\"lazy\" class=\"aligncenter wp-image-18006\" src=\"http:\/\/www.rosanerosiamonoi.it\/palermocalcio\/wp-content\/uploads\/2024\/01\/palermofc.jpg\" alt=\"\" width=\"300\" height=\"300\" srcset=\"http:\/\/www.rosanerosiamonoi.it\/palermocalcio\/wp-content\/uploads\/2024\/01\/palermofc.jpg 380w, http:\/\/www.rosanerosiamonoi.it\/palermocalcio\/wp-content\/uploads\/2024\/01\/palermofc-150x150.jpg 150w, http:\/\/www.rosanerosiamonoi.it\/palermocalcio\/wp-content\/uploads\/2024\/01\/palermofc-100x100.jpg 100w, http:\/\/www.rosanerosiamonoi.it\/palermocalcio\/wp-content\/uploads\/2024\/01\/palermofc-200x200.jpg 200w, http:\/\/www.rosanerosiamonoi.it\/palermocalcio\/wp-content\/uploads\/2024\/01\/palermofc-50x50.jpg 50w, http:\/\/www.rosanerosiamonoi.it\/palermocalcio\/wp-content\/uploads\/2024\/01\/palermofc-144x144.jpg 144w\" sizes=\"(max-width: 300px) 100vw, 300px\" \/><\/a><\/p>\n<h2 style=\"text-align: center;\">La protesta dei tifosi<\/h2>\n<p>&nbsp;<\/p>\n<p>PALERMO (ITALPRESS) \u2013 Notte di paura per i calciatori e dirigenti del Palermo. Il pullman della squadra, rientrato in citt\u00e0 dopo la trasferta contro il Cittadella nella quale la formazione di Dionisi ha perso per 2-1, \u00e8 stato bloccato da un gruppo composto da un centinaio di tifosi all\u2019altezza di Carini con lanci di petardi, fumogeni, pietre e bombe carta. L\u2019autista del mezzo, prontamente, ha fatto rientro all\u2019aeroporto Falcone Borsellino di Palermo ed alcuni dei giocatori sono andati via in taxi tornando nelle proprie abitazioni, avendo le macchine posteggiate nel centro sportivo di Torretta. Si attendono sviluppi.<br \/>\nquesto il comunicato della societ\u00e0 : \u201cIl Palermo FC intende condannare duramente l\u2019agguato di ieri notte al pullman con a bordo calciatori, staff e dirigenti della Prima Squadra nel tragitto tra l\u2019Aeroporto Falcone Borsellino e il Palermo CFA- commenta la societ\u00e0 rosanero in una nota \u2013 Il Club ha sempre rispettato ogni forma civile di contestazione da parte della tifoseria. Questo inquietante episodio offende non solo la dignit\u00e0 delle persone, ma anche la reputazione del Palermo FC e della sua comunit\u00e0, della Citt\u00e0 di Palermo e dei palermitani\u201d<\/p>\n<p>Non possiamo non manifestare la solidariet\u00e0 alla squadra e la societ\u00e0 perch\u00e8 fatti come questi non avvengano mai pi\u00f9 se non usando altre forme di protesta pi\u00f9 civili e di carattere sportivo che sono corrette da parte dei tifosi che in quanto tali esprimono liberamente non solo cori di consenso ed incitamento ma anche cori di disapprovazione quando ci si accorge che nella realt\u00e0 non tutto viene fatto per il bene della squadra e riportarla veramente in Serie A od in alternativa lasciare lo stadio vuoto come forte segnale di disapprovazione . Ma la violenza mai ! Forza Palermo ! ( da un tifoso che frequenta la Favorita fin dal 1952)<\/p>\n","protected":false},"excerpt":{"rendered":"<p>La protesta dei tifosi &nbsp; PALERMO (ITALPRESS) \u2013 Notte di paura per i calciatori e dirigenti del Palermo. Il pullman della squadra, rientrato in citt\u00e0 dopo la trasferta contro il Cittadella nella quale la formazione di Dionisi ha perso per 2-1, \u00e8 stato bloccato da un gruppo composto da un centinaio di tifosi all\u2019altezza di [&hellip;]<\/p>\n","protected":false},"author":2,"featured_media":18006,"comment_status":"closed","ping_status":"open","sticky":false,"template":"","format":"standard","meta":[],"categories":[10,1],"tags":[5715,5710,2636,5716,74,5717,4775],"_links":{"self":[{"href":"http:\/\/www.rosanerosiamonoi.it\/palermocalcio\/wp-json\/wp\/v2\/posts\/19278"}],"collection":[{"href":"http:\/\/www.rosanerosiamonoi.it\/palermocalcio\/wp-json\/wp\/v2\/posts"}],"about":[{"href":"http:\/\/www.rosanerosiamonoi.it\/palermocalcio\/wp-json\/wp\/v2\/types\/post"}],"author":[{"embeddable":true,"href":"http:\/\/www.rosanerosiamonoi.it\/palermocalcio\/wp-json\/wp\/v2\/users\/2"}],"replies":[{"embeddable":true,"href":"http:\/\/www.rosanerosiamonoi.it\/palermocalcio\/wp-json\/wp\/v2\/comments?post=19278"}],"version-history":[{"count":4,"href":"http:\/\/www.rosanerosiamonoi.it\/palermocalcio\/wp-json\/wp\/v2\/posts\/19278\/revisions"}],"predecessor-version":[{"id":19282,"href":"http:\/\/www.rosanerosiamonoi.it\/palermocalcio\/wp-json\/wp\/v2\/posts\/19278\/revisions\/19282"}],"wp:featuredmedia":[{"embeddable":true,"href":"http:\/\/www.rosanerosiamonoi.it\/palermocalcio\/wp-json\/wp\/v2\/media\/18006"}],"wp:attachment":[{"href":"http:\/\/www.rosanerosiamonoi.it\/palermocalcio\/wp-json\/wp\/v2\/media?parent=19278"}],"wp:term":[{"taxonomy":"category","embeddable":true,"href":"http:\/\/www.rosanerosiamonoi.it\/palermocalcio\/wp-json\/wp\/v2\/categories?post=19278"},{"taxonomy":"post_tag","embeddable":true,"href":"http:\/\/www.rosanerosiamonoi.it\/palermocalcio\/wp-json\/wp\/v2\/tags?post=19278"}],"curies":[{"name":"wp","href":"https:\/\/api.w.org\/{rel}","templated":true}]}}