{"id":19506,"date":"2025-02-08T20:07:20","date_gmt":"2025-02-08T19:07:20","guid":{"rendered":"https:\/\/www.rosanerosiamonoi.it\/palermocalcio\/?p=19506"},"modified":"2025-02-09T22:01:11","modified_gmt":"2025-02-09T21:01:11","slug":"spezia-palermo-2-2-i-sogni-svaniscono-allalba","status":"publish","type":"post","link":"http:\/\/www.rosanerosiamonoi.it\/palermocalcio\/2025\/02\/08\/spezia-palermo-2-2-i-sogni-svaniscono-allalba\/","title":{"rendered":"Spezia &#8211; Palermo 2-2. I sogni svaniscono all&#8217;alba &#8230;."},"content":{"rendered":"<p style=\"text-align: center;\"><a href=\"https:\/\/www.rosanerosiamonoi.it\/palermocalcio\/2025\/02\/08\/25a-giornata-del-campionato-di-serie-b\/aurelio-gol-spezia-4\/\" rel=\"attachment wp-att-19516\"><img decoding=\"async\" loading=\"lazy\" class=\"aligncenter wp-image-19516\" src=\"http:\/\/www.rosanerosiamonoi.it\/palermocalcio\/wp-content\/uploads\/2025\/02\/Aurelio-gol-Spezia-3.jpg\" alt=\"\" width=\"400\" height=\"300\" srcset=\"http:\/\/www.rosanerosiamonoi.it\/palermocalcio\/wp-content\/uploads\/2025\/02\/Aurelio-gol-Spezia-3.jpg 600w, http:\/\/www.rosanerosiamonoi.it\/palermocalcio\/wp-content\/uploads\/2025\/02\/Aurelio-gol-Spezia-3-520x390.jpg 520w\" sizes=\"(max-width: 400px) 100vw, 400px\" \/><\/a><\/p>\n<p style=\"text-align: center;\"><strong>1&#8242; Ranocchia (P), 73&#8242; Brunori (P), 90&#8217;+2 P. Esposito (S), 90&#8217;+5 Aurelio (S)<\/strong><\/p>\n<p>&nbsp;<\/p>\n<p>E&#8217; iniziata, con un anticipo,\u00a0 venerd\u00ec sera la <strong>25\u00aa giornata del campionato di Serie B<\/strong>, e si concluder\u00e0, dopo le gare di sabato\u00a0 poi &#8211; come di consueto &#8211; nella giornata di domenica, con le ultime quattro delle dieci gare in programma.<\/p>\n<p>Inizio shock per lo<strong> Spezia<\/strong>, con il <strong>Palermo<\/strong> che trova il vantaggio al fischio di inizio, dopo 27 secondi con il solito <strong>Ranocchia, ma, non molla lo Spezia, che riesce nei 5 minuti finali ad acciuffare il pareggio nonostante il Palermo fosse avanti di due reti, <\/strong>e sorride la <strong>Cremonese<\/strong>, ora avanti sul <strong>SudTirol<\/strong> (seppur di misura). Tiene poi la <strong>Reggiana<\/strong>, che, decimata, sta comunque tenendo il passo del <strong>Cesena:<\/strong> gara ferma sul pari a , reti bianche.<br \/>\n<strong>Nel Cesena l&#8217;ex rosanero Saric 7<\/strong>\u00a0&#8211; Match winner con il gol decisivo, ma anche tanta sostanza in mezzo al campo. A centrocampo \u00e8 ovunque, recupera palloni, imposta il gioco e si propone con continuit\u00e0 negli spazi.<\/p>\n<p style=\"text-align: center;\"><a href=\"https:\/\/www.rosanerosiamonoi.it\/palermocalcio\/2025\/02\/08\/25a-giornata-del-campionato-di-serie-b\/spezia-palermo-2-2-statistiche\/\" rel=\"attachment wp-att-19515\"><img decoding=\"async\" loading=\"lazy\" class=\"aligncenter wp-image-19515\" src=\"http:\/\/www.rosanerosiamonoi.it\/palermocalcio\/wp-content\/uploads\/2025\/02\/Spezia-Palermo-2-2-Statistiche.jpg\" alt=\"\" width=\"403\" height=\"302\" srcset=\"http:\/\/www.rosanerosiamonoi.it\/palermocalcio\/wp-content\/uploads\/2025\/02\/Spezia-Palermo-2-2-Statistiche.jpg 720w, http:\/\/www.rosanerosiamonoi.it\/palermocalcio\/wp-content\/uploads\/2025\/02\/Spezia-Palermo-2-2-Statistiche-520x390.jpg 520w, http:\/\/www.rosanerosiamonoi.it\/palermocalcio\/wp-content\/uploads\/2025\/02\/Spezia-Palermo-2-2-Statistiche-640x480.jpg 640w\" sizes=\"(max-width: 403px) 100vw, 403px\" \/><\/a><\/p>\n<p>I sogni svaniscono all&#8217;alba come oggi al campo dello Spezia che rimonta nei 5 minuti di recupero 2 gol e resta in corsa per la Serie A e manda fuori dai primi 8 posti e dalla zona play out i rosanero che oggi hanno visto in campo un duo fallimentare in attacco Brunori e Pohjampalo anche se se poi il primo ha segnato su una ribattuta del portiere portando a o-2 il risultato.<\/p>\n<p>Per oggi comunque avendo pareggiato per tutti il voto \u00e8 3 , mentre a prescindere del gol senato, per quello &#8220;non visto&#8221; in campo, Brunori e Pohjampalo meriterebbero 0.<\/p>\n<p>Questo il risultato frutto del non comprare giocatori veri di Serie B e non avere rinnovato tutta la squadra , magari tenendo il solo Ranocchia per la panchina con gli altri 13 nuovi e veri giocatori. e pensare che qualcuno mi aveva detto <strong>&#8220;Vedrai con questi arrivi come voliamo subito in serie A !!!!!&#8221;<\/strong><\/p>\n<p>Ed infatti lo abbiamo visto &#8230;siamo volati &#8230;ma fuori da quelle che lotteranno per la A . Almeno oggi.<\/p>\n<p><strong>Un pareggio che costa caro al Palermo<\/strong>, che cos\u00ec esce fuori dalla zona playoff della classifica <strong>scivolando al nono posto a quota 31 punt<\/strong>i. Lo Spezia resta al terzo posto della graduatoria di Serie B conquistando il suo 49esimo punto e mantenendo le mura amiche dello stadio \u201cAlberto Picco\u201d ancora imbattute quest\u2019anno. Brunori e compagni torneranno in campo al \u201cBarbera\u201d domenica 16 febbraio alle ore 15.00 contro il Mantova.<\/p>\n<p>Speriamo adesso che non arrivi pi\u00f9 nessuno preso da svincolati, cacciati, dalle proprie squadre o fuori contratto ovviamente perch\u00e8 nessuno li vuole cio\u00e8, visto il passato, i giocatori preferiti da questa societ\u00e0 che probabilmente silenziosamente festeggia per stare evitando il rischio di salire in serie A.<\/p>\n<h3 style=\"text-align: center;\">Tabellino<\/h3>\n<p style=\"text-align: center;\"><a href=\"https:\/\/www.rosanerosiamonoi.it\/palermocalcio\/2023\/10\/24\/palermo-spezia-2-2-grazie-a-santa-rosalia-video\/spezia-logo\/\" rel=\"attachment wp-att-17672\"><img decoding=\"async\" loading=\"lazy\" class=\"aligncenter size-full wp-image-17672\" src=\"http:\/\/www.rosanerosiamonoi.it\/palermocalcio\/wp-content\/uploads\/2023\/10\/spezia-logo.png\" alt=\"\" width=\"127\" height=\"127\" srcset=\"http:\/\/www.rosanerosiamonoi.it\/palermocalcio\/wp-content\/uploads\/2023\/10\/spezia-logo.png 127w, http:\/\/www.rosanerosiamonoi.it\/palermocalcio\/wp-content\/uploads\/2023\/10\/spezia-logo-100x100.png 100w, http:\/\/www.rosanerosiamonoi.it\/palermocalcio\/wp-content\/uploads\/2023\/10\/spezia-logo-50x50.png 50w\" sizes=\"(max-width: 127px) 100vw, 127px\" \/><\/a><\/p>\n<p><strong>SPEZIA<\/strong>: 23 Chichizola, 2 Wisniewski, 5 S. Esposito, 7 Elia (dal 46\u2032 Degli Innocenti), 9 F. Esposito, 10 Lapadula, 13 Reca (dall\u201987\u2019 Colak), 29 Cassata (dal 67\u2032 Kouda), 32 Vignali (dall\u201982\u2019 Aurelio), 37 Mateju, 55 Hristov (C).<\/p>\n<p><strong>A disposizione<\/strong>: 66 Gori, 4 Ferrer, 6 Degli Innocenti, 11 Falcinelli, 17 Colak, 20 Di Serio, 31 Aurelio, 36 Candelari, 65 Giorgeschi, 77 Bertola, 80 Kouda, 82 Djankpata.<\/p>\n<p><strong>Allenatore:<\/strong> D\u2019Angelo.<\/p>\n<p><a href=\"https:\/\/www.rosanerosiamonoi.it\/palermocalcio\/2024\/01\/13\/cittadella-palermo-2-0-si-parte-male-video\/palermofc\/\" rel=\"attachment wp-att-18006\"><img decoding=\"async\" loading=\"lazy\" class=\"aligncenter wp-image-18006\" src=\"http:\/\/www.rosanerosiamonoi.it\/palermocalcio\/wp-content\/uploads\/2024\/01\/palermofc.jpg\" alt=\"\" width=\"149\" height=\"149\" srcset=\"http:\/\/www.rosanerosiamonoi.it\/palermocalcio\/wp-content\/uploads\/2024\/01\/palermofc.jpg 380w, http:\/\/www.rosanerosiamonoi.it\/palermocalcio\/wp-content\/uploads\/2024\/01\/palermofc-150x150.jpg 150w, http:\/\/www.rosanerosiamonoi.it\/palermocalcio\/wp-content\/uploads\/2024\/01\/palermofc-100x100.jpg 100w, http:\/\/www.rosanerosiamonoi.it\/palermocalcio\/wp-content\/uploads\/2024\/01\/palermofc-200x200.jpg 200w, http:\/\/www.rosanerosiamonoi.it\/palermocalcio\/wp-content\/uploads\/2024\/01\/palermofc-50x50.jpg 50w, http:\/\/www.rosanerosiamonoi.it\/palermocalcio\/wp-content\/uploads\/2024\/01\/palermofc-144x144.jpg 144w\" sizes=\"(max-width: 149px) 100vw, 149px\" \/><\/a><\/p>\n<p><strong>PALERMO<\/strong>: 12 Audero, 3 Lund (dal 62\u2032 Pierozzi), 4 Baniya (dall\u201982\u2019 Nikolaou), 8 Segre, 9 Brunori (C; dall\u201982\u2019 Di Francesco), 10 Ranocchia, 19 Pohjanpalo (dal 70\u2032 Le Douaron), 23 Diakit\u00e9, 24 Magnani, 28 Blin (dal 70\u2032 Gomes), 32 Ceccaroni.<\/p>\n<p><strong>A disposizione<\/strong>: 1 Desplanches, 46 Sirigu, 6 Gomes, 14 Vasic, 17 Di Francesco, 21 Le Douaron, 25 Buttaro, 26 Verre, 27 Pierozzi, 43 Nikolaou.<\/p>\n<p><strong>Allenatore:<\/strong> Dionisi.<\/p>\n<p><strong>ARBITRO<\/strong>: Ghersini (Genova). AA1: Luciani (Milano). AA2: Monaco (Termoli). IV UFFICIALE: Cerbasi (Arezzo).\u00a0<strong>VAR<\/strong>: Maggioni (Lecco). AVAR: Di Vuolo (Castellammare di Stabia).<\/p>\n<p><strong>MARCATORI<\/strong>: 1\u2032 Ranocchia (P), 72\u2032 Brunori (P), 90\u2032 + 2\u2032 P. Esposito (S), 90\u2032 + 5\u2032 Aurelio (S).<\/p>\n<p><strong>NOTE<\/strong>: Ammoniti: Baniya (P), Brunori (P), Blin (P), Lund (P), Mateju (S).<\/p>\n<p><iframe loading=\"lazy\" title=\"Spezia-Palermo 2-2 | HIGHLIGHTS 25\u00aa giornata Serie B 24\/25\" src=\"https:\/\/www.youtube.com\/embed\/slqlTQua3l0\" width=\"656\" height=\"400\" frameborder=\"0\" allowfullscreen=\"allowfullscreen\"><\/iframe><br \/>\n<iframe loading=\"lazy\" title=\"&#x1f399;&#xfe0f; Spezia-Palermo: Dionisi e Ranocchia nel post partita\" src=\"https:\/\/www.youtube.com\/embed\/JcwvbOXKBaA\" width=\"656\" height=\"408\" frameborder=\"0\" allowfullscreen=\"allowfullscreen\"><span data-mce-type=\"bookmark\" style=\"display: inline-block; width: 0px; overflow: hidden; line-height: 0;\" class=\"mce_SELRES_start\">\ufeff<\/span><\/iframe><\/p>\n<h2 style=\"text-align: center;\"><b><u>SERIE B, 25\u00aa GIORNATA<\/u><\/b><\/h2>\n<p><strong>Brescia-Salernitana 0-0<\/strong><\/p>\n<p><strong>Cosenza-Carrarese 1-0<\/strong><br \/>\n69&#8242; Hristov<\/p>\n<p><strong>Frosinone-Catanzaro 1-1<\/strong><br \/>\n32&#8242; Lusuardi (F), 59&#8242; Quagliata (C)<\/p>\n<p><strong>Mantova-Sassuolo 0-3<\/strong><br \/>\n19&#8242; e 54&#8242; Laurient\u00e9, 90&#8217;+5 Pierini<\/p>\n<p><strong>Pisa-Cittadella 0-1<\/strong><br \/>\n83&#8242; Pandolfi<\/p>\n<p><strong>Sampdoria-Modena 1-0<\/strong><br \/>\n17&#8242; Niang<\/p>\n<p><strong>Cremonese-Sudtirol 3-1<\/strong><br \/>\n28&#8242; Vandeputte (C), 59&#8242; Davi (S), 76&#8242; e 90&#8217;+2 De Luca (C)<\/p>\n<p><strong>Reggiana-Cesena 0-1<\/strong><br \/>\n57&#8242; Saric<\/p>\n<p><strong>Spezia-Palermo 2-2<\/strong><br \/>\n1&#8242; Ranocchia (P), 73&#8242; Brunori (P), 90&#8217;+2 P. Esposito (S), 90&#8217;+5 Aurelio (S)<\/p>\n<p><b>Domenica 9 febbraio, ore 17:15<\/b><br \/>\n<strong>Juve Stabia-Bari 3-1<\/strong><\/p>\n<p>21\u00b0-Piscopo K. 47\u00b0 Adorante A., 73\u00b0 Pereiro G.(B)\u00a0 95\u00b0 Leone G.<\/p>\n<h2 style=\"text-align: center;\"><b><u>CLASSIFICA <\/u><\/b><\/h2>\n<p style=\"text-align: left;\"><span style=\"color: #0000ff;\"><strong>Sassuolo 58<\/strong><\/span><br \/>\n<span style=\"color: #0000ff;\"><strong>Pisa 53<\/strong><\/span><br \/>\n<strong><span style=\"color: #993300;\">Spezia 49<\/span><\/strong><br \/>\n<strong><span style=\"color: #993300;\">Cremonese 40<\/span><\/strong><br \/>\n<span style=\"color: #008000;\"><strong>Catanzaro 36<\/strong><\/span><br \/>\n<span style=\"color: #008000;\"><strong>Juve Stabia 36<\/strong><\/span><br \/>\n<span style=\"color: #008000;\"><strong>Bari 33<\/strong><\/span><br \/>\n<span style=\"color: #008000;\"><strong>Cesena 33<\/strong><\/span><br \/>\n<span style=\"color: #ff00ff;\">Palermo<\/span> 31<br \/>\nModena 30<br \/>\nCittadella 30<br \/>\nBrescia 29<br \/>\nReggiana 28<br \/>\nSampdoria 28<br \/>\nMantova 28<br \/>\n<span style=\"color: #800080;\"><strong>Carrarese 27<\/strong><\/span><br \/>\n<span style=\"color: #800080;\"><strong>Salernitana 25<\/strong><\/span><br \/>\n<span style=\"color: #ff0000;\">Sudtirol 25<\/span><br \/>\n<span style=\"color: #ff0000;\">Frosinone 22<\/span><br \/>\n<span style=\"color: #ff0000;\">Cosenza 21**<\/span><\/p>\n<p><em>** quattro punti di penalizzazione<\/em>.<\/p>\n<div class=\"tableLegend__row\"><strong><span style=\"color: #0000ff;\">Promozione &#8211; Serie A<\/span><\/strong><\/div>\n<div class=\"tableLegend__row\">\n<div class=\"tableLegend__coloredSquare\"><strong><span style=\"color: #993300;\">Qualificazione &#8211; Serie B (Play Off: Semi finali)<\/span><\/strong><\/div>\n<\/div>\n<div class=\"tableLegend__row\">\n<div class=\"tableLegend__coloredSquare\"><strong><span style=\"color: #008000;\">Qualificazione &#8211; Serie B (Play Off: Quarti di finale)<\/span><\/strong><\/div>\n<\/div>\n<div class=\"tableLegend__row\">\n<div class=\"tableLegend__coloredSquare\"><strong><span style=\"color: #800080;\">Serie B (Play Out: )<\/span><\/strong><\/div>\n<\/div>\n<div class=\"tableLegend__row\">\n<div class=\"tableLegend__coloredSquare\"><strong><span style=\"color: #ff0000;\">Retrocessione<\/span><\/strong><\/div>\n<\/div>\n<p>&nbsp;<\/p>\n<h2 style=\"text-align: center;\"><strong>PROSSIMO TURNO<\/strong><\/h2>\n<h3 id=\"26-giornata-15-febbraio-2025\" class=\"wp-block-heading\" style=\"text-align: center;\"><strong>26\u00aa GIORNATA (15 febbraio 2025)<\/strong><\/h3>\n<figure class=\"wp-block-table is-style-stripes\">\n<table>\n<tbody>\n<tr>\n<td><strong>DATA<\/strong><\/td>\n<td><strong>ORARIO<\/strong><\/td>\n<td><strong>PARTITA<\/strong><\/td>\n<td><strong>RISULTATO<\/strong><\/td>\n<\/tr>\n<tr>\n<td><strong>VENERDI<\/strong> 14 febbraio<\/td>\n<td>20.30<\/td>\n<td><strong>CATANZARO-CITTADELLA<\/strong><\/td>\n<td>\u2013<\/td>\n<\/tr>\n<tr>\n<td><strong>SABATO<\/strong>\u00a015 febbraio<\/td>\n<td>15.00<\/td>\n<td><strong>CARRARESE-SALERNITANA<\/strong><\/td>\n<td>\u2013<\/td>\n<\/tr>\n<tr>\n<td>Sabato 15 febbraio<\/td>\n<td>15.00<\/td>\n<td><strong>MODENA-SPEZIA<\/strong><\/td>\n<td>\u2013<\/td>\n<\/tr>\n<tr>\n<td>Sabato 15 febbraio<\/td>\n<td>15.00<\/td>\n<td><strong>SASSUOLO-BRESCIA<\/strong><\/td>\n<td>\u2013<\/td>\n<\/tr>\n<tr>\n<td>Sabato 15 febbraio<\/td>\n<td>15.00<\/td>\n<td><strong>S\u00dcDTIROL-SAMPDORIA<\/strong><\/td>\n<td>\u2013<\/td>\n<\/tr>\n<tr>\n<td>Sabato 15 febbraio<\/td>\n<td>17.15<\/td>\n<td><strong>BARI-CREMONESE<\/strong><\/td>\n<td>\u2013<\/td>\n<\/tr>\n<tr>\n<td><strong>DOMENICA<\/strong>\u00a016 febbraio<\/td>\n<td>15.00<\/td>\n<td><strong>FROSINONE-REGGIANA<\/strong><\/td>\n<td>\u2013<\/td>\n<\/tr>\n<tr>\n<td>Domenica 16 febbraio<\/td>\n<td>15.00<\/td>\n<td><strong>JUVE STABIA-COSENZA<\/strong><\/td>\n<td>\u2013<\/td>\n<\/tr>\n<tr>\n<td>Domenica 16 febbraio<\/td>\n<td>15.00<\/td>\n<td><strong><span style=\"color: #ff00ff;\">PALERMO<\/span>-MANTOVA<\/strong><\/td>\n<td>\u2013<\/td>\n<\/tr>\n<tr>\n<td>Domenica 16 febbraio<\/td>\n<td>17.15<\/td>\n<td><strong>CESENA-PISA<\/strong><\/td>\n<td>\u2013<\/td>\n<\/tr>\n<\/tbody>\n<\/table>\n<\/figure>\n","protected":false},"excerpt":{"rendered":"<p>1&#8242; Ranocchia (P), 73&#8242; Brunori (P), 90&#8217;+2 P. Esposito (S), 90&#8217;+5 Aurelio (S) &nbsp; E&#8217; iniziata, con un anticipo,\u00a0 venerd\u00ec sera la 25\u00aa giornata del campionato di Serie B, e si concluder\u00e0, dopo le gare di sabato\u00a0 poi &#8211; come di consueto &#8211; nella giornata di domenica, con le ultime quattro delle dieci gare in [&hellip;]<\/p>\n","protected":false},"author":2,"featured_media":19518,"comment_status":"closed","ping_status":"open","sticky":false,"template":"","format":"standard","meta":[],"categories":[10,35,1],"tags":[5783,5574,4181,5583,5518],"_links":{"self":[{"href":"http:\/\/www.rosanerosiamonoi.it\/palermocalcio\/wp-json\/wp\/v2\/posts\/19506"}],"collection":[{"href":"http:\/\/www.rosanerosiamonoi.it\/palermocalcio\/wp-json\/wp\/v2\/posts"}],"about":[{"href":"http:\/\/www.rosanerosiamonoi.it\/palermocalcio\/wp-json\/wp\/v2\/types\/post"}],"author":[{"embeddable":true,"href":"http:\/\/www.rosanerosiamonoi.it\/palermocalcio\/wp-json\/wp\/v2\/users\/2"}],"replies":[{"embeddable":true,"href":"http:\/\/www.rosanerosiamonoi.it\/palermocalcio\/wp-json\/wp\/v2\/comments?post=19506"}],"version-history":[{"count":8,"href":"http:\/\/www.rosanerosiamonoi.it\/palermocalcio\/wp-json\/wp\/v2\/posts\/19506\/revisions"}],"predecessor-version":[{"id":19521,"href":"http:\/\/www.rosanerosiamonoi.it\/palermocalcio\/wp-json\/wp\/v2\/posts\/19506\/revisions\/19521"}],"wp:featuredmedia":[{"embeddable":true,"href":"http:\/\/www.rosanerosiamonoi.it\/palermocalcio\/wp-json\/wp\/v2\/media\/19518"}],"wp:attachment":[{"href":"http:\/\/www.rosanerosiamonoi.it\/palermocalcio\/wp-json\/wp\/v2\/media?parent=19506"}],"wp:term":[{"taxonomy":"category","embeddable":true,"href":"http:\/\/www.rosanerosiamonoi.it\/palermocalcio\/wp-json\/wp\/v2\/categories?post=19506"},{"taxonomy":"post_tag","embeddable":true,"href":"http:\/\/www.rosanerosiamonoi.it\/palermocalcio\/wp-json\/wp\/v2\/tags?post=19506"}],"curies":[{"name":"wp","href":"https:\/\/api.w.org\/{rel}","templated":true}]}}