{"id":19798,"date":"2025-05-15T16:38:51","date_gmt":"2025-05-15T14:38:51","guid":{"rendered":"https:\/\/www.rosanerosiamonoi.it\/palermocalcio\/?p=19798"},"modified":"2025-05-16T18:34:34","modified_gmt":"2025-05-16T16:34:34","slug":"da-oggi-prevendita-settore-ospiti-arbitra-di-bello","status":"publish","type":"post","link":"http:\/\/www.rosanerosiamonoi.it\/palermocalcio\/2025\/05\/15\/da-oggi-prevendita-settore-ospiti-arbitra-di-bello\/","title":{"rendered":"Da oggi prevendita settore ospiti. Arbitra Di Bello"},"content":{"rendered":"<div class=\"elementor-element elementor-element-6c91b6d elementor-widget elementor-widget-heading\" data-id=\"6c91b6d\" data-element_type=\"widget\" data-widget_type=\"heading.default\">\n<div class=\"elementor-widget-container\">\n<div class=\"elementor-element elementor-element-6c91b6d elementor-widget elementor-widget-heading\" data-id=\"6c91b6d\" data-element_type=\"widget\" data-widget_type=\"heading.default\">\n<div class=\"elementor-widget-container\">\n<h2 style=\"text-align: center;\"><a href=\"https:\/\/www.rosanerosiamonoi.it\/palermocalcio\/2025\/05\/15\/da-oggi-prevendita-settore-ospiti-arbitra-di-bello\/jstabia-pa\/\" rel=\"attachment wp-att-19799\"><img decoding=\"async\" loading=\"lazy\" class=\"aligncenter wp-image-19799\" src=\"http:\/\/www.rosanerosiamonoi.it\/palermocalcio\/wp-content\/uploads\/2025\/05\/jstabia-pa.png\" alt=\"\" width=\"400\" height=\"225\" srcset=\"http:\/\/www.rosanerosiamonoi.it\/palermocalcio\/wp-content\/uploads\/2025\/05\/jstabia-pa.png 1280w, http:\/\/www.rosanerosiamonoi.it\/palermocalcio\/wp-content\/uploads\/2025\/05\/jstabia-pa-520x293.png 520w, http:\/\/www.rosanerosiamonoi.it\/palermocalcio\/wp-content\/uploads\/2025\/05\/jstabia-pa-1024x576.png 1024w, http:\/\/www.rosanerosiamonoi.it\/palermocalcio\/wp-content\/uploads\/2025\/05\/jstabia-pa-768x432.png 768w, http:\/\/www.rosanerosiamonoi.it\/palermocalcio\/wp-content\/uploads\/2025\/05\/jstabia-pa-640x360.png 640w\" sizes=\"(max-width: 400px) 100vw, 400px\" \/><\/a><\/h2>\n<h2 class=\"elementor-heading-title elementor-size-default\" style=\"text-align: center;\">Play Off Serie BKT, Juve Stabia-Palermo: prevendita settore ospiti<\/h2>\n<\/div>\n<\/div>\n<div class=\"elementor-element elementor-element-87eff78 elementor-widget elementor-widget-theme-post-content\" data-id=\"87eff78\" data-element_type=\"widget\" data-widget_type=\"theme-post-content.default\">\n<div class=\"elementor-widget-container\">\n<p>La\u00a0<strong>S.S. Juve Stabia 1907 comunica<\/strong>\u00a0che per il primo turno dei Play Off del campionato di SerieBKT, Juve Stabia-Palermo, il settore ospiti (Curva Ferrovia) avr\u00e0, come di consueto, capienza di 300 posti.<\/p>\n<p>La vendita dei tagliandi per i residenti nella provincia di Palermo e in possesso della fidelity card \u00e8 consentita esclusivamente per il <strong>settore ospiti al costo di Euro 30,00 + diritti di prevendita<\/strong> tramite il sito <strong>etes.it o nei punti vendita a partire da oggi, gioved\u00ec 15 maggio.<\/strong><\/p>\n<p><strong>Ufficio stampa e comunicazione S.S. Juve Stabia 1907<\/strong><\/p>\n<\/div>\n<\/div>\n<h2 class=\"elementor-heading-title elementor-size-default\" style=\"text-align: center;\">Play Off Serie BKT, Juve Stabia-Palermo: arbitra Di Bello di Brindisi<\/h2>\n<\/div>\n<\/div>\n<div class=\"elementor-element elementor-element-87eff78 elementor-widget elementor-widget-theme-post-content\" data-id=\"87eff78\" data-element_type=\"widget\" data-widget_type=\"theme-post-content.default\">\n<div class=\"elementor-widget-container\">\n<p>La\u00a0<strong>S.S. Juve Stabia 1907 comunica che\u00a0<\/strong>sar\u00e0 il sig.<strong>\u00a0Marco Di Bello<\/strong>\u00a0della sezione AIA di Brindisi a dirigere il match Juve Stabia \u2013 Palermo valevole per il turno preliminare dei Play Off del Campionato Serie BKT 2024 \u2013 2025, in programma sabato 17 maggio 2025 allo stadio Romeo Menti di Castellammare di Stabia con inizio alle ore 19,30. Il sig. Di Bello sar\u00e0 coadiuvato dal sig.\u00a0<strong>Alessandro Lo Cicero<\/strong>\u00a0della sezione AIA di Brescia e dal sig.\u00a0<strong>Khaled Bahri<\/strong>\u00a0della sezione AIA di Sassari, il IV\u00b0 ufficiale sar\u00e0 il sig.\u00a0<strong>Daniele Rutella<\/strong>\u00a0della sezione Enna, al VAR ci sar\u00e0 il sig.\u00a0<strong>Ivano Pezzuto<\/strong>\u00a0della sezione AIA di Lecce, all\u2019AVAR ci sar\u00e0 il sig.\u00a0<strong>Fabio Maresca<\/strong>\u00a0della sezione AIA di Napoli.<\/p>\n<p>Questa \u00e8 la prima qualificazione della Juve Stabia ai playoff per la Serie A. Traguardo aritmeticamente raggiunto da Pagliuca e dai suoi ragazzi qualche settimana fa, ma consolidatosi solo marted\u00ec col <strong>5\u00ba posto finale.<\/strong> Una stagione vissuta sempre nelle zone nobili della classifica, in barba alle previsioni estive pi\u00f9 benevoli che collocavano la Juve Stabia al penultimo posto finale.<\/p>\n<p style=\"text-align: center;\"><a href=\"https:\/\/www.rosanerosiamonoi.it\/palermocalcio\/2025\/05\/15\/da-oggi-prevendita-settore-ospiti-arbitra-di-bello\/guido-pagliuca-juve-stabia\/\" rel=\"attachment wp-att-19800\"><img decoding=\"async\" loading=\"lazy\" class=\"aligncenter size-full wp-image-19800\" src=\"http:\/\/www.rosanerosiamonoi.it\/palermocalcio\/wp-content\/uploads\/2025\/05\/guido-Pagliuca-juve-Stabia.jpg\" alt=\"\" width=\"324\" height=\"180\" \/><\/a><\/p>\n<p>Eppure <strong>Guido Pagliuca<\/strong>\u00a0non si \u00e8 mai scomposto, portando la sua squadra\u00a0<strong>a giocarsi la massima serie<\/strong>\u00a0con la stessa leggerezza con cui un anno fa la conduceva in B, da outsider: \u00ab<strong><em>Abbiamo scritto la pagina pi\u00f9 bella della storia di questo club, che non so quante altre volte si ripeter\u00e0. Ringrazio la squadra, il mio staff, la societ\u00e0 e la citt\u00e0 di Castellammare. Ci tenevamo a finire bene dopo la sconfitta bugiarda con la Reggiana<\/em>\u00bb<\/strong>, ha spiegato il tecnico.<\/p>\n<div class=\"elementor-element elementor-element-6c91b6d elementor-widget elementor-widget-heading\" data-id=\"6c91b6d\" data-element_type=\"widget\" data-widget_type=\"heading.default\">\n<div class=\"elementor-widget-container\"><\/div>\n<\/div>\n<div class=\"elementor-element elementor-element-87eff78 elementor-widget elementor-widget-theme-post-content\" data-id=\"87eff78\" data-element_type=\"widget\" data-widget_type=\"theme-post-content.default\">\n<div class=\"elementor-widget-container\">\n<h2 style=\"text-align: center;\"><strong>In campionato<\/strong><\/h2>\n<table>\n<tbody>\n<tr>\n<td>Sabato 14 settembre<\/td>\n<td>15.00<\/td>\n<td><strong>JUVE STABIA-PALERMO<\/strong><\/td>\n<td><strong>1-3<\/strong>\u00a0[<em>18\u2032 Segre (P), 43\u2032 Henry (P), 61\u2032 Adorante (J), 79\u2032 rig. Brunori (P)<\/em>]<\/td>\n<\/tr>\n<\/tbody>\n<\/table>\n<table>\n<tbody>\n<tr>\n<td>Domenica 19 gennaio<\/td>\n<td class=\"has-text-align-center\" data-align=\"center\">15.00<\/td>\n<td><strong>PALERMO-JUVE STABIA<\/strong><\/td>\n<td><strong>1-0<\/strong>\u00a0[<em>67\u2032 Le Douaron<\/em>]<\/td>\n<\/tr>\n<\/tbody>\n<\/table>\n<p><iframe loading=\"lazy\" title=\"Juve Stabia-Palermo 1-3 | HIGHLIGHTS 5\u00aa giornata Serie B 24\/25\" src=\"https:\/\/www.youtube.com\/embed\/81pEszy_CCs\" width=\"656\" height=\"408\" frameborder=\"0\" allowfullscreen=\"allowfullscreen\"><span data-mce-type=\"bookmark\" style=\"display: inline-block; width: 0px; overflow: hidden; line-height: 0;\" class=\"mce_SELRES_start\">\ufeff<\/span><\/iframe><\/p>\n<p><iframe loading=\"lazy\" title=\"Palermo-Juve Stabia 1-0 | HIGHLIGHTS 22\u00aa giornata Serie B 24\/25\" src=\"https:\/\/www.youtube.com\/embed\/XoZV3Tch3oY\" width=\"656\" height=\"408\" frameborder=\"0\" allowfullscreen=\"allowfullscreen\"><span data-mce-type=\"bookmark\" style=\"display: inline-block; width: 0px; overflow: hidden; line-height: 0;\" class=\"mce_SELRES_start\">\ufeff<\/span><\/iframe><\/p>\n<p>La\u00a0<b>Societ\u00e0 Sportiva Juve Stabia<\/b>\u00a0 con sede nella citt\u00e0 di Castellamare di Stabia, nonch\u00e9 la societ\u00e0 professionistica pi\u00f9 antica della Campania. Milita in Serie B,<\/p>\n<p>Attualmente occupa l&#8217;84\u00aa posizione nella classifica perpetua\u00a0 Serie B\u00a0 la 75\u00aa nella graduatoria della tradizione calcistica dei club sportivi secondo i criteri della FIGC.<\/p>\n<p>Nel 2011 nasce il gruppo &#8220;<strong>Curva Sud UJS 2011<\/strong>&#8220;, che rimane il principale raggruppamento ultras fino allo scioglimento avvenuto il 21 febbraio 2025.<\/p>\n<p><sup id=\"cite_ref-29\" class=\"reference\"><\/sup>Attualmente in <strong>Curva Sud<\/strong> sono presenti i gruppi &#8220;UCA&#8221; (<strong>&#8220;Ultras Centro Antico&#8221;)<\/strong>, ricompostosi nel 2024, e &#8220;<strong>Ultras Stabia&#8221;<\/strong>.<\/p>\n<p style=\"text-align: center;\"><a href=\"https:\/\/www.rosanerosiamonoi.it\/palermocalcio\/2025\/05\/15\/da-oggi-prevendita-settore-ospiti-arbitra-di-bello\/play-off\/\" rel=\"attachment wp-att-19805\"><img decoding=\"async\" loading=\"lazy\" class=\"aligncenter wp-image-19805\" src=\"http:\/\/www.rosanerosiamonoi.it\/palermocalcio\/wp-content\/uploads\/2025\/05\/play-off.jpg\" alt=\"\" width=\"351\" height=\"263\" srcset=\"http:\/\/www.rosanerosiamonoi.it\/palermocalcio\/wp-content\/uploads\/2025\/05\/play-off.jpg 524w, http:\/\/www.rosanerosiamonoi.it\/palermocalcio\/wp-content\/uploads\/2025\/05\/play-off-520x390.jpg 520w\" sizes=\"(max-width: 351px) 100vw, 351px\" \/><\/a><\/p>\n<div class=\"elementor-element elementor-element-6c91b6d elementor-widget elementor-widget-heading\" data-id=\"6c91b6d\" data-element_type=\"widget\" data-widget_type=\"heading.default\">\n<div class=\"elementor-widget-container\">\n<h2 class=\"elementor-heading-title elementor-size-default\" style=\"text-align: center;\">Play Off\/Play Out Serie BKT, riunione tra la lega e i club<\/h2>\n<\/div>\n<\/div>\n<div class=\"elementor-element elementor-element-87eff78 elementor-widget elementor-widget-theme-post-content\" data-id=\"87eff78\" data-element_type=\"widget\" data-widget_type=\"theme-post-content.default\">\n<div class=\"elementor-widget-container\">\n<p>La\u00a0<strong>S.S. Juve Stabia 1907 comunica<\/strong>\u00a0si \u00e9 tenuto questa mattina un incontro in videoconferenza tra il Presidente della Lega Serie B\u00a0<strong>Paolo Bedin<\/strong>, il Presidente AIA (Associazione Italiana Arbitri)\u00a0<strong>Antonio Zappi<\/strong>, il Responsabile CAN (Commissione Arbitri Nazionale)\u00a0<strong>Gianluca Rocchi<\/strong>\u00a0e i Club coinvolti nella\u00a0<strong>post-season<\/strong>\u00a0della\u00a0<strong>Serie BKT 2024\/2025<\/strong>, presenti per la nostra societ\u00e0 il segretario generale\u00a0<strong>Alfonso Manzo,\u00a0<\/strong>il segretario sportivo\u00a0<strong>Vincenzo Esposito,\u00a0<\/strong>il team manager\u00a0<strong>Giuseppe Di Maio,<\/strong>\u00a0il mister\u00a0<strong>Guido Pagliuca\u00a0<\/strong>e il vice allenatore\u00a0<strong>Nazzareno Tarantino.<\/strong><\/p>\n<p>In apertura, i saluti istituzionali del Presidente\u00a0<strong>Bedin<\/strong>\u00a0che ha ringraziato l\u2019AIA e le societ\u00e0 per la disponibilit\u00e0 nel partecipare alla riunione. \u201c<em>Si tratta di partite molto importanti, non solo per i club e gli obiettivi da centrare, ma anche per la visibilit\u00e0 mediatica del campionato. Abbiamo predisposto una serie di novit\u00e0 di branding e di carattere tecnico, chiarendo aspetti organizzativi e illustrando specifici protocolli al fine di offrire una preparazione ottimale per le ultime gare della stagione. Il mio ringraziamento va ai club che nonostante la posta in palio nelle ultime giornate, con il loro atteggiamento in campo, hanno contribuito al buon andamento dei match. Vi rivolgo un collettivo in bocca al lupo con l\u2019auspicio che siano gare spettacolari in stadi pieni e rispettosi<\/em>\u201d.<\/p>\n<p>A seguire, l\u2019intervento del Presidente\u00a0<strong>Zappi<\/strong>\u00a0che, nel ricambiare i ringraziamenti, ha ribadito l\u2019importanza della Lega Serie B. \u201c<em>Per noi vale come la A, l\u2019abbiamo sempre considerata e anche per queste ultime gare metteremo in campo il massimo livello arbitrale. La tecnologia implementata costituisce un supporto di rilievo che, insieme alla seriet\u00e0 dei professionisti, avr\u00e0 un importante riverbero mediatico<\/em>\u201d.<\/p>\n<p>Per l\u2019occasione, sono stati presentati i\u00a0<strong>nuovi loghi<\/strong>\u00a0relativi a\u00a0<strong>playoff<\/strong>\u00a0e\u00a0<strong>playout<\/strong>\u00a0che verranno declinati nel corso delle ultime dieci partite della stagione. Un rebranding che intende valorizzare e rendere ulteriormente riconoscibile l\u2019identit\u00e0 del campionato attraverso nuovi pannelli, led, maxischermi ove presenti e t-shirt ad hoc per i cerimoniali.<\/p>\n<p>Ha preso quindi la parola\u00a0<strong>Gianluca Rocchi<\/strong>\u00a0che ha spiegato le\u00a0<strong>linee tecniche arbitrali<\/strong>\u00a0e l\u2019utilizzo del\u00a0<strong>VAR<\/strong>. Dopo aver elogiato nuovamente il comportamento di tutte le societ\u00e0, soprattutto nelle ultime fasi, quelle pi\u00f9 delicate, della regular season, \u00e8 stata ribadita l\u2019attenzione particolare dedicata a playoff e playout, sottolineando come la sinergia fra arbitri, calciatori e produzione televisiva sia propedeutica ad una maggiore qualit\u00e0 dell\u2019evento sportivo.<\/p>\n<p>Successivamente, sono state definite le\u00a0<strong>modalit\u00e0 organizzative<\/strong>\u00a0delle gare playoff e playout a cura dell\u2019Area Competizioni LNPB. \u00c8 stato posto l\u2019accento sul tema dei cerimoniali arricchiti, soprattutto in occasione delle due finali playoff, e delle iniziative predisposte a sostegno della European Football Week di Special Olympics Sport per promuovere l\u2019inclusione e la creazione di opportunit\u00e0 sportive per gli atleti di ogni livello di abilit\u00e0. Quindi i nuovi contenuti media con interviste nel pre-gara e l\u2019implementazione dei nuovi standard produttivi.<\/p>\n<p>L\u2019Area Controllo e Monitoraggio Gare LNPB ha, infine, illustrato il\u00a0<strong>protocollo ospitalit\u00e0 e steward di campo<\/strong>\u00a0con l\u2019obiettivo di garantire dal primo all\u2019ultimo minuto un ambiente professionale, cordiale, che assicuri spazi adeguati e supporto logistico.<\/p>\n<p style=\"text-align: center;\"><a href=\"https:\/\/www.rosanerosiamonoi.it\/palermocalcio\/2025\/05\/15\/da-oggi-prevendita-settore-ospiti-arbitra-di-bello\/romeo-menti-curva-juve-stabia\/\" rel=\"attachment wp-att-19807\"><img decoding=\"async\" loading=\"lazy\" class=\"aligncenter size-full wp-image-19807\" src=\"http:\/\/www.rosanerosiamonoi.it\/palermocalcio\/wp-content\/uploads\/2025\/05\/romeo-menti-curva-juve-stabia.jpg\" alt=\"\" width=\"300\" height=\"199\" srcset=\"http:\/\/www.rosanerosiamonoi.it\/palermocalcio\/wp-content\/uploads\/2025\/05\/romeo-menti-curva-juve-stabia.jpg 300w, http:\/\/www.rosanerosiamonoi.it\/palermocalcio\/wp-content\/uploads\/2025\/05\/romeo-menti-curva-juve-stabia-150x100.jpg 150w, http:\/\/www.rosanerosiamonoi.it\/palermocalcio\/wp-content\/uploads\/2025\/05\/romeo-menti-curva-juve-stabia-200x133.jpg 200w, http:\/\/www.rosanerosiamonoi.it\/palermocalcio\/wp-content\/uploads\/2025\/05\/romeo-menti-curva-juve-stabia-250x166.jpg 250w\" sizes=\"(max-width: 300px) 100vw, 300px\" \/><\/a><\/p>\n<h1 class=\"entry-title\" style=\"text-align: center;\">Playoff e playout Serie B 2025, potenziato numero telecamere<\/h1>\n<h2 style=\"text-align: center;\">Per le finali promozione e salvezza, le telecamere in campo passeranno da 5 a 9, includendo nuove angolazioni e tecnologie come la camera reverse, il drone live, la Gimbal RF<\/h2>\n<p>la Lega Serie B ha deciso di implementare il numero di camere della produzione tv per tutta la post-season: in particolare, per le due finali promozioni e per le due gare che decideranno la permanenza in B, <strong>saranno portate da 5 a 9.<\/strong> <strong>Nei preliminari e nelle quattro semifinali playoff,<\/strong> si introdurr\u00e0 invece<strong> la telecamera \u201creverse\u201d,<\/strong> posizionata all\u2019altezza del centrocampo, dal lato opposto rispetto al fronte di ripresa principale.<\/p>\n<p>L\u2019implementazione, oltre allo spettacolo e a una migliore fruizione tv da parte di tifosi e appassionati, fornisce un punto di vista alternativo sulle dinamiche di gioco migliorando il supporto al VAR.<\/p>\n<p><a href=\"https:\/\/www.rosanerosiamonoi.it\/palermocalcio\/2025\/05\/15\/da-oggi-prevendita-settore-ospiti-arbitra-di-bello\/lauriente\/\" rel=\"attachment wp-att-19808\"><img decoding=\"async\" loading=\"lazy\" class=\"aligncenter size-full wp-image-19808\" src=\"http:\/\/www.rosanerosiamonoi.it\/palermocalcio\/wp-content\/uploads\/2025\/05\/lauriente.jpg\" alt=\"\" width=\"302\" height=\"180\" \/><\/a><\/p>\n<h1 style=\"text-align: center;\">A Laurient\u00e9 il Pablito 2024\/25<\/h1>\n<div class=\"teaser-text\">\n<h3 style=\"text-align: center;\">E&#8217; lui il capocannoniere della stagione: precede Esposito e Iemmello<\/h3>\n<\/div>\n<p>E\u2019\u00a0<strong>Armand Laurient\u00e9<\/strong>\u00a0il vincitore del\u00a0<strong>Pablito 2024\/2025<\/strong>, il premio che celebra i capocannoniere della\u00a0<strong>Serie BKT<\/strong>\u00a0e che nella scorsa stagione era stato assegnato a\u00a0<strong>Joel Pohjanpalo.<\/strong><br \/>\nIl francese del Sassuolo ha realizzato 18 gol in 33 presenze, precedendo\u00a0<strong>Francesco Pio Esposito<\/strong>\u00a0(17 reti) e<strong>\u00a0Pietro Iemmello<\/strong>\u00a0(16). L\u2019attaccante rimane anche nella storia neroverde come calciatore capace di realizzare pi\u00f9 gol con la maglia del Sassuolo in un singolo torneo di Serie BKT, dopo\u00a0<strong>Gianluca Sansone<\/strong>\u00a0(20 nel 2011\/12), e a pari merito con\u00a0<strong>Alessandro Noselli<\/strong>, 18, nella 2009\/10.<br \/>\nNon solo goleador: Armand Laurient\u00e9 ha preso parte a 23 gol firmati dal Sassuolo, aggiungendo alle 18 reti anche cinque assist. Inoltre, il francese \u00e8 primo in campionato come tiri tentati nello specchio della porta (43), due in pi\u00f9 di Pietro Iemmello secondo (41).<\/p>\n<h2 class=\"article-sub-heading\" style=\"text-align: center;\">Le probabili formazioni di Juve Stabia-Palermo<\/h2>\n<p style=\"text-align: center;\"><a href=\"https:\/\/www.rosanerosiamonoi.it\/palermocalcio\/2021\/10\/04\/juve-stabia-palermo-ore-21-00-diretta-in-chiaro\/juve-stabia\/\" rel=\"attachment wp-att-14116\"><img decoding=\"async\" loading=\"lazy\" class=\"aligncenter wp-image-14116\" src=\"http:\/\/www.rosanerosiamonoi.it\/palermocalcio\/wp-content\/uploads\/2021\/10\/juve-stabia.png\" alt=\"\" width=\"101\" height=\"120\" \/><\/a><\/p>\n<p data-t=\"{&quot;n&quot;:&quot;blueLinks&quot;,&quot;t&quot;:13,&quot;a&quot;:&quot;click&quot;,&quot;b&quot;:76}\"><strong>JUVE STABIA\u00a0(3-4-1-2)<\/strong>:\u00a0Thiam; Ruggero, Varnier, Bellich; Floriani Mussolini, Leone, Pierobon, Rocchetti; Piscopo; Adorante, Candellone.<\/p>\n<p data-t=\"{&quot;n&quot;:&quot;blueLinks&quot;,&quot;t&quot;:13,&quot;a&quot;:&quot;click&quot;,&quot;b&quot;:76}\"><strong>Allenatore<\/strong>: Guido Pagliuca.<\/p>\n<p style=\"text-align: center;\" data-t=\"{&quot;n&quot;:&quot;blueLinks&quot;,&quot;t&quot;:13,&quot;a&quot;:&quot;click&quot;,&quot;b&quot;:76}\"><a href=\"https:\/\/www.rosanerosiamonoi.it\/palermocalcio\/2024\/01\/13\/cittadella-palermo-2-0-si-parte-male-video\/palermofc\/\" rel=\"attachment wp-att-18006\"><img decoding=\"async\" loading=\"lazy\" class=\"aligncenter wp-image-18006\" src=\"http:\/\/www.rosanerosiamonoi.it\/palermocalcio\/wp-content\/uploads\/2024\/01\/palermofc.jpg\" alt=\"\" width=\"100\" height=\"100\" srcset=\"http:\/\/www.rosanerosiamonoi.it\/palermocalcio\/wp-content\/uploads\/2024\/01\/palermofc.jpg 380w, http:\/\/www.rosanerosiamonoi.it\/palermocalcio\/wp-content\/uploads\/2024\/01\/palermofc-150x150.jpg 150w, http:\/\/www.rosanerosiamonoi.it\/palermocalcio\/wp-content\/uploads\/2024\/01\/palermofc-100x100.jpg 100w, http:\/\/www.rosanerosiamonoi.it\/palermocalcio\/wp-content\/uploads\/2024\/01\/palermofc-200x200.jpg 200w, http:\/\/www.rosanerosiamonoi.it\/palermocalcio\/wp-content\/uploads\/2024\/01\/palermofc-50x50.jpg 50w, http:\/\/www.rosanerosiamonoi.it\/palermocalcio\/wp-content\/uploads\/2024\/01\/palermofc-144x144.jpg 144w\" sizes=\"(max-width: 100px) 100vw, 100px\" \/><\/a><\/p>\n<p data-t=\"{&quot;n&quot;:&quot;blueLinks&quot;,&quot;t&quot;:13,&quot;a&quot;:&quot;click&quot;,&quot;b&quot;:76}\"><strong>PALERMO<\/strong>\u00a0<strong>(3-4-2-1)<\/strong>: Audero; Diakit\u00e9, Baniya, Ceccaroni; Pierozzi, Blin, Gomes, Di Francesco; Segre, Brunori; Pohjanpalo.<\/p>\n<p data-t=\"{&quot;n&quot;:&quot;blueLinks&quot;,&quot;t&quot;:13,&quot;a&quot;:&quot;click&quot;,&quot;b&quot;:76}\"><strong>Allenatore<\/strong>: Alessio Dionisi.<\/p>\n<p style=\"text-align: center;\" data-t=\"{&quot;n&quot;:&quot;blueLinks&quot;,&quot;t&quot;:13,&quot;a&quot;:&quot;click&quot;,&quot;b&quot;:76}\"><a href=\"https:\/\/www.rosanerosiamonoi.it\/palermocalcio\/2025\/05\/15\/da-oggi-prevendita-settore-ospiti-arbitra-di-bello\/dazn\/\" rel=\"attachment wp-att-19814\"><img decoding=\"async\" loading=\"lazy\" class=\"aligncenter wp-image-19814\" src=\"http:\/\/www.rosanerosiamonoi.it\/palermocalcio\/wp-content\/uploads\/2025\/05\/dazn.jpg\" alt=\"\" width=\"100\" height=\"75\" srcset=\"http:\/\/www.rosanerosiamonoi.it\/palermocalcio\/wp-content\/uploads\/2025\/05\/dazn.jpg 866w, http:\/\/www.rosanerosiamonoi.it\/palermocalcio\/wp-content\/uploads\/2025\/05\/dazn-520x390.jpg 520w, http:\/\/www.rosanerosiamonoi.it\/palermocalcio\/wp-content\/uploads\/2025\/05\/dazn-768x576.jpg 768w, http:\/\/www.rosanerosiamonoi.it\/palermocalcio\/wp-content\/uploads\/2025\/05\/dazn-640x480.jpg 640w\" sizes=\"(max-width: 100px) 100vw, 100px\" \/><\/a><\/p>\n<h2 class=\"article-sub-heading\" style=\"text-align: center;\">Dove si pu\u00f2 vedere Juve Stabia-Palermo in TV<\/h2>\n<p class=\"continue-read-break\" data-t=\"{&quot;n&quot;:&quot;blueLinks&quot;,&quot;t&quot;:13,&quot;a&quot;:&quot;click&quot;,&quot;b&quot;:76}\">L&#8217;incontro valevole per i quarti di finale dei playoff di Serie B tra Juve Stabia e Palermo sar\u00e0 visibile in esclusiva su DAZN. Gli abbonati potranno vedere l&#8217;incontro collegandosi all&#8217;app presente su smart tv, smartphone e tablet, oppure sul sito internet tramite pc.<\/p>\n<\/div>\n<\/div>\n<\/div>\n<\/div>\n<\/div>\n<\/div>\n","protected":false},"excerpt":{"rendered":"<p>Play Off Serie BKT, Juve Stabia-Palermo: prevendita settore ospiti La\u00a0S.S. Juve Stabia 1907 comunica\u00a0che per il primo turno dei Play Off del campionato di SerieBKT, Juve Stabia-Palermo, il settore ospiti (Curva Ferrovia) avr\u00e0, come di consueto, capienza di 300 posti. La vendita dei tagliandi per i residenti nella provincia di Palermo e in possesso della [&hellip;]<\/p>\n","protected":false},"author":2,"featured_media":19799,"comment_status":"closed","ping_status":"open","sticky":false,"template":"","format":"standard","meta":[],"categories":[1],"tags":[5912,5917,5919,5908,5915,5914,5910,2866,5916,5909,3876,5911,5913,5920,5918],"_links":{"self":[{"href":"http:\/\/www.rosanerosiamonoi.it\/palermocalcio\/wp-json\/wp\/v2\/posts\/19798"}],"collection":[{"href":"http:\/\/www.rosanerosiamonoi.it\/palermocalcio\/wp-json\/wp\/v2\/posts"}],"about":[{"href":"http:\/\/www.rosanerosiamonoi.it\/palermocalcio\/wp-json\/wp\/v2\/types\/post"}],"author":[{"embeddable":true,"href":"http:\/\/www.rosanerosiamonoi.it\/palermocalcio\/wp-json\/wp\/v2\/users\/2"}],"replies":[{"embeddable":true,"href":"http:\/\/www.rosanerosiamonoi.it\/palermocalcio\/wp-json\/wp\/v2\/comments?post=19798"}],"version-history":[{"count":10,"href":"http:\/\/www.rosanerosiamonoi.it\/palermocalcio\/wp-json\/wp\/v2\/posts\/19798\/revisions"}],"predecessor-version":[{"id":19815,"href":"http:\/\/www.rosanerosiamonoi.it\/palermocalcio\/wp-json\/wp\/v2\/posts\/19798\/revisions\/19815"}],"wp:featuredmedia":[{"embeddable":true,"href":"http:\/\/www.rosanerosiamonoi.it\/palermocalcio\/wp-json\/wp\/v2\/media\/19799"}],"wp:attachment":[{"href":"http:\/\/www.rosanerosiamonoi.it\/palermocalcio\/wp-json\/wp\/v2\/media?parent=19798"}],"wp:term":[{"taxonomy":"category","embeddable":true,"href":"http:\/\/www.rosanerosiamonoi.it\/palermocalcio\/wp-json\/wp\/v2\/categories?post=19798"},{"taxonomy":"post_tag","embeddable":true,"href":"http:\/\/www.rosanerosiamonoi.it\/palermocalcio\/wp-json\/wp\/v2\/tags?post=19798"}],"curies":[{"name":"wp","href":"https:\/\/api.w.org\/{rel}","templated":true}]}}