{"id":19894,"date":"2025-06-02T15:15:12","date_gmt":"2025-06-02T13:15:12","guid":{"rendered":"https:\/\/www.rosanerosiamonoi.it\/palermocalcio\/?p=19894"},"modified":"2025-06-02T15:15:14","modified_gmt":"2025-06-02T13:15:14","slug":"cremonese-torna-in-serie-a-video","status":"publish","type":"post","link":"http:\/\/www.rosanerosiamonoi.it\/palermocalcio\/2025\/06\/02\/cremonese-torna-in-serie-a-video\/","title":{"rendered":"Cremonese torna in Serie A! (VIDEO)"},"content":{"rendered":"<h1 class=\"viewsHeaderText\" style=\"text-align: center;\">La Cremonese torna in Serie A!<\/h1>\n<h1 class=\"viewsHeaderText\" style=\"text-align: center;\">Spezia ko e capolavoro di Stroppa<\/h1>\n<h1 class=\"viewsHeaderText\" style=\"text-align: center;\">e determinante l&#8217;ex rosanero Vasquez.<\/h1>\n<p data-t=\"{&quot;n&quot;:&quot;blueLinks&quot;,&quot;t&quot;:13,&quot;a&quot;:&quot;click&quot;,&quot;b&quot;:76}\"><strong>La Cremonese fa l&#8217;impresa e batte lo Spezia 3-2 nella gara di ritorno dei playoff di Serie B e torna in A dopo due anni! <\/strong><\/p>\n<p data-t=\"{&quot;n&quot;:&quot;blueLinks&quot;,&quot;t&quot;:13,&quot;a&quot;:&quot;click&quot;,&quot;b&quot;:76}\">Rimane il rimpianto per il Palermo che forse fra cent&#8217;anni , con un&#8217;altra propriet\u00e0, ci riporter\u00e0 in Serie A. e prepariamoci ad un&#8217;altro anno di menzogne, di sopravvalutazione della realt\u00e0 e di impegni reali , di organico sopravvalutato, di allenatore nelle vesti di un mago , di volont\u00e0 reale della societ\u00e0 di salire in A.<\/p>\n<p data-t=\"{&quot;n&quot;:&quot;blueLinks&quot;,&quot;t&quot;:13,&quot;a&quot;:&quot;click&quot;,&quot;b&quot;:76}\">Non dimenticate gli apnni appena passati e fatene tesoro , noi le cose giuste e corrette, ve le diciamo fin dall&#8217;inizio di questa per ora brutta avventura.<\/p>\n<p data-t=\"{&quot;n&quot;:&quot;blueLinks&quot;,&quot;t&quot;:13,&quot;a&quot;:&quot;click&quot;,&quot;b&quot;:76}\">E noi saremo sempre qui a dire la verit\u00e0 . poco importa se ancora da soli come negli anni appena trascorsi a dispetto degli insulti , per non avere mai pronosticato il Palermo per la serie a , pronosticando invece altre squadre , guarda caso proprio quelle poi , realmente promosse, e da veri tifosi che vogliono un Palermo fortissimo e che fino a quando non lo faranno continueremo a criticare eventuali scelte ancora con giocatori presi fra quelli veri e di sicuro affidamento ma ancora come negli anni scorsi fra quelli senza contratto, cacciati dalle proprie squadre, magari volenterosi ma scarsi, o interessanti perch\u00e8 sono omonimi di Pel\u00e8, Messi, Ronaldo, Maradona , Riva,\u00a0 Rivera o Mazzola o svincolati perch\u00e8 non li vogliono pi\u00f9 neanche fra le riserve.<\/p>\n<p data-t=\"{&quot;n&quot;:&quot;blueLinks&quot;,&quot;t&quot;:13,&quot;a&quot;:&quot;click&quot;,&quot;b&quot;:76}\"><strong>Comprate giocatori veri e saremo i primi ad applaudirVi !!!!<\/strong><\/p>\n<p data-t=\"{&quot;n&quot;:&quot;blueLinks&quot;,&quot;t&quot;:13,&quot;a&quot;:&quot;click&quot;,&quot;b&quot;:76}\">Ma torniamo alla partita , una partita vera fra giocatori non tutti eccelsi ma veri\u00a0 autori di una impresa monumentale. Quella dei grigiorossi che, in un clima bollente , perch\u00e8 partono con l&#8217;handicap di due risultati utili per i padroni di casa ma con lo spirito giusto ed un ottimo organico in tutti i reparti, riescono ad imposi sui liguri, grazie a uno straordinario<strong> Vasquez<\/strong> ed un\u00a0 super <strong>De<\/strong> <strong>Luca.<\/strong><\/p>\n<p data-t=\"{&quot;n&quot;:&quot;blueLinks&quot;,&quot;t&quot;:13,&quot;a&quot;:&quot;click&quot;,&quot;b&quot;:76}\"><strong>E&#8217; proprio l&#8217;attaccante della Cremonese a portare avanti i suoi nel primo tempo. Nella ripresa, poi, Collocolo colpisce di testa e Vasquez mette il tacco mandando la sfera oltre la linea di porta\u00a0 ed infine\u00a0 ancora De Luca cala il tris. <\/strong><\/p>\n<p data-t=\"{&quot;n&quot;:&quot;blueLinks&quot;,&quot;t&quot;:13,&quot;a&quot;:&quot;click&quot;,&quot;b&quot;:76}\"><strong>E proprio quando ormai tutti pensavano che sullo 0-3 i giochi fossero fatti ecco che lo Spezia\u00a0 ha un sussulto d&#8217;orgoglio e nel finale i liguri accorciano le distanze, prima con Pio Esposito e poi con Vignali.<\/strong><\/p>\n<p data-t=\"{&quot;n&quot;:&quot;blueLinks&quot;,&quot;t&quot;:13,&quot;a&quot;:&quot;click&quot;,&quot;b&quot;:76}\">Dopo arrivano per la tensione arrivata ai massimi livelli due espulsioni e un recupero infinito, la gara per\u00f2 termina 2-3, con la Cremonese che torna meritatamente in serie A e come avevamo pronosticato ad inizio stagione lo fa con <strong>Sassuolo e Pisa, promosse direttamente<\/strong> e quarto incomodo , proprio lo <strong>Spezia<\/strong>.<\/p>\n<div class=\"intra-article-module\" data-t=\"{&quot;n&quot;:&quot;intraArticle&quot;,&quot;t&quot;:13}\">\n<div class=\"articlePageIntraArticleFullWidth ad-slot-placeholder left-image-intra-ad full-bleed-image-intra-ad collapsed\" data-ad-index=\"0\">\n<div class=\"intra-article-ad-full left-image-intra-ad full-bleed-image-intra-ad\">\n<div>\n<div class=\"full-bleed-image-intra-ad\">\n<p>&lt;cs-card &#8220;=&#8221;&#8221; class=&#8221;card-outer &#8221; id=&#8221;native_ad_collapse-inarticle-0&#8243; part=&#8221;&#8221; size=&#8221;_1x_2y&#8221;&gt;<\/p>\n<div class=\"content no-image\">\n<div id=\"media-overlay\" class=\"media-overlay\"><\/div>\n<div class=\"text\">\n<div class=\"choice-slug-wrapper\">\n<div class=\"ad-slug\">\n<div class=\"ad-provider\"><\/div>\n<\/div>\n<div class=\"ad-choice-container\"><\/div>\n<\/div>\n<p>&nbsp;<\/p>\n<div id=\"abstract\" class=\"abstract\"><\/div>\n<\/div>\n<div class=\"action-tray preload\">\n<div id=\"footer-start\" class=\"footer-start\"><\/div>\n<div id=\"footer-end\" class=\"footer-end\"><\/div>\n<\/div>\n<div class=\"hide-story-wrapper\">\n<div id=\"hide-story\" class=\"hide-story\"><\/div>\n<\/div>\n<\/div>\n<\/div>\n<\/div>\n<\/div>\n<\/div>\n<\/div>\n<p class=\"continue-read-break\" data-t=\"{&quot;n&quot;:&quot;blueLinks&quot;,&quot;t&quot;:13,&quot;a&quot;:&quot;click&quot;,&quot;b&quot;:76}\"><strong>Un capolavoro che porta la firma del tecnico Stroppa<\/strong>, che gi\u00e0 nel maggio del 2022 aveva portato il Monza in Serie A, battendo sempre nella finale playoff una squadra allenata da D&#8217;Angelo (il Pisa). Dopo aver concluso il campionato al quarto posto (a 61 punti), i grigiorossi sono riusciti a superare la Juve Stabia nelle semifinali dei playoff, per poi conquistare la vittoria fondamentale di questa sera contro lo Spezia.<\/p>\n<p data-t=\"{&quot;n&quot;:&quot;blueLinks&quot;,&quot;t&quot;:13,&quot;a&quot;:&quot;click&quot;,&quot;b&quot;:76}\">Da <strong>Vazquez a Johnsen,<\/strong> passando per<strong> De Luca e Collocolo<\/strong>, fino ad arrivare a <strong>mister Stroppa<\/strong>, il vero artefice del successo. Questi solamente alcuni dei protagonisti della promozione in Serie A della Cremonese, per quella che sar\u00e0 l&#8217;ottava stagione nella massima serie italiana.<\/p>\n<h2 style=\"text-align: center;\" data-t=\"{&quot;n&quot;:&quot;blueLinks&quot;,&quot;t&quot;:13,&quot;a&quot;:&quot;click&quot;,&quot;b&quot;:76}\">IL TABELLINO<\/h2>\n<p style=\"text-align: center;\" data-t=\"{&quot;n&quot;:&quot;blueLinks&quot;,&quot;t&quot;:13,&quot;a&quot;:&quot;click&quot;,&quot;b&quot;:76}\"><strong>SPEZIA-CREMONESE 2-3<\/strong><\/p>\n<p class=\"\" style=\"text-align: center;\" data-t=\"{&quot;n&quot;:&quot;blueLinks&quot;,&quot;t&quot;:13,&quot;a&quot;:&quot;click&quot;,&quot;b&quot;:76}\"><strong>MARCATORI<\/strong>: 25&#8242; De Luca (C), 64&#8242; Collocolo (C), 80&#8242; De Luca (C), 84&#8242; Pio Esposito (S), 85&#8242; Vignali (S)<\/p>\n<p style=\"text-align: center;\" data-t=\"{&quot;n&quot;:&quot;blueLinks&quot;,&quot;t&quot;:13,&quot;a&quot;:&quot;click&quot;,&quot;b&quot;:76}\"><a href=\"https:\/\/www.rosanerosiamonoi.it\/palermocalcio\/2023\/10\/24\/palermo-spezia-2-2-grazie-a-santa-rosalia-video\/spezia-logo\/\" rel=\"attachment wp-att-17672\"><img decoding=\"async\" loading=\"lazy\" class=\"aligncenter size-full wp-image-17672\" src=\"http:\/\/www.rosanerosiamonoi.it\/palermocalcio\/wp-content\/uploads\/2023\/10\/spezia-logo.png\" alt=\"\" width=\"127\" height=\"127\" srcset=\"http:\/\/www.rosanerosiamonoi.it\/palermocalcio\/wp-content\/uploads\/2023\/10\/spezia-logo.png 127w, http:\/\/www.rosanerosiamonoi.it\/palermocalcio\/wp-content\/uploads\/2023\/10\/spezia-logo-100x100.png 100w, http:\/\/www.rosanerosiamonoi.it\/palermocalcio\/wp-content\/uploads\/2023\/10\/spezia-logo-50x50.png 50w\" sizes=\"(max-width: 127px) 100vw, 127px\" \/><\/a><\/p>\n<p data-t=\"{&quot;n&quot;:&quot;blueLinks&quot;,&quot;t&quot;:13,&quot;a&quot;:&quot;click&quot;,&quot;b&quot;:76}\"><strong>SPEZIA (3-5-2):<\/strong> Gori; Wisniwksi, Mateju (77&#8242; Vignali), Hristov; Aurelio, Bandinelli (65&#8242; Kouda), Nagy (65&#8242; Cassata), S. Esposito, Di Serio (68&#8242; Lapadula); P. Esposito, Elia (77&#8242; Reca). <strong>Allenatore:<\/strong>\u00a0D\u2019Angelo.<\/p>\n<p style=\"text-align: center;\" data-t=\"{&quot;n&quot;:&quot;blueLinks&quot;,&quot;t&quot;:13,&quot;a&quot;:&quot;click&quot;,&quot;b&quot;:76}\"><a href=\"https:\/\/www.rosanerosiamonoi.it\/palermocalcio\/2025\/06\/02\/cremonese-torna-in-serie-a-video\/logo-cremonese\/\" rel=\"attachment wp-att-19895\"><img decoding=\"async\" loading=\"lazy\" class=\"aligncenter wp-image-19895\" src=\"http:\/\/www.rosanerosiamonoi.it\/palermocalcio\/wp-content\/uploads\/2025\/06\/logo-Cremonese.png\" alt=\"\" width=\"115\" height=\"110\" srcset=\"http:\/\/www.rosanerosiamonoi.it\/palermocalcio\/wp-content\/uploads\/2025\/06\/logo-Cremonese.png 1254w, http:\/\/www.rosanerosiamonoi.it\/palermocalcio\/wp-content\/uploads\/2025\/06\/logo-Cremonese-520x498.png 520w, http:\/\/www.rosanerosiamonoi.it\/palermocalcio\/wp-content\/uploads\/2025\/06\/logo-Cremonese-1024x980.png 1024w, http:\/\/www.rosanerosiamonoi.it\/palermocalcio\/wp-content\/uploads\/2025\/06\/logo-Cremonese-768x735.png 768w, http:\/\/www.rosanerosiamonoi.it\/palermocalcio\/wp-content\/uploads\/2025\/06\/logo-Cremonese-640x612.png 640w\" sizes=\"(max-width: 115px) 100vw, 115px\" \/><\/a><\/p>\n<div class=\"intra-article-module\" data-t=\"{&quot;n&quot;:&quot;intraArticle&quot;,&quot;t&quot;:13}\">\n<div class=\"articlePageIntraArticleFullWidth ad-slot-placeholder left-image-intra-ad full-bleed-image-intra-ad collapsed\" data-ad-index=\"1\">\n<div class=\"intra-article-ad-full left-image-intra-ad full-bleed-image-intra-ad\">\n<div>\n<div class=\"full-bleed-image-intra-ad\">\n<p>&lt;cs-card &#8220;=&#8221;&#8221; class=&#8221;card-outer &#8221; id=&#8221;native_ad_collapse-inarticle-0&#8243; part=&#8221;&#8221; size=&#8221;_1x_2y&#8221;&gt;<\/p>\n<div class=\"content no-image\">\n<div id=\"media-overlay\" class=\"media-overlay\"><\/div>\n<div class=\"text\">\n<div class=\"choice-slug-wrapper\">\n<div class=\"ad-slug\">\n<div class=\"ad-provider\"><\/div>\n<\/div>\n<div class=\"ad-choice-container\"><\/div>\n<\/div>\n<p>&nbsp;<\/p>\n<div id=\"abstract\" class=\"abstract\"><\/div>\n<\/div>\n<div class=\"action-tray preload\">\n<div id=\"footer-start\" class=\"footer-start\"><\/div>\n<div id=\"footer-end\" class=\"footer-end\"><\/div>\n<\/div>\n<div class=\"hide-story-wrapper\">\n<div id=\"hide-story\" class=\"hide-story\"><\/div>\n<\/div>\n<\/div>\n<\/div>\n<\/div>\n<\/div>\n<\/div>\n<\/div>\n<p data-t=\"{&quot;n&quot;:&quot;blueLinks&quot;,&quot;t&quot;:13,&quot;a&quot;:&quot;click&quot;,&quot;b&quot;:76}\"><strong>CREMONESE (3-5-2):<\/strong> Fulignati; Barbieri (90+2&#8242; Bianchetti), Ceccherini, Folino; Johnsen, Collocolo, Castagnetti (73&#8242; Pickel), Vandeputte (73&#8242; Gelli), Azzi; Vazquez (81&#8242; Valoti), De Luca (90+2&#8242; Nasti).<\/p>\n<p data-t=\"{&quot;n&quot;:&quot;blueLinks&quot;,&quot;t&quot;:13,&quot;a&quot;:&quot;click&quot;,&quot;b&quot;:76}\"><strong>Allenatore:<\/strong>\u00a0Stroppa.<\/p>\n<p data-t=\"{&quot;n&quot;:&quot;blueLinks&quot;,&quot;t&quot;:13,&quot;a&quot;:&quot;click&quot;,&quot;b&quot;:76}\"><strong>ARBITRO:<\/strong> Colombo<\/p>\n<p data-t=\"{&quot;n&quot;:&quot;blueLinks&quot;,&quot;t&quot;:13,&quot;a&quot;:&quot;click&quot;,&quot;b&quot;:76}\"><strong>AMMONITI:<\/strong> Pio Esposito (S), Vazquez (C), Barbieri (C), Vandeputte (C), Valoti (C), Johnsen (C), Reca (S)<\/p>\n<p data-t=\"{&quot;n&quot;:&quot;blueLinks&quot;,&quot;t&quot;:13,&quot;a&quot;:&quot;click&quot;,&quot;b&quot;:76}\"><strong>ESPULSI:<\/strong> Vignali (S), Nasti (C)<\/p>\n<p data-t=\"{&quot;n&quot;:&quot;blueLinks&quot;,&quot;t&quot;:13,&quot;a&quot;:&quot;click&quot;,&quot;b&quot;:76}\"><iframe loading=\"lazy\" title=\"Spezia-Cremonese 2-3: gol e highlights | Serie B\" src=\"https:\/\/www.youtube.com\/embed\/LPN1FJM56z4\" width=\"656\" height=\"408\" frameborder=\"0\" allowfullscreen=\"allowfullscreen\"><span data-mce-type=\"bookmark\" style=\"display: inline-block; width: 0px; overflow: hidden; line-height: 0;\" class=\"mce_SELRES_start\">\ufeff<\/span><\/iframe><\/p>\n<p>Al termine della sfida tra\u00a0<strong>Cremonese<\/strong>\u00a0e Spezia, valida per la finale di ritorno dei playoff di Serie BKT 2024-25,<strong> Franco<\/strong>\u00a0<strong>Vazquez\u00a0<\/strong>\u00e8 intervenuto in conferenza dalla zona mista dello stadio \u201cPicco\u201d. Ecco le sue dichiarazioni.<\/p>\n<p><strong>Ciofani ti ha definito un fuoriclasse, nonch\u00e9 il miglior giocatore del campionato. Che ne pensi?<br \/>\n<\/strong>\u201cLo ringrazio, l\u2019anno scorso abbiamo perso una finale insieme e credo che ci meritassimo una gioia del genere. E\u2019 qualcosa di incredibile\u201d.<\/p>\n<p><strong>Hai preso per mano la squadra, con un lancio illuminante per la rete di De Luca. In cosa ti senti pi\u00f9 forte?<br \/>\n<\/strong>\u201cOvviamente ho un\u2019et\u00e0 che mi porta esperienza in partite del genere, ho messo a disposizione questo. Poi cerco di fare il mio gioco, cercare gli attaccanti e tenere palla. Sono contento per la partita che ho fatto e per i miei compagni, che hanno lottato fino all\u2019ultimo\u201d.<\/p>\n<p><strong>Ci racconti il gol del 2-0? Credi sia tuo o di Collocolo?<br \/>\n<\/strong>\u201cPenso di non averla toccata, quindi dico che \u00e8 di Michele (sorride, ndr)\u201d. ( Il colpo di tacco \u00e8 evidente ! ed il gol \u00e8 suo al 100 per 100.)<\/p>\n<p><strong>Che stagione \u00e8 stata per te?<br \/>\n<\/strong>\u201cGi\u00e0 a Parma avevo perso una semifinale, oltre alla finale dell\u2019anno scorso. Era qualcosa che volevo, vincere un campionato \u00e8 sempre bellissimo. Sono molto contento\u201d.<\/p>\n<p><strong>Congratulazioni personali caro Franco sei sempre una persona gentile e speciale !!!\u00a0<\/strong><\/p>\n<p>&nbsp;<\/p>\n<p>&nbsp;<\/p>\n","protected":false},"excerpt":{"rendered":"<p>La Cremonese torna in Serie A! Spezia ko e capolavoro di Stroppa e determinante l&#8217;ex rosanero Vasquez. La Cremonese fa l&#8217;impresa e batte lo Spezia 3-2 nella gara di ritorno dei playoff di Serie B e torna in A dopo due anni! Rimane il rimpianto per il Palermo che forse fra cent&#8217;anni , con un&#8217;altra [&hellip;]<\/p>\n","protected":false},"author":2,"featured_media":19898,"comment_status":"closed","ping_status":"open","sticky":false,"template":"","format":"standard","meta":[],"categories":[10,35,1,44],"tags":[5964,2371,5963,6,5518,5962,5965,231],"_links":{"self":[{"href":"http:\/\/www.rosanerosiamonoi.it\/palermocalcio\/wp-json\/wp\/v2\/posts\/19894"}],"collection":[{"href":"http:\/\/www.rosanerosiamonoi.it\/palermocalcio\/wp-json\/wp\/v2\/posts"}],"about":[{"href":"http:\/\/www.rosanerosiamonoi.it\/palermocalcio\/wp-json\/wp\/v2\/types\/post"}],"author":[{"embeddable":true,"href":"http:\/\/www.rosanerosiamonoi.it\/palermocalcio\/wp-json\/wp\/v2\/users\/2"}],"replies":[{"embeddable":true,"href":"http:\/\/www.rosanerosiamonoi.it\/palermocalcio\/wp-json\/wp\/v2\/comments?post=19894"}],"version-history":[{"count":2,"href":"http:\/\/www.rosanerosiamonoi.it\/palermocalcio\/wp-json\/wp\/v2\/posts\/19894\/revisions"}],"predecessor-version":[{"id":19900,"href":"http:\/\/www.rosanerosiamonoi.it\/palermocalcio\/wp-json\/wp\/v2\/posts\/19894\/revisions\/19900"}],"wp:featuredmedia":[{"embeddable":true,"href":"http:\/\/www.rosanerosiamonoi.it\/palermocalcio\/wp-json\/wp\/v2\/media\/19898"}],"wp:attachment":[{"href":"http:\/\/www.rosanerosiamonoi.it\/palermocalcio\/wp-json\/wp\/v2\/media?parent=19894"}],"wp:term":[{"taxonomy":"category","embeddable":true,"href":"http:\/\/www.rosanerosiamonoi.it\/palermocalcio\/wp-json\/wp\/v2\/categories?post=19894"},{"taxonomy":"post_tag","embeddable":true,"href":"http:\/\/www.rosanerosiamonoi.it\/palermocalcio\/wp-json\/wp\/v2\/tags?post=19894"}],"curies":[{"name":"wp","href":"https:\/\/api.w.org\/{rel}","templated":true}]}}