{"id":2058,"date":"2014-01-09T10:44:52","date_gmt":"2014-01-09T09:44:52","guid":{"rendered":"http:\/\/www.rosanerosiamonoi.it\/palermocalcio\/?p=2058"},"modified":"2014-01-09T10:44:52","modified_gmt":"2014-01-09T09:44:52","slug":"palermo-nomi-nuovi-per-la-fascia-sinistra-calciomercato","status":"publish","type":"post","link":"http:\/\/www.rosanerosiamonoi.it\/palermocalcio\/2014\/01\/09\/palermo-nomi-nuovi-per-la-fascia-sinistra-calciomercato\/","title":{"rendered":"PALERMO. Nomi nuovi per la fascia sinistra &#8211; Calciomercato"},"content":{"rendered":"<p>&nbsp;<\/p>\n<h2 style=\"text-align: center;\"><\/h2>\n<h2 style=\"text-align: center;\">PER LA FASCIA SINISTRA INTERESSANO SEMPRE DEL GROSSO E MESBAH<\/h2>\n<p>&nbsp;<\/p>\n<h2 style=\"text-align: center;\"><a href=\"http:\/\/www.rosanerosiamonoi.it\/palermocalcio\/2014\/01\/08\/calciomercato-palermo-dell8-gennaio-2014-notizia-in-continuo-aggiornamento\/mesbah25\/\" rel=\"attachment wp-att-2021\"><img decoding=\"async\" loading=\"lazy\" alt=\"Mesbah25\" src=\"http:\/\/www.rosanerosiamonoi.it\/palermocalcio\/wp-content\/uploads\/2014\/01\/Mesbah25-520x377.jpg\" width=\"520\" height=\"377\" \/><\/a><\/h2>\n<h2 style=\"text-align: center;\"><span style=\"font-size: 1.5em; line-height: 1.5em;\">\u00a0<\/span><\/h2>\n<p style=\"text-align: justify;\">Quella del trasferimento di\u00a0<strong>Walter Lopez<\/strong>\u00a0al Palermo resta un&#8217;ipotesi ancora tutta da valutare. Come riporta il\u00a0<em>Corriere dello Sport<\/em>, mentre da Lecce fanno sapere di non avere intenzione di lasciar partire il terzino verso Palermo, dall&#8217;ambiente rosanero non si registrano in realt\u00e0 significativi riscontri di un reale interessamento nei confronti dell&#8217;uruguaiano. I nomi per la fascia sinistra restano sempre quelli di\u00a0<strong>Del Grosso e Mesbah.<\/strong><\/p>\n<p style=\"text-align: justify;\">Come detto il Palermo guarda in casa Parma ed il giocatore \u00a0giusto pu\u00f2 essere quello di\u00a0<strong>Djamel Mesbah, giocatore che a noi piace molto<\/strong>.<\/p>\n<p style=\"text-align: justify;\">Perinetti lo conosce bene, l&#8217;algerino \u00e8 stato davvero ad un passo la scorsa estate. I contratti erano pronti, poi per\u00f2 il presidente Zamparini fren\u00f2 l&#8217;operazione di fine estate col Milan. Bisognava prima cedere, cos\u00ec Mesbah si trasfer\u00ec al Parma. In gialloblu, per\u00f2, poche presenze ma tutte di altissimo livello. E tanta voglia di giocare.<\/p>\n<p style=\"text-align: justify;\">A gennaio l&#8217;esterno lascer\u00e0 con grande probabilit\u00e0 l&#8217;Emilia, alla ricerca di una nuova avventura. E<strong>\u00a0Palermo secondo noi<\/strong>\u00a0pu\u00f2 essere la destinazione giusta. La piazza \u00e8 quella ideale, i rosanero non hanno perso appeal nonostante la retrocessione in Serie B. Qualche contatto, non ufficiale. Il profilo piace ed \u00a0il Palermo valuta Mesbah, secondo noi lo ripetiamo sarebbe l&#8217;acquisto giusto.<\/p>\n<p style=\"text-align: justify;\">\n<p style=\"text-align: justify;\">\n<p style=\"text-align: justify;\"><a href=\"http:\/\/www.rosanerosiamonoi.it\/palermocalcio\/2014\/01\/08\/calciomercato-palermo-dell8-gennaio-2014-notizia-in-continuo-aggiornamento\/nii-northey-ashong\/\" rel=\"attachment wp-att-2022\"><img decoding=\"async\" loading=\"lazy\" class=\"aligncenter\" alt=\"Nii Northey Ashong\" src=\"http:\/\/www.rosanerosiamonoi.it\/palermocalcio\/wp-content\/uploads\/2014\/01\/Nii-Northey-Ashong-520x346.jpeg\" width=\"520\" height=\"346\" \/><\/a><\/p>\n<h1 style=\"text-align: center;\"><strong>Nome nuovo per la fascia sinistra<\/strong><\/h1>\n<p style=\"text-align: center;\">\n<p style=\"text-align: justify;\">Il nome nuovo nella lista del Palermo alla ricerca di un esterno sinistro, secondo le indiscrezioni riportate da\u00a0<strong>Tuttomercatoweb<\/strong>, anche il club rosanero sarebbe sulle tracce di\u00a0<strong>Nii Northey Ashong<\/strong>, difensore mancino classe &#8217;94 di propriet\u00e0 della Fiorentina e attualmente in prestito allo Spezia. In serie B, l&#8217;esterno ghanese \u00e8 seguito anche da Carpi e Ternana.<\/p>\n<p style=\"text-align: justify;\">\n<p style=\"text-align: justify;\">\n<p style=\"text-align: justify;\">\n<p style=\"text-align: justify;\">\n<p style=\"text-align: center;\"><a href=\"http:\/\/www.rosanerosiamonoi.it\/palermocalcio\/2014\/01\/08\/calciomercato-palermo-dell8-gennaio-2014-notizia-in-continuo-aggiornamento\/lazaar\/\" rel=\"attachment wp-att-2050\"><img decoding=\"async\" loading=\"lazy\" alt=\"lazaar\" src=\"http:\/\/www.rosanerosiamonoi.it\/palermocalcio\/wp-content\/uploads\/2014\/01\/lazaar-520x416.jpg\" width=\"520\" height=\"416\" \/><\/a><\/p>\n<p style=\"text-align: center;\">Lazaar a destra nella foto<\/p>\n<h1 style=\"text-align: center;\">Palermo: ipotesi Lazaar per la fascia<\/h1>\n<p style=\"text-align: justify;\">L&#8217;acquisto di un esterno mancino \u00e8 una priorit\u00e0 per il Palermo, che in quella posizione ha il solo\u00a0<strong>Daprel\u00e0<\/strong>. Oltre ai nomi di<strong>\u00a0Mesbah e Del Grosso<\/strong>,e quello di\u00a0<strong>Nii Northey Ashong<\/strong>\u00a0nelle ultime ore si \u00e8 concretizzata l&#8217;ipotesi\u00a0<strong>Achraf Lazaar<\/strong>, esterno classe &#8217;92 di propriet\u00e0 del Varese.<\/p>\n<p style=\"text-align: justify;\">Secondo quanto raccolto dalla redazione di<strong>\u00a0stadionews24<\/strong>, tra le pretendenti al cursore mancino dei biancorossi c&#8217;\u00e8 anche il Palermo, ma sembra siano in tanti a volerlo<\/p>\n","protected":false},"excerpt":{"rendered":"<p>&nbsp; PER LA FASCIA SINISTRA INTERESSANO SEMPRE DEL GROSSO E MESBAH &nbsp; \u00a0 Quella del trasferimento di\u00a0Walter Lopez\u00a0al Palermo resta un&#8217;ipotesi ancora tutta da valutare. Come riporta il\u00a0Corriere dello Sport, mentre da Lecce fanno sapere di non avere intenzione di lasciar partire il terzino verso Palermo, dall&#8217;ambiente rosanero non si registrano in realt\u00e0 significativi riscontri [&hellip;]<\/p>\n","protected":false},"author":2,"featured_media":2021,"comment_status":"closed","ping_status":"open","sticky":false,"template":"","format":"standard","meta":[],"categories":[1,6],"tags":[218,216],"_links":{"self":[{"href":"http:\/\/www.rosanerosiamonoi.it\/palermocalcio\/wp-json\/wp\/v2\/posts\/2058"}],"collection":[{"href":"http:\/\/www.rosanerosiamonoi.it\/palermocalcio\/wp-json\/wp\/v2\/posts"}],"about":[{"href":"http:\/\/www.rosanerosiamonoi.it\/palermocalcio\/wp-json\/wp\/v2\/types\/post"}],"author":[{"embeddable":true,"href":"http:\/\/www.rosanerosiamonoi.it\/palermocalcio\/wp-json\/wp\/v2\/users\/2"}],"replies":[{"embeddable":true,"href":"http:\/\/www.rosanerosiamonoi.it\/palermocalcio\/wp-json\/wp\/v2\/comments?post=2058"}],"version-history":[{"count":1,"href":"http:\/\/www.rosanerosiamonoi.it\/palermocalcio\/wp-json\/wp\/v2\/posts\/2058\/revisions"}],"predecessor-version":[{"id":2059,"href":"http:\/\/www.rosanerosiamonoi.it\/palermocalcio\/wp-json\/wp\/v2\/posts\/2058\/revisions\/2059"}],"wp:featuredmedia":[{"embeddable":true,"href":"http:\/\/www.rosanerosiamonoi.it\/palermocalcio\/wp-json\/wp\/v2\/media\/2021"}],"wp:attachment":[{"href":"http:\/\/www.rosanerosiamonoi.it\/palermocalcio\/wp-json\/wp\/v2\/media?parent=2058"}],"wp:term":[{"taxonomy":"category","embeddable":true,"href":"http:\/\/www.rosanerosiamonoi.it\/palermocalcio\/wp-json\/wp\/v2\/categories?post=2058"},{"taxonomy":"post_tag","embeddable":true,"href":"http:\/\/www.rosanerosiamonoi.it\/palermocalcio\/wp-json\/wp\/v2\/tags?post=2058"}],"curies":[{"name":"wp","href":"https:\/\/api.w.org\/{rel}","templated":true}]}}