{"id":20717,"date":"2026-01-25T19:44:57","date_gmt":"2026-01-25T18:44:57","guid":{"rendered":"https:\/\/www.rosanerosiamonoi.it\/palermocalcio\/?p=20717"},"modified":"2026-01-25T20:08:53","modified_gmt":"2026-01-25T19:08:53","slug":"modena-palermo-0-0-niente-di-nuovo-video","status":"publish","type":"post","link":"http:\/\/www.rosanerosiamonoi.it\/palermocalcio\/2026\/01\/25\/modena-palermo-0-0-niente-di-nuovo-video\/","title":{"rendered":"Modena &#8211; Palermo 0-0. Niente di nuovo (VIDEO)"},"content":{"rendered":"<h1 style=\"text-align: center;\"><a href=\"https:\/\/www.rosanerosiamonoi.it\/palermocalcio\/2026\/01\/25\/modena-palermo-0-0-niente-di-nuovo-video\/modena-palermo-0-0\/\" rel=\"attachment wp-att-20721\"><img decoding=\"async\" loading=\"lazy\" class=\"aligncenter wp-image-20721\" src=\"http:\/\/www.rosanerosiamonoi.it\/palermocalcio\/wp-content\/uploads\/2026\/01\/modena-palermo-0-0.jpg\" alt=\"\" width=\"500\" height=\"282\" srcset=\"http:\/\/www.rosanerosiamonoi.it\/palermocalcio\/wp-content\/uploads\/2026\/01\/modena-palermo-0-0.jpg 590w, http:\/\/www.rosanerosiamonoi.it\/palermocalcio\/wp-content\/uploads\/2026\/01\/modena-palermo-0-0-520x293.jpg 520w\" sizes=\"(max-width: 500px) 100vw, 500px\" \/><\/a><\/h1>\n<h1 style=\"text-align: center;\"><strong>Modena &#8211; Palermo 0-0<\/strong><\/h1>\n<p>Molti si aspettavano od erano sicuri, come avete pi\u00f9 volte scritto nei social , in un cambio di marcia della squadra ma non c&#8217;\u00e8 stato anzi le prime tre hanno invece vinto ed il distacco da loro \u00e8 aumentato e se dovessimo perdere con loro gli scontri diretti il distacco potrebbe salire salirre a 16 punti dalla vetta.<\/p>\n<p>E dire che il Modena, dopo una partenza lanciatissima che l&#8217;aveva vista in testa alla classifica ma, che come avevamo previsto non sarebbe durata ,veniva da un momento difficile con una lunga serie di sconfitte che si era fermata con la vittoria sul Pescara, ultimo in classifica, e ci pensano i rosanero a ridarle fiducia con un pareggio.<\/p>\n<p>In realt\u00e0 va tutto come previsto , creare aspirazioni , ma senza avvicnarsi troppo per non rischuare che qualcuno che non vuole andare in A ci faccia vincere e ci mandi nei posti che contano per la promozione. Per cui\u00a0 penso che qua\u00a0 per ora stiamo bene .l&#8217;importante riempire lo stadio poi come gli altri anni molliamo nel finale ed \u00e8 tutto a posto.<\/p>\n<p>Noi continuiamo a desiderare la Serie A e vediamo che come nei 3 anni passati per\u00f2 nulla sembra essere cambaito tranne che giochiamo in un campionato con almeno 4-5 squadre pi\u00f9 forti del Palermo di cui 3 avevamo ptrevisto che dovrebbero salire nella massima serie e poi tante squadre pi\u00f9 scarse e tecnicamente insufficienti e la classifica ne \u00e8 la chiara dimostrazione.<\/p>\n<p>di campagna acquisti inutile parlare visto che non stanno trattando veri giocatori ma come sempre giocatori fuori rosa svincolati, senza contratto o giocatori che la propria squadra non fa giocare perch\u00e8 le loro prestazioni sono deludenti e non sperano altro di non vederli pi\u00f9 come i tanti che sono transitati nel palermo o che diciamo ci &#8220;giocano&#8221; ancora.<\/p>\n<p>Ma se hai un giocatore vero e buono lo vendi ?<\/p>\n<p>Niente 10 questa volta per la squadra come quando vince , a prescindere dal gioco, ma solo un 3 che \u00e8 lo specchio di quanto visto in campo.<\/p>\n<p>Adesso prossima partita in casa del <strong>Bari<\/strong> in zona retrocessione ma che in questo turno ha vinto in trasferta nel difficile campo del <strong>Cesena<\/strong> l&#8217;unica a perdere fra le prime 6 in classifica.<\/p>\n<p>Questo il commento finale non nostro , ma che condividiamo,di <strong>GDS :<\/strong><\/p>\n<table id=\"cronaca_tempo_2\" class=\"cronaca\" border=\"0\" cellspacing=\"0\" cellpadding=\"0\">\n<tbody>\n<tr class=\"odd\">\n<td class=\"type\"><\/td>\n<td class=\"text\"><strong><em>&#8220;Al termine dei novanta minuti \u00e8 l&#8217;equilibrio a farla da padrone tra Modena e Palermo. Anche nella ripresa le due squadre faticano a rendersi pericolose, il Modena impensierisce Joronen con la conclusione da fuori di Gerli, i rosanero si vedono annullare dal VAR la rete di Palumbo per il fallo di Gyasi su Chichizola di qualche istante prima. Il Palermo scivola dunque a sei lunghezze dal secondo posto e nel prossimo turno far\u00e0 visita al Bari mentre il Modena, dopo aver mosso la classifica con questo punto, sar\u00e0 di scena ad Empoli.&#8221;<\/em><\/strong><\/p>\n<p><iframe loading=\"lazy\" title=\"Modena-Palermo 0-0 | HIGHLIGHTS 21\u00aa giornata Serie B 25\/26\" src=\"https:\/\/www.youtube.com\/embed\/o2vVIEPCFM4\" width=\"656\" height=\"408\" frameborder=\"0\" allowfullscreen=\"allowfullscreen\"><span data-mce-type=\"bookmark\" style=\"display: inline-block; width: 0px; overflow: hidden; line-height: 0;\" class=\"mce_SELRES_start\">\ufeff<\/span><\/iframe>&lt;<iframe loading=\"lazy\" title=\"Modena-Palermo&#x1f399;&#xfe0f; Inzaghi e Ranocchia nel post partita\" src=\"https:\/\/www.youtube.com\/embed\/8FJM-WBIUcQ\" width=\"656\" height=\"408\" frameborder=\"0\" allowfullscreen=\"allowfullscreen\"><span data-mce-type=\"bookmark\" style=\"display: inline-block; width: 0px; overflow: hidden; line-height: 0;\" class=\"mce_SELRES_start\">\ufeff<\/span><\/iframe><\/td>\n<\/tr>\n<\/tbody>\n<\/table>\n<p style=\"text-align: center;\"><a href=\"https:\/\/www.rosanerosiamonoi.it\/palermocalcio\/2022\/10\/22\/risultati-e-classifica-10ma-giornata-serie-b\/kisspng-modena-f-c-modena-football-club-srl\/\" rel=\"attachment wp-att-16001\"><img decoding=\"async\" loading=\"lazy\" class=\"aligncenter wp-image-16001\" src=\"http:\/\/www.rosanerosiamonoi.it\/palermocalcio\/wp-content\/uploads\/2022\/10\/kisspng-modena-f-c-modena-football-club-srl-.jpg\" alt=\"\" width=\"80\" height=\"119\" srcset=\"http:\/\/www.rosanerosiamonoi.it\/palermocalcio\/wp-content\/uploads\/2022\/10\/kisspng-modena-f-c-modena-football-club-srl-.jpg 900w, http:\/\/www.rosanerosiamonoi.it\/palermocalcio\/wp-content\/uploads\/2022\/10\/kisspng-modena-f-c-modena-football-club-srl--349x520.jpg 349w, http:\/\/www.rosanerosiamonoi.it\/palermocalcio\/wp-content\/uploads\/2022\/10\/kisspng-modena-f-c-modena-football-club-srl--768x1143.jpg 768w, http:\/\/www.rosanerosiamonoi.it\/palermocalcio\/wp-content\/uploads\/2022\/10\/kisspng-modena-f-c-modena-football-club-srl--688x1024.jpg 688w, http:\/\/www.rosanerosiamonoi.it\/palermocalcio\/wp-content\/uploads\/2022\/10\/kisspng-modena-f-c-modena-football-club-srl--640x953.jpg 640w\" sizes=\"(max-width: 80px) 100vw, 80px\" \/><\/a><\/p>\n<p><strong>MODENA (3-5-2):<\/strong> Chichizola; Tonoli, Nador, Nieling; Zanimacchia (17&#8242; st Beyuku), Santoro (42&#8242; st Magnino), Gerli, Massolin (35&#8242; st Pyyhtia), Zampano; Pedro Mendes\u00a0 (35&#8242; st Defrel), De Luca (17&#8242; st Gliozzi).<\/p>\n<p><strong>In panchina:<\/strong> Laidani, Pezzolato, Cauz, Dellavalle, Adorni, Cotali, Di Mariano.<\/p>\n<p><strong> Allenatore<\/strong>: Sottil<\/p>\n<p style=\"text-align: center;\"><a href=\"https:\/\/www.rosanerosiamonoi.it\/palermocalcio\/2024\/01\/13\/cittadella-palermo-2-0-si-parte-male-video\/palermofc\/\" rel=\"attachment wp-att-18006\"><img decoding=\"async\" loading=\"lazy\" class=\"aligncenter wp-image-18006\" src=\"http:\/\/www.rosanerosiamonoi.it\/palermocalcio\/wp-content\/uploads\/2024\/01\/palermofc.jpg\" alt=\"\" width=\"93\" height=\"93\" srcset=\"http:\/\/www.rosanerosiamonoi.it\/palermocalcio\/wp-content\/uploads\/2024\/01\/palermofc.jpg 380w, http:\/\/www.rosanerosiamonoi.it\/palermocalcio\/wp-content\/uploads\/2024\/01\/palermofc-150x150.jpg 150w, http:\/\/www.rosanerosiamonoi.it\/palermocalcio\/wp-content\/uploads\/2024\/01\/palermofc-100x100.jpg 100w, http:\/\/www.rosanerosiamonoi.it\/palermocalcio\/wp-content\/uploads\/2024\/01\/palermofc-200x200.jpg 200w, http:\/\/www.rosanerosiamonoi.it\/palermocalcio\/wp-content\/uploads\/2024\/01\/palermofc-50x50.jpg 50w, http:\/\/www.rosanerosiamonoi.it\/palermocalcio\/wp-content\/uploads\/2024\/01\/palermofc-144x144.jpg 144w\" sizes=\"(max-width: 93px) 100vw, 93px\" \/><\/a><\/p>\n<p><strong>PALERMO (3-4-2-1)<\/strong> Joronen ; Peda (31&#8242; st Bereszynski ), Bani , Ceccaroni ; Pierozzi , Gomes\u00a0 (17&#8242; st Gyasi ), Ranocchia , Augello ; Palumbo (38&#8242; st Le Douaron ), Segre ; Pohjanpalo 5 (38&#8242; st Corona sv).<\/p>\n<p><strong> In panchina:<\/strong> Di Bartolo, Gomis, Blin, Vasic, Giovane.<\/p>\n<p><strong>Allenatore:<\/strong> Inzaghi 6.<\/p>\n<p><strong>ARBITRO<\/strong>: Dionisi di L\u2019Aquila<\/p>\n<p><strong>NOTE<\/strong>: giornata fredda, terreno in buone condizioni. <strong>Spettatori:<\/strong> 13.803, di cui 2.944 ospiti. <strong>Ammoniti:<\/strong> Gyasi, Nador. <strong>Angoli<\/strong> 2-4. <strong>Recupero<\/strong>: 1&#8242;; 6&#8242;.<\/p>\n<p><strong>Stadio<\/strong> : Alberto Braglia<\/p>\n<p><a href=\"https:\/\/www.rosanerosiamonoi.it\/palermocalcio\/2026\/01\/25\/modena-palermo-0-0-niente-di-nuovo-video\/statistiche-modena-palermo-0-0\/\" rel=\"attachment wp-att-20719\"><img decoding=\"async\" loading=\"lazy\" class=\"aligncenter wp-image-20719\" src=\"http:\/\/www.rosanerosiamonoi.it\/palermocalcio\/wp-content\/uploads\/2026\/01\/statistiche-modena-palermo-0-0.jpg\" alt=\"\" width=\"498\" height=\"281\" srcset=\"http:\/\/www.rosanerosiamonoi.it\/palermocalcio\/wp-content\/uploads\/2026\/01\/statistiche-modena-palermo-0-0.jpg 590w, http:\/\/www.rosanerosiamonoi.it\/palermocalcio\/wp-content\/uploads\/2026\/01\/statistiche-modena-palermo-0-0-520x293.jpg 520w\" sizes=\"(max-width: 498px) 100vw, 498px\" \/><\/a><\/p>\n<p>&nbsp;<\/p>\n<h2 style=\"text-align: center;\"><strong>SERIE B, 21\u00aa GIORNATA<\/strong><\/h2>\n<p><strong>Cesena \u2013 Bari 1-2<\/strong><br \/>\n51&#8242; Rao (B), 60&#8242; Ciervo (C), 76&#8242; Moncini (B)<br \/>\n<strong>Frosinone \u2013 Reggiana 1-0<\/strong><br \/>\n58&#8242; Kvernadze<br \/>\n<strong>Juve Stabia \u2013 Virtus Entella 1-0<\/strong><br \/>\n13&#8242; Candellone<br \/>\n<strong>Mantova \u2013 Veneza 2-5<\/strong><br \/>\n25&#8242; e 74&#8242; Adorante (V), 33&#8242; Yeboah (V), 40&#8242; Marras (M), 59&#8242; Doumbia (V), 81&#8242; Mensah (M), 90&#8217;+3 [aut.] Chrysopoulos (V)<br \/>\n<strong>Monza \u2013 Pescara 3-0<\/strong><br \/>\n34&#8242; e 49&#8242; Hernani, 78&#8242; Azzi<br \/>\n<strong>Modena \u2013 Palermo 0-0<\/strong><br \/>\n<strong>Spezia -Avellino 1-0<\/strong><br \/>\n26\u2019 Artistico<br \/>\n<em><strong>Domenica 25 Gennaio 2026<\/strong><\/em><\/p>\n<p><strong>Sudtirol \u2013 Padova 3-0<\/strong><br \/>\n28&#8242; Merkaj, 38&#8242; Pecorino, 94\u2019 rig Casiraghi<br \/>\n<strong>Catanzaro &#8211; Sampdoria 0-0<\/strong><\/p>\n<h1 style=\"text-align: center;\"><strong>La Classifica Serie B 2025-26<\/strong><\/h1>\n<h5><span style=\"color: #0000ff;\"><strong>Frosinone 45<\/strong><\/span><br \/>\n<span style=\"color: #0000ff;\"><strong>Venezia 44<\/strong><\/span><br \/>\n<span style=\"color: #00ff00;\">Monza 41<\/span><br \/>\n<span style=\"color: #ff00ff;\">Palermo 38<\/span><br \/>\n<span style=\"color: #800080;\">Cesena 34<\/span><br \/>\n<span style=\"color: #800080;\">Modena 33<\/span><br \/>\n<span style=\"color: #800080;\">Juve Stabia 33<\/span><br \/>\n<span style=\"color: #800080;\">Catanzaro 32<\/span><br \/>\nCarrarese 29<br \/>\nEmpoli 27<br \/>\nPadova 25<br \/>\nSudtirol 25<br \/>\nAvellino 25<br \/>\nReggiana 20<br \/>\nSpezia 20<br \/>\n<span style=\"color: #ff6600;\">Virtus Entella 20<\/span><br \/>\n<span style=\"color: #ff6600;\">Bari 20<\/span><br \/>\n<span style=\"color: #ff0000;\">Mantova 19<\/span><br \/>\n<span style=\"color: #ff0000;\">Sampdoria 19<\/span><br \/>\n<span style=\"color: #ff0000;\">Pescara 14<\/span><\/h5>\n<p style=\"text-align: center;\"><a href=\"https:\/\/www.rosanerosiamonoi.it\/palermocalcio\/2024\/12\/31\/tuttomercatoweb-com-la-classifica-degli-allenatori-di-b\/serie-b-5\/\" rel=\"attachment wp-att-19310\"><img decoding=\"async\" loading=\"lazy\" class=\"aligncenter size-full wp-image-19310\" src=\"http:\/\/www.rosanerosiamonoi.it\/palermocalcio\/wp-content\/uploads\/2024\/12\/serie-b.jpg\" alt=\"\" width=\"300\" height=\"168\" \/><\/a><\/p>\n<h2 style=\"text-align: center;\"><strong>Prossimo turno<\/strong><\/h2>\n<h2 style=\"text-align: center;\">22^ giornata (31 gennaio 2026)<\/h2>\n<div class=\"c-extended-card__body\">\n<p>&nbsp;<\/p>\n<ul>\n<li>\n<h3>Avellino \u2013 Cesena<\/h3>\n<\/li>\n<li>\n<h3>Bari \u2013<span style=\"color: #ff00ff;\"> Palermo\u00a0 \u00a0 \u00a0 \u00a0 \u00a0<span style=\"color: #0000ff;\">V<\/span><\/span><span style=\"color: #0000ff;\">enerd\u00ec 30 Gennaio 2026 <em>ore <span class=\"Opta-ClockTime\">20:30<\/span><\/em><\/span><\/h3>\n<\/li>\n<li>\n<h3>Empoli \u2013 Modena<\/h3>\n<\/li>\n<li>\n<h3>Padova \u2013 <span style=\"color: #0000ff;\">Monza<\/span><\/h3>\n<\/li>\n<li>\n<h3>Pescara \u2013 Mantova<\/h3>\n<\/li>\n<li>\n<h3>Reggiana \u2013 Juve Stabia<\/h3>\n<\/li>\n<li>\n<h3>Sampdoria \u2013 Spezia<\/h3>\n<\/li>\n<li>\n<h3>S\u00fcdtirol \u2013 Catanzaro<\/h3>\n<\/li>\n<li>\n<h3><span style=\"color: #0000ff;\">Venezia<\/span> \u2013 Carrarese<\/h3>\n<\/li>\n<li>\n<h3>Virtus Entella \u2013 <span style=\"color: #0000ff;\">Frosinone<\/span><\/h3>\n<\/li>\n<\/ul>\n<\/div>\n","protected":false},"excerpt":{"rendered":"<p>Modena &#8211; Palermo 0-0 Molti si aspettavano od erano sicuri, come avete pi\u00f9 volte scritto nei social , in un cambio di marcia della squadra ma non c&#8217;\u00e8 stato anzi le prime tre hanno invece vinto ed il distacco da loro \u00e8 aumentato e se dovessimo perdere con loro gli scontri diretti il distacco potrebbe [&hellip;]<\/p>\n","protected":false},"author":2,"featured_media":20721,"comment_status":"closed","ping_status":"open","sticky":false,"template":"","format":"standard","meta":[],"categories":[1],"tags":[6295,3074,6292,2636,6293,6294],"_links":{"self":[{"href":"http:\/\/www.rosanerosiamonoi.it\/palermocalcio\/wp-json\/wp\/v2\/posts\/20717"}],"collection":[{"href":"http:\/\/www.rosanerosiamonoi.it\/palermocalcio\/wp-json\/wp\/v2\/posts"}],"about":[{"href":"http:\/\/www.rosanerosiamonoi.it\/palermocalcio\/wp-json\/wp\/v2\/types\/post"}],"author":[{"embeddable":true,"href":"http:\/\/www.rosanerosiamonoi.it\/palermocalcio\/wp-json\/wp\/v2\/users\/2"}],"replies":[{"embeddable":true,"href":"http:\/\/www.rosanerosiamonoi.it\/palermocalcio\/wp-json\/wp\/v2\/comments?post=20717"}],"version-history":[{"count":9,"href":"http:\/\/www.rosanerosiamonoi.it\/palermocalcio\/wp-json\/wp\/v2\/posts\/20717\/revisions"}],"predecessor-version":[{"id":20730,"href":"http:\/\/www.rosanerosiamonoi.it\/palermocalcio\/wp-json\/wp\/v2\/posts\/20717\/revisions\/20730"}],"wp:featuredmedia":[{"embeddable":true,"href":"http:\/\/www.rosanerosiamonoi.it\/palermocalcio\/wp-json\/wp\/v2\/media\/20721"}],"wp:attachment":[{"href":"http:\/\/www.rosanerosiamonoi.it\/palermocalcio\/wp-json\/wp\/v2\/media?parent=20717"}],"wp:term":[{"taxonomy":"category","embeddable":true,"href":"http:\/\/www.rosanerosiamonoi.it\/palermocalcio\/wp-json\/wp\/v2\/categories?post=20717"},{"taxonomy":"post_tag","embeddable":true,"href":"http:\/\/www.rosanerosiamonoi.it\/palermocalcio\/wp-json\/wp\/v2\/tags?post=20717"}],"curies":[{"name":"wp","href":"https:\/\/api.w.org\/{rel}","templated":true}]}}