{"id":2074,"date":"2014-01-09T14:08:57","date_gmt":"2014-01-09T13:08:57","guid":{"rendered":"http:\/\/www.rosanerosiamonoi.it\/palermocalcio\/?p=2074"},"modified":"2014-01-10T13:15:16","modified_gmt":"2014-01-10T12:15:16","slug":"lazaar-in-pool-per-la-fascia-sinistra","status":"publish","type":"post","link":"http:\/\/www.rosanerosiamonoi.it\/palermocalcio\/2014\/01\/09\/lazaar-in-pool-per-la-fascia-sinistra\/","title":{"rendered":"LAZAAR in pool per la fascia sinistra essendo un classe &#8217;93"},"content":{"rendered":"<p><a href=\"http:\/\/www.rosanerosiamonoi.it\/palermocalcio\/2014\/01\/08\/calciomercato-palermo-dell8-gennaio-2014-notizia-in-continuo-aggiornamento\/lazaar\/\" rel=\"attachment wp-att-2050\"><img decoding=\"async\" loading=\"lazy\" class=\"aligncenter size-medium wp-image-2050\" alt=\"lazaar\" src=\"http:\/\/www.rosanerosiamonoi.it\/palermocalcio\/wp-content\/uploads\/2014\/01\/lazaar-520x416.jpg\" width=\"520\" height=\"416\" srcset=\"http:\/\/www.rosanerosiamonoi.it\/palermocalcio\/wp-content\/uploads\/2014\/01\/lazaar-520x416.jpg 520w, http:\/\/www.rosanerosiamonoi.it\/palermocalcio\/wp-content\/uploads\/2014\/01\/lazaar.jpg 600w\" sizes=\"(max-width: 520px) 100vw, 520px\" \/><\/a><\/p>\n<p>&nbsp;<\/p>\n<p style=\"text-align: justify;\">Sembra prendere maggior corpo la candidatura del terzino marocchino\u00a0<strong>Ashraf Lazaar<\/strong> per la corsia di sinistra del Palermo. Lazaar \u00e8 cresciuto nella Primavera del Varese, e come anticipato ieri da noi \u00e8 accostato al Palermo con maggiore \u00a0insistenza dalla stampa sportiva nazionale .<\/p>\n<p style=\"text-align: justify;\">Oggi , infatti, anche \u00a0<strong>Tuttosport<\/strong> che<strong> Corriere dello Sport<\/strong> riportano la notizia del <strong>sorpasso che Lazaar avrebbe operato su Mesbah giocatore che ripetiamo a noi piace molto<\/strong>.<\/p>\n<p style=\"text-align: justify;\">In favore del giocatore del Varese \u00e8 l&#8217;et\u00e0 visto che \u00e8 pi\u00f9 giovane , il fatto che conosce meglio la categoria e fatto non meno importante ha un ingaggio pi\u00f9 basso rispetto al difensore algerino.<\/p>\n<p>E la\u00a0conferma dell&#8217;interesse del Palermo arriva in un&#8217;intervista di <strong>Palermonews.it<\/strong> in cui il ds del Varese,<strong> Mauro Milanese ribadisce\u00a0<\/strong>: <em>\u201cAbbiamo avuto un pour parler con i rosanero, ci hanno chiesto informazioni su Lazaar \u2013 <\/em><strong>conferma il dirigente<\/strong><em> -, ma abbiamo parlato anche con altri club, anche di Serie A, perch\u00e9 \u00e8 un ragazzo che ha mercato.&#8221;<\/em><\/p>\n<p style=\"text-align: justify;\"><em><strong> Se siamo disposti a cederlo?<\/strong> \u00a0&#8211; &#8220;Ci stiamo pensando, &#8211; <\/em>\u00e8 stata la risposta<em>&#8211; perch\u00e9 questa \u00e8 la nostra filosofia: lanciare i giovani e monetizzare. Possibile inserimento di Struna nella trattativa? E\u2019 un buon giocatore, \u00e8 stato con noi l\u2019anno scorso, ma Lazaar \u00e8 un giocatore troppo importante, di sicuro la sua partenza ci indebolirebbe parecchio,\u00a0non pu\u00f2 rientrare negli scambi. Va via solo se arriva un\u2019offerta cash congrua al suo valore\u201d.<\/em><\/p>\n<p style=\"text-align: justify;\">Queste le dichiarazioni di <strong>Lazaar<\/strong> <em>: &#8220;Sono contento che ci siano richieste. Sono felice del lavoro che ho fatto, spero di far bene poi quello che succeder\u00e0 si vedr\u00e0 &#8211; <\/em>ha detto Lazaar ai microfoni di Varesesport.com<em> -. Mi sento pronto per la Serie A anche se bisogna sempre migliorare. L\u00b4importante per me adesso \u00e8 lavorare. Al mercato ci pensa il mio procuratore, io preferisco restare concentrato sul Varese&#8221;.<\/em><\/p>\n<p style=\"text-align: justify;\">Il motivo della virata su Lazaar\u00a0\u00a0\u00e8 anche grazie anche alla<strong> possibilit\u00e0 di essere inserito in lista senza bisogno di effettuare cessioni, essendo un classe &#8217;93.<\/strong> Il Varese ha gi\u00e0 fatto sapere di volere soltanto un conguaglio economico per il calciatore, ma non \u00e8 da escludere un inserimento di contropartite tecniche da parte del Palermo: prima di tutti Struna ma si \u00a0fanno anche i nomi di Sanserverino, Lores, Malele e Bacinovic.<\/p>\n<p style=\"text-align: justify;\">\n","protected":false},"excerpt":{"rendered":"<p>&nbsp; Sembra prendere maggior corpo la candidatura del terzino marocchino\u00a0Ashraf Lazaar per la corsia di sinistra del Palermo. Lazaar \u00e8 cresciuto nella Primavera del Varese, e come anticipato ieri da noi \u00e8 accostato al Palermo con maggiore \u00a0insistenza dalla stampa sportiva nazionale . Oggi , infatti, anche \u00a0Tuttosport che Corriere dello Sport riportano la notizia [&hellip;]<\/p>\n","protected":false},"author":2,"featured_media":2050,"comment_status":"closed","ping_status":"open","sticky":false,"template":"","format":"standard","meta":[],"categories":[1,6],"tags":[224],"_links":{"self":[{"href":"http:\/\/www.rosanerosiamonoi.it\/palermocalcio\/wp-json\/wp\/v2\/posts\/2074"}],"collection":[{"href":"http:\/\/www.rosanerosiamonoi.it\/palermocalcio\/wp-json\/wp\/v2\/posts"}],"about":[{"href":"http:\/\/www.rosanerosiamonoi.it\/palermocalcio\/wp-json\/wp\/v2\/types\/post"}],"author":[{"embeddable":true,"href":"http:\/\/www.rosanerosiamonoi.it\/palermocalcio\/wp-json\/wp\/v2\/users\/2"}],"replies":[{"embeddable":true,"href":"http:\/\/www.rosanerosiamonoi.it\/palermocalcio\/wp-json\/wp\/v2\/comments?post=2074"}],"version-history":[{"count":5,"href":"http:\/\/www.rosanerosiamonoi.it\/palermocalcio\/wp-json\/wp\/v2\/posts\/2074\/revisions"}],"predecessor-version":[{"id":2098,"href":"http:\/\/www.rosanerosiamonoi.it\/palermocalcio\/wp-json\/wp\/v2\/posts\/2074\/revisions\/2098"}],"wp:featuredmedia":[{"embeddable":true,"href":"http:\/\/www.rosanerosiamonoi.it\/palermocalcio\/wp-json\/wp\/v2\/media\/2050"}],"wp:attachment":[{"href":"http:\/\/www.rosanerosiamonoi.it\/palermocalcio\/wp-json\/wp\/v2\/media?parent=2074"}],"wp:term":[{"taxonomy":"category","embeddable":true,"href":"http:\/\/www.rosanerosiamonoi.it\/palermocalcio\/wp-json\/wp\/v2\/categories?post=2074"},{"taxonomy":"post_tag","embeddable":true,"href":"http:\/\/www.rosanerosiamonoi.it\/palermocalcio\/wp-json\/wp\/v2\/tags?post=2074"}],"curies":[{"name":"wp","href":"https:\/\/api.w.org\/{rel}","templated":true}]}}