{"id":2127,"date":"2014-01-11T16:11:39","date_gmt":"2014-01-11T15:11:39","guid":{"rendered":"http:\/\/www.rosanerosiamonoi.it\/palermocalcio\/?p=2127"},"modified":"2014-01-11T16:22:59","modified_gmt":"2014-01-11T15:22:59","slug":"la-fiorentina-su-un-giocatore-del-palermo","status":"publish","type":"post","link":"http:\/\/www.rosanerosiamonoi.it\/palermocalcio\/2014\/01\/11\/la-fiorentina-su-un-giocatore-del-palermo\/","title":{"rendered":"LA FIORENTINA su un giocatore del Palermo"},"content":{"rendered":"<p style=\"text-align: justify;\"><a href=\"http:\/\/www.rosanerosiamonoi.it\/palermocalcio\/2014\/01\/04\/calciomercato-le-ultime-sul-palermo-2\/dybala-palermo-sampdoria\/\" rel=\"attachment wp-att-1951\"><img decoding=\"async\" loading=\"lazy\" class=\"aligncenter size-medium wp-image-1951\" alt=\"Dybala-Palermo-Sampdoria\" src=\"http:\/\/www.rosanerosiamonoi.it\/palermocalcio\/wp-content\/uploads\/2014\/01\/Dybala-Palermo-Sampdoria-520x346.jpg\" width=\"520\" height=\"346\" srcset=\"http:\/\/www.rosanerosiamonoi.it\/palermocalcio\/wp-content\/uploads\/2014\/01\/Dybala-Palermo-Sampdoria-520x346.jpg 520w, http:\/\/www.rosanerosiamonoi.it\/palermocalcio\/wp-content\/uploads\/2014\/01\/Dybala-Palermo-Sampdoria-1024x682.jpg 1024w\" sizes=\"(max-width: 520px) 100vw, 520px\" \/><\/a><\/p>\n<h1 style=\"text-align: center;\"><strong>LA FIORENTINA CI RIPROVA PER DYBALA<\/strong><\/h1>\n<p style=\"text-align: justify;\">La Fiorentina ci riprova . come detto alcuni giorni fa c&#8217;\u00e8 un giocatore rosanero che stuzzica la fantasia dei dirigenti viola \u00e8 quello di <strong>Paulo Dybala<\/strong>. Secondo l\u00b4edizione odierna de <strong>La Gazzetta dello Sport<\/strong>, il club toscano avrebbe proposto al Palermo uno scambio alla pari con l\u00b4attaccante classe \u00b493 <strong>Ante Rebic<\/strong> ma concordiamo sul fatto che il club di Viale del Fante, al momento, avrebbe rifiutato l\u00b4offerta , ma nella Fiorentina ci sono tanti giocatori che invece potrebbero essere interessanti per uno scambio con il Palermo come ad esempio &#8230;<strong>Pizzarro o Roncaglia<\/strong> .<\/p>\n<p style=\"text-align: justify;\"><strong>Certamente la risposta non \u00e8 piaciuta ai viola e cos\u00ec Daniele Prad\u00e8,<\/strong> direttore sportivo della Fiorentina, ai microfoni di Sky <strong>nega l&#8217;interesse per Paulo Dybala<\/strong> del Palermo ed un possibile scambio con Ante Rebic: <em>&#8220;Non ci abbiamo mai pensato, non migliorerebbe il nostro attacco&#8221;.<\/em><\/p>\n","protected":false},"excerpt":{"rendered":"<p>LA FIORENTINA CI RIPROVA PER DYBALA La Fiorentina ci riprova . come detto alcuni giorni fa c&#8217;\u00e8 un giocatore rosanero che stuzzica la fantasia dei dirigenti viola \u00e8 quello di Paulo Dybala. Secondo l\u00b4edizione odierna de La Gazzetta dello Sport, il club toscano avrebbe proposto al Palermo uno scambio alla pari con l\u00b4attaccante classe \u00b493 [&hellip;]<\/p>\n","protected":false},"author":2,"featured_media":1951,"comment_status":"closed","ping_status":"open","sticky":false,"template":"","format":"standard","meta":[],"categories":[1,6],"tags":[50,221,66],"_links":{"self":[{"href":"http:\/\/www.rosanerosiamonoi.it\/palermocalcio\/wp-json\/wp\/v2\/posts\/2127"}],"collection":[{"href":"http:\/\/www.rosanerosiamonoi.it\/palermocalcio\/wp-json\/wp\/v2\/posts"}],"about":[{"href":"http:\/\/www.rosanerosiamonoi.it\/palermocalcio\/wp-json\/wp\/v2\/types\/post"}],"author":[{"embeddable":true,"href":"http:\/\/www.rosanerosiamonoi.it\/palermocalcio\/wp-json\/wp\/v2\/users\/2"}],"replies":[{"embeddable":true,"href":"http:\/\/www.rosanerosiamonoi.it\/palermocalcio\/wp-json\/wp\/v2\/comments?post=2127"}],"version-history":[{"count":3,"href":"http:\/\/www.rosanerosiamonoi.it\/palermocalcio\/wp-json\/wp\/v2\/posts\/2127\/revisions"}],"predecessor-version":[{"id":2130,"href":"http:\/\/www.rosanerosiamonoi.it\/palermocalcio\/wp-json\/wp\/v2\/posts\/2127\/revisions\/2130"}],"wp:featuredmedia":[{"embeddable":true,"href":"http:\/\/www.rosanerosiamonoi.it\/palermocalcio\/wp-json\/wp\/v2\/media\/1951"}],"wp:attachment":[{"href":"http:\/\/www.rosanerosiamonoi.it\/palermocalcio\/wp-json\/wp\/v2\/media?parent=2127"}],"wp:term":[{"taxonomy":"category","embeddable":true,"href":"http:\/\/www.rosanerosiamonoi.it\/palermocalcio\/wp-json\/wp\/v2\/categories?post=2127"},{"taxonomy":"post_tag","embeddable":true,"href":"http:\/\/www.rosanerosiamonoi.it\/palermocalcio\/wp-json\/wp\/v2\/tags?post=2127"}],"curies":[{"name":"wp","href":"https:\/\/api.w.org\/{rel}","templated":true}]}}