{"id":2141,"date":"2014-01-12T14:09:34","date_gmt":"2014-01-12T13:09:34","guid":{"rendered":"http:\/\/www.rosanerosiamonoi.it\/palermocalcio\/?p=2141"},"modified":"2014-01-12T17:52:50","modified_gmt":"2014-01-12T16:52:50","slug":"si-stringe-per-la-fascia-sinistra-accordo-vicino","status":"publish","type":"post","link":"http:\/\/www.rosanerosiamonoi.it\/palermocalcio\/2014\/01\/12\/si-stringe-per-la-fascia-sinistra-accordo-vicino\/","title":{"rendered":"Si stringe per la fascia sinistra &#8230; accordo vicino ?"},"content":{"rendered":"<p style=\"text-align: center;\"><a href=\"http:\/\/www.rosanerosiamonoi.it\/palermocalcio\/2014\/01\/08\/calciomercato-palermo-dell8-gennaio-2014-notizia-in-continuo-aggiornamento\/lazaar\/\" rel=\"attachment wp-att-2050\"><img decoding=\"async\" loading=\"lazy\" class=\"aligncenter size-medium wp-image-2050\" alt=\"lazaar\" src=\"http:\/\/www.rosanerosiamonoi.it\/palermocalcio\/wp-content\/uploads\/2014\/01\/lazaar-520x416.jpg\" width=\"520\" height=\"416\" srcset=\"http:\/\/www.rosanerosiamonoi.it\/palermocalcio\/wp-content\/uploads\/2014\/01\/lazaar-520x416.jpg 520w, http:\/\/www.rosanerosiamonoi.it\/palermocalcio\/wp-content\/uploads\/2014\/01\/lazaar.jpg 600w\" sizes=\"(max-width: 520px) 100vw, 520px\" \/><\/a><\/p>\n<p style=\"text-align: justify;\">Si stringe per l&#8217;esterno sinistro al Palermo &#8230;. nel mirino ancora <strong>Ashafar Lazaar<\/strong> che il Varese sembra abbia liberato per venire a Palermo.<\/p>\n<p style=\"text-align: justify;\">L&#8217;accordo prevede la compropriet\u00e0 del giocatore ed il pagamento di un certa cifra economica pi\u00f9 la cessione di un difensore in forza al Palermo, <strong>Alijaz Struna<\/strong> che la squadra lombarda conosce bene per averlo avuto nelle proprie fila.<\/p>\n<p>Questo hanno scritto di lui :<\/p>\n<p style=\"text-align: justify;\">Nel Varese c\u2019 e un giocatore che si nota piu\u2019 di tutti.<span style=\"line-height: 1.5em;\">Un fenomeno \u201ccon uno straordinario atteggiamento e che gioca con grande umilta\u2019, dimostrando tutta la sua maturita\u2019\u201d. Occhioni neri e carnagione olivastra.<\/span><\/p>\n<p style=\"text-align: justify;\">E\u2019 assolutamente devastante sul campo.<\/p>\n<p style=\"text-align: justify;\">Si chiama\u00a0<strong>Achraf Lazaar<\/strong>, \u00e8 nato a Casablanca, in Marocco ed ha solamente 21 anni.<\/p>\n<p style=\"text-align: justify;\">Secondo quanto riportato da\u00a0<a href=\"ttp:\/\/www.talksport.co.uk\/\">TalkSPORT\u00a0<\/a>\u00a0anche\u00a0l\u2019Arsenal avrebbe mostrato il suo interesse per Achraf Lazaar gia\u2019 dalla scorsa estate, etichettato dai media inglesi come il \u201cnuovo Gareth Bale\u201d.<\/p>\n<p style=\"text-align: justify;\">Ali Barat, agente del 21enne, ha dichiarato: <em>\u201cCi sono molti club europei interessati ad Achraf. In termini di ritmo \u00e8 veramente molto simile a Bale. Penso che potrebbe essere presto un grande giocatore per la Premier League\u201c.<\/em><\/p>\n<p style=\"text-align: justify;\"><strong>Yalla Italia<\/strong> ha voluto porre alcune domande direttamente ad Achraf, per conoscerlo meglio in una intervista di luglio 2013:<\/p>\n<p style=\"text-align: justify;\"><strong>1- Quando sei arrivato in Italia? E quando hai iniziato a giocare nel Varese?<\/strong><\/p>\n<p style=\"text-align: justify;\"><em>&#8220;Sono arrivato in Italia il 10 Giugno del 2003. Me lo ricordo molto bene quel giorno e quella data.I miei genitori sono entrambi marocchini e gran lavoratori. Ho iniziato a giocare nella squadra del Varese calcio circa cinque anni fa.&#8221;<\/em><\/p>\n<p style=\"text-align: justify;\"><strong>2- E\u2019 vero che non hai la cittadinanza italiana ancora? Perche? Ti senti italiano?<\/strong><\/p>\n<p style=\"text-align: justify;\"><em>&#8220;Si \u00e8 vero non ho ancora la cittadinanza italiana. La sto aspettando con ansia, perch\u00e9 sono in Italia da appena 10 anni. Poich\u00e8 sono cresciuto in Italia, mi sento italiano a tutti gli effetti. Ho acquisito la cultura italiana, ora \u00e8 solo una questione burocratica.&#8221;<\/em><\/p>\n<p><strong>3- Pensi che senza la cittadinanza italiana sei penalizzato nel mondo del pallone e nella tua carriera qui in Italia?<\/strong><\/p>\n<p style=\"text-align: justify;\"><em>&#8220;Si sono penalizzato. Anche perche\u2019 molte societa\u2019 italiane hanno un\u00a0<a href=\"http:\/\/www.yallaitalia.it\/2013\/07\/achraf-lazaar-una-stella-marocchina-al-varese\/%20\/\/www.yallaitalia.it\/2013\/06\/non-solo-balotelli-nuovi-italiani-tra-sport-e-integrazione\/\">limite di extracomunitari<\/a>\u00a0per squadra.Quindi molte volte preferiscono giocatori con passaporto europeo.&#8221;<\/em><\/p>\n<p><strong>4- E\u2019 vero che una famosa squadra di Serie A ti vuole?<\/strong><\/p>\n<p style=\"text-align: justify;\"><em>&#8220;Alcune squadre di serie A sono interessate a me, ma \u00e8 ancora presto e non posso dire ancora nulla.La mia decisione e\u2019 stata sempre quella di non muovermi dal Varese e crescere nella Serie B italiana.Ma ora chissa\u2019\u2026 InshallAllah.&#8221;<\/em><\/p>\n<p style=\"text-align: justify;\"><strong>5- Si mormora che stai valutando di giocare nella nazionale Marocchina. Ma il tuo sogno invece \u00e8 che vorresti giocare nella nazionale italiana.Quidi la tua scelta di giocare nella nazionale marocchina e\u2019 solo una questione di cittadinanza?<\/strong><\/p>\n<p style=\"text-align: justify;\"><em>&#8220;Il mio sogno, fin da piccolo, \u00e8 sempre stato di poter giocare per il mio paese di origine,il Marocco, perch\u00e9 sono nato l\u00ec e tutti i miei familiari sono marocchini. Ma, adesso, da grande, mi sento anche italiano e quindi\u2026.&#8221;<\/em><\/p>\n<p style=\"text-align: justify;\"><strong>6- Sei musulmano?\u00a0<\/strong><br \/>\n<em>&#8220;Si sono al 100% musulmano ed orgoglioso di esserlo.Rispetto pienamente le altre religioni.La religione \u00e8 una cosa personale che va rispettata qualunque essa sia.&#8221;<\/em><\/p>\n<p style=\"text-align: justify;\"><strong>7- E\u2019 vero che hai avuto problemi in passato dato volevi far\u00a0<a href=\"http:\/\/www.yallaitalia.it\/2011\/08\/acqua-di-cocco-e-altri-accorgimenti-per-superare-ramadan-e-caldo-torrido\/\">Ramadan<\/a>, ma la tua attuale societa\u2019 non voleva?<\/strong><\/p>\n<p style=\"text-align: justify;\"><em>&#8220;No,non c\u2019\u00e8 stato nessun problema. Abbiamo solamente discusso e siamo riusciti a trovare una soluzione.&#8221;<\/em><\/p>\n<p style=\"text-align: justify;\"><strong>8- In questo momento giochi in una squadra di Serie B. Ma come cittadino ti senti di serie B dato che non hai la cittadinanza italiana?<\/strong><\/p>\n<p style=\"text-align: justify;\"><em>&#8220;Mi sento un normale cittadino di Vedano Olona<\/em>.&#8221;<\/p>\n<p style=\"text-align: justify;\">\n<p style=\"text-align: justify;\"><a href=\"http:\/\/www.rosanerosiamonoi.it\/palermocalcio\/2014\/01\/12\/si-stringe-per-la-fascia-sinistra-accordo-vicino\/milanese-mauro\/\" rel=\"attachment wp-att-2151\"><img decoding=\"async\" loading=\"lazy\" class=\"aligncenter size-full wp-image-2151\" alt=\"milanese mauro\" src=\"http:\/\/www.rosanerosiamonoi.it\/palermocalcio\/wp-content\/uploads\/2014\/01\/milanese-mauro.jpg\" width=\"275\" height=\"183\" \/><\/a><\/p>\n<p style=\"text-align: justify;\">\n<p style=\"text-align: justify;\">Sul giocatore inteviene\u00a0<strong>Mauro Milanese<\/strong>, direttore sportivo del Varese che \u00a0ai microfoni di <strong>Varesesport<\/strong> ha parlato della situazione di mercato di <strong>Achraf Lazaar<\/strong>, esterno mancino finito nel mirino del Palermo:<\/p>\n<p style=\"text-align: justify;\"><em>&#8220;Riguardo a Lazaar ci fa onore che sia richiesto perch\u00e9 lanciare giovani non \u00e8 facile e vuol dire che stiamo lavorando bene. Dispiace sempre che nel momento della massima prestazione i nostri ragazzi possano lasciare la squadra, ma la contropartita economica pu\u00f2 compensare la rinuncia ad un giocatore. <\/em><\/p>\n<p style=\"text-align: justify;\"><em>Alla societ\u00e0 serve lavorare cos\u00ec. Se mi chiedi di Lazaar, ti dico che non si \u00e8 ancora parlato di cifre, ma solo in linea generale. Se non arriver\u00e0 la giusta offerta economica rester\u00e0 altri sei mesi e se continuer\u00e0 a fare bene avr\u00e0 richieste a fine stagione&#8221;.<\/em><\/p>\n","protected":false},"excerpt":{"rendered":"<p>Si stringe per l&#8217;esterno sinistro al Palermo &#8230;. nel mirino ancora Ashafar Lazaar che il Varese sembra abbia liberato per venire a Palermo. L&#8217;accordo prevede la compropriet\u00e0 del giocatore ed il pagamento di un certa cifra economica pi\u00f9 la cessione di un difensore in forza al Palermo, Alijaz Struna che la squadra lombarda conosce bene [&hellip;]<\/p>\n","protected":false},"author":2,"featured_media":2050,"comment_status":"closed","ping_status":"open","sticky":false,"template":"","format":"standard","meta":[],"categories":[1,6],"tags":[224],"_links":{"self":[{"href":"http:\/\/www.rosanerosiamonoi.it\/palermocalcio\/wp-json\/wp\/v2\/posts\/2141"}],"collection":[{"href":"http:\/\/www.rosanerosiamonoi.it\/palermocalcio\/wp-json\/wp\/v2\/posts"}],"about":[{"href":"http:\/\/www.rosanerosiamonoi.it\/palermocalcio\/wp-json\/wp\/v2\/types\/post"}],"author":[{"embeddable":true,"href":"http:\/\/www.rosanerosiamonoi.it\/palermocalcio\/wp-json\/wp\/v2\/users\/2"}],"replies":[{"embeddable":true,"href":"http:\/\/www.rosanerosiamonoi.it\/palermocalcio\/wp-json\/wp\/v2\/comments?post=2141"}],"version-history":[{"count":4,"href":"http:\/\/www.rosanerosiamonoi.it\/palermocalcio\/wp-json\/wp\/v2\/posts\/2141\/revisions"}],"predecessor-version":[{"id":2150,"href":"http:\/\/www.rosanerosiamonoi.it\/palermocalcio\/wp-json\/wp\/v2\/posts\/2141\/revisions\/2150"}],"wp:featuredmedia":[{"embeddable":true,"href":"http:\/\/www.rosanerosiamonoi.it\/palermocalcio\/wp-json\/wp\/v2\/media\/2050"}],"wp:attachment":[{"href":"http:\/\/www.rosanerosiamonoi.it\/palermocalcio\/wp-json\/wp\/v2\/media?parent=2141"}],"wp:term":[{"taxonomy":"category","embeddable":true,"href":"http:\/\/www.rosanerosiamonoi.it\/palermocalcio\/wp-json\/wp\/v2\/categories?post=2141"},{"taxonomy":"post_tag","embeddable":true,"href":"http:\/\/www.rosanerosiamonoi.it\/palermocalcio\/wp-json\/wp\/v2\/tags?post=2141"}],"curies":[{"name":"wp","href":"https:\/\/api.w.org\/{rel}","templated":true}]}}