{"id":2145,"date":"2014-01-12T15:08:40","date_gmt":"2014-01-12T14:08:40","guid":{"rendered":"http:\/\/www.rosanerosiamonoi.it\/palermocalcio\/?p=2145"},"modified":"2014-01-12T15:09:46","modified_gmt":"2014-01-12T14:09:46","slug":"barreto-al-corriere-dello-sport","status":"publish","type":"post","link":"http:\/\/www.rosanerosiamonoi.it\/palermocalcio\/2014\/01\/12\/barreto-al-corriere-dello-sport\/","title":{"rendered":"BARRETO al Corriere dello sport"},"content":{"rendered":"<h1 style=\"text-align: center;\"><a href=\"http:\/\/www.rosanerosiamonoi.it\/palermocalcio\/2014\/01\/12\/barreto-al-corriere-dello-sport\/edgarbarretocittadipalermovaccesenaucti8ugkhv1l\/\" rel=\"attachment wp-att-2146\"><img decoding=\"async\" loading=\"lazy\" class=\"aligncenter size-medium wp-image-2146\" alt=\"Edgar+Barreto+Citta+di+Palermo+v+AC+Cesena+UCTI8Ugkhv1l\" src=\"http:\/\/www.rosanerosiamonoi.it\/palermocalcio\/wp-content\/uploads\/2014\/01\/Edgar+Barreto+Citta+di+Palermo+v+AC+Cesena+UCTI8Ugkhv1l-520x335.jpg\" width=\"520\" height=\"335\" srcset=\"http:\/\/www.rosanerosiamonoi.it\/palermocalcio\/wp-content\/uploads\/2014\/01\/Edgar+Barreto+Citta+di+Palermo+v+AC+Cesena+UCTI8Ugkhv1l-520x335.jpg 520w, http:\/\/www.rosanerosiamonoi.it\/palermocalcio\/wp-content\/uploads\/2014\/01\/Edgar+Barreto+Citta+di+Palermo+v+AC+Cesena+UCTI8Ugkhv1l.jpg 594w\" sizes=\"(max-width: 520px) 100vw, 520px\" \/><\/a><\/h1>\n<h1 style=\"text-align: center;\"><\/h1>\n<h1 style=\"text-align: center;\"><strong>EDGAR BARRETO a 360\u00b0<\/strong><\/h1>\n<p style=\"text-align: justify;\">Adesso ricopre con onore il ruolo di capitano del Palermo ed \u00e8 ben voluto dalla tifoseria rosanero che con lui ritrova entusiasmo dopo la delusione della retrocessione in Serie B, e che ha nel cuore il desiderio di essere sopratutto il capitano della risalita verso la massima serie la Serie A. come avrete capito stiamo parlando di\u00a0<strong>Edgar Barreto che\u00a0<\/strong>, dalle colonne del <strong>Corriere dello Sport<\/strong>, ha fanno un esame della sua avventura in maglia rosanero, ma ha parlato anche della sua vita privata e dei suoi obiettivi.<\/p>\n<p style=\"text-align: justify;\"><b>&#8211; Sul primo posto in classifica ha detto<\/b>: <em>&#8220;Siamo contenti, soprattutto dopo una partenza stentata. Ci vuole una forza particolare per ribaltare la situazione e raggiungere la vetta&#8221;.<\/em><\/p>\n<p style=\"text-align: justify;\"><b>&#8211; <\/b>&#8220;<strong>Importanti i punti di Gattuso?<\/strong><em>\u00a0&#8220;E chi lo nega? Dispiace per Gattuso, sono sicuro che far\u00e0 una carriera da grande, ha la stoffa. Peccato che sia finita cos\u00ec la nostra avventura con lui&#8221;.<\/em><\/p>\n<p style=\"text-align: justify;\"><b>&#8211; L&#8217;importanza della fascia da capitano dopo la retrocessione<\/b>: <em>&#8220;Un periodo amaro per tutti. Sono orgoglioso di portare la fascia. Sono stato capitano dell&#8217;under 20 del Paraguay in un Mondiale, ma esserlo del Palermo \u00e8 motivo di soddisfazione. E&#8217; una responsabilit\u00e0 e credo di ripagare la fiducia&#8221;.\u00a0<\/em><\/p>\n<p style=\"text-align: justify;\"><b>&#8211; Un pensiero di vita privata che vede veramente privata<\/b>: <em>&#8220;Con la moda dei tatuaggi, di Twitter, si vedono tante cose. La gente ha voglia di esibire la vita privata, io non ho neanche i social network. Vivo ai margini di queste cose, non le condivido&#8221;.<\/em><\/p>\n<p style=\"text-align: justify;\"><b>&#8211; I ricordi pi\u00f9 belli in campo ?<\/b>:<em> &#8220;Colantuono lo ringrazio, abbiamo vissuto un anno entusiasmante a Bergamo. Dopo una retrocessione, abbiamo ottenuto subito la promozione. Il ricordo pi\u00f9 bello \u00e8 il secondo posto ai Giochi Olimpici di Atene del 2004, medaglia d&#8217;argento e finale persa con l&#8217;Argentina&#8221;.\u00a0<\/em><\/p>\n<p style=\"text-align: justify;\"><b>&#8211; Quali i ricordi pi\u00f9 belli fuori dal campo ?<\/b>: <em>&#8220;Fuori dal campo, il mio matrimonio con <strong>Rocio<\/strong> e la nascita di mio figlio <strong>Mathias (NDR.<\/strong> un vero terremoto anche di simpatia che talvolta vediamo correre dietro il pallone a bordo campo<strong>)<\/strong>\u00a0<\/em><\/p>\n<p style=\"text-align: justify;\"><em>La casa e il calcio sono due emozioni diverse. L&#8217;amore \u00e8 una cosa meravigliosa e abbiamo un bambino stupendo a cui piace il calcio. Ho il sostegno di una moglie incantevole che mi ha aiutato nei periodi difficili. Lei mi supporta e io la sento vicina. E&#8217; indispensabile&#8221;.<\/em><\/p>\n<p style=\"text-align: justify;\"><b>&#8211; Qual&#8217;\u00e8 il rapporto con la Nazionale Paraguaiana ?<\/b>: <em>&#8220;Impossibile nascondersi. Per carattere cerco di passare inosservato. Quando esco vorrei non essere un vip. E&#8217; la mia natura. Proprio a gennaio, dieci anni fa, sono approdato in Olanda. Contemporaneamente ho vissuto nove anni di nazionale, impegnativi, con tanti viaggi intercontinentali.&#8221;<\/em><\/p>\n<p style=\"text-align: justify;\"><strong>&#8211; Se adesso ho nostalgia?<\/strong><em>\u00a0&#8220;Qualcosa resta. Mi manca il gruppo coeso, eravamo amici. Martino ha fatto bene con la nazionale paraguaiana e in Argentina, un calcio diverso da quello europeo, con qualit\u00e0 inferiore, ma lui punta sull&#8217;intensit\u00e0 e sui ritmi alti. Il passaggio al Barcellona \u00e8 un meritato riconoscimento&#8221;.<\/em><\/p>\n<p style=\"text-align: justify;\"><b>&#8211; Quali sono i suoi idoli ?<\/b>: <em>&#8220;Mi piaceva Davids per il suo modo di essere e la sua grinta, occhiali a parte. Poi, amo le persone che fanno la storia come Nelson Mandela. A sei anni andavo a scuola calcio, la scintilla arriv\u00f2 con <strong>mio fratello, portiere della Nazionale<\/strong> e del Cerro Porte\u00f1o. <strong>Diego ha tre anni pi\u00f9 di me<\/strong>, ha avuto esperienze in Spagna, Argentina e Svizzera, ha giocato con me alle Olimpiadi, \u00e8 ancora portiere della nazionale, ha ricevuto un premio speciale dal Presidente della Repubblica, \u00e8 stato pi\u00f9 volte portiere dell&#8217;anno. Nel calcio \u00e8 sempre difficile affermarsi e bisogna rinunciare a tante cose quando si \u00e8 piccoli, niente uscite con gli amici e solo sacrifici. Lui \u00e8 riservato e pagliaccio, scherza sempre&#8221;.\u00a0<\/em><\/p>\n<p style=\"text-align: justify;\"><b>&#8211; Se volessi descriverti ? quali sono i dati principali del tuo carattere ed i tuoi hobbies ?<\/b>: <em>&#8220;Sono testardo, viziato, perch\u00e9 sono il pi\u00f9 piccolo, cagnaccio come Iachini, <strong>col mister siamo anime gemelle<\/strong>. Consiglio sempre di dare tutto in allenamento, io l&#8217;ho fatto. Amo la famiglia e il tempo libero lo passo con Rocio e Mathias, il mio hobby \u00e8 giocare con mio figlio. Ascolto musica, guardo film. Credo nel lavoro e in Dio. Ripudio la falsit\u00e0 e chi ruba. Quando uno non ha i soldi e vuole far mangiare la sua famiglia, qualcosa da fare, se vuole, la trova&#8221;.<\/em><\/p>\n<p style=\"text-align: justify;\"><b>&#8211; Chi sono i suoi idoli in Paraguay ?<\/b>: <em>&#8220;<strong>Arce<\/strong> \u00e8 stato fonte di ispirazione, aveva un calcio stupendo, era uno specialista. In Paraguay \u00e8 famoso un altro <strong>Arce, Dionisio, non sapevo giocasse nel Palermo (NDR. io ricordo di averlo visto giocare ed era croce e delizia nel Palermo capace di cose strabilianti ed altre un po meno)<\/strong>. Faccio parte di un altro calcio, un&#8217;altra epoca. Con mio fratello ci vedevamo sempre in Nazionale, ora meno. Si \u00e8 infortunato al ginocchio, tra un mese torna. In casa, da piccoli, creavamo la barriera con le sedie o altro e calciavamo le punizioni a giro. Un gioco&#8221;.\u00a0<\/em><\/p>\n<p style=\"text-align: justify;\"><b>&#8211; Cosa pensa della sua prima esperienza europea<\/b>: <em>&#8220;L&#8217;esperienza olandese mi ha aperto le porte dell&#8217;Europa per farmi conoscere, per crescere come giocatore e uomo&#8221;.<\/em><\/p>\n<p style=\"text-align: justify;\"><b>&#8211; Quanto \u00e8 importante l&#8217;opera dell&#8217;allenatore<\/b>: <em>&#8220;Da lui parte tutto, \u00e8 il motore della squadra, d\u00e0 un&#8217;identit\u00e0 al gioco, plasma il gruppo e lo spogliatoio. Se questo feeling non si forma, difficile andare avanti&#8221;.\u00a0<\/em><\/p>\n<p style=\"text-align: justify;\"><b>Com \u00e8 la sua giornata tipo quotidiana ?<\/b>: &#8220;<em>La mia giornata tipo \u00e8: sveglia, con mia moglie porto a scuola il bambino, colazione, si torna a casa o si fa un giro in un centro commerciale, si mangia, vado all&#8217;allenamento, torno alle cinque e mezza-sei e ci si prepara per la cena. Non ho pi\u00f9 sogni perch\u00e9 credo di avere realizzato quasi tutto. Incubi? Le malattie delle persone vicine&#8221;.<\/em><\/p>\n<p style=\"text-align: justify;\"><b>&#8211; Parliamo anche del suo futuro dopo la carriera<\/b>: <em>&#8220;So fare solo questo. Rester\u00f2 nel mondo del pallone. Se non avessi giocato a calcio, di qualcosa avrei dovuto vivere. Mio padre lavorava in una compagnia telefonica&#8221;.\u00a0<\/em><\/p>\n<p style=\"text-align: justify;\"><b>&#8211; Tanti compagni in campo quali sono i migliori che pensa siano stati ?<\/b>: <em>&#8220;I migliori con cui abbia mai giocato sono <strong>Roque Santa Cruz e Salvador Caba\u00f1as,<\/strong> tanti infortuni il primo, una pallottola in testa il secondo&#8221;.<\/em><\/p>\n<p style=\"text-align: justify;\"><b>&#8211; Non pu\u00f2 mancare per concludere l&#8217;intervista la domanda sul suo futuro e la promozione in A col Palermo<\/b>: <em>&#8220;Dipende dal Palermo. Se mi offrono il rinnovo faccio i salti di gioia. Se vado in A &#8211; sono superstizioso, facciamo gli scongiuri &#8211; sono felice, il Palermo \u00e8 una grande societ\u00e0, ha tanta strada davanti. Le 100 partite sono un traguardo successivo&#8221;.<\/em><\/p>\n<p style=\"text-align: justify;\"><strong style=\"line-height: 1.5em;\">Caro Edgar<\/strong><span style=\"line-height: 1.5em;\"> tu sai che noi siamo stati certamente fra quelli, e mi dispiace dirlo, eravamo in pochi all&#8217;inizio, a dire apertamente che quest&#8217;anno questo Palermo con te era una squadra con grandi aspirazioni e senza di te una squadra zoppa ed il campo e tu ci hai avete permesso di dimostrare che ancora una volta avevamo visto giusto ed avevamo ragione &#8230;. <\/span><strong style=\"line-height: 1.5em;\">AndiAmo in serie A ed AndiAmoci per restarci AncorA per tAnto tempo AncorA insieme<\/strong><span style=\"line-height: 1.5em;\"> &#8230;.. e se riesci a marcarlo e fermarlo per un attimo dai \u00a0un bacino affettuoso da parte di uno zio rosanero a Diego &#8230; chi lo sa che non diventi un vero campione anche lui &#8230;&#8230;. Mario.<\/span><\/p>\n","protected":false},"excerpt":{"rendered":"<p>EDGAR BARRETO a 360\u00b0 Adesso ricopre con onore il ruolo di capitano del Palermo ed \u00e8 ben voluto dalla tifoseria rosanero che con lui ritrova entusiasmo dopo la delusione della retrocessione in Serie B, e che ha nel cuore il desiderio di essere sopratutto il capitano della risalita verso la massima serie la Serie A. [&hellip;]<\/p>\n","protected":false},"author":2,"featured_media":2146,"comment_status":"closed","ping_status":"open","sticky":false,"template":"","format":"standard","meta":[],"categories":[1,6],"tags":[40,66],"_links":{"self":[{"href":"http:\/\/www.rosanerosiamonoi.it\/palermocalcio\/wp-json\/wp\/v2\/posts\/2145"}],"collection":[{"href":"http:\/\/www.rosanerosiamonoi.it\/palermocalcio\/wp-json\/wp\/v2\/posts"}],"about":[{"href":"http:\/\/www.rosanerosiamonoi.it\/palermocalcio\/wp-json\/wp\/v2\/types\/post"}],"author":[{"embeddable":true,"href":"http:\/\/www.rosanerosiamonoi.it\/palermocalcio\/wp-json\/wp\/v2\/users\/2"}],"replies":[{"embeddable":true,"href":"http:\/\/www.rosanerosiamonoi.it\/palermocalcio\/wp-json\/wp\/v2\/comments?post=2145"}],"version-history":[{"count":3,"href":"http:\/\/www.rosanerosiamonoi.it\/palermocalcio\/wp-json\/wp\/v2\/posts\/2145\/revisions"}],"predecessor-version":[{"id":2149,"href":"http:\/\/www.rosanerosiamonoi.it\/palermocalcio\/wp-json\/wp\/v2\/posts\/2145\/revisions\/2149"}],"wp:featuredmedia":[{"embeddable":true,"href":"http:\/\/www.rosanerosiamonoi.it\/palermocalcio\/wp-json\/wp\/v2\/media\/2146"}],"wp:attachment":[{"href":"http:\/\/www.rosanerosiamonoi.it\/palermocalcio\/wp-json\/wp\/v2\/media?parent=2145"}],"wp:term":[{"taxonomy":"category","embeddable":true,"href":"http:\/\/www.rosanerosiamonoi.it\/palermocalcio\/wp-json\/wp\/v2\/categories?post=2145"},{"taxonomy":"post_tag","embeddable":true,"href":"http:\/\/www.rosanerosiamonoi.it\/palermocalcio\/wp-json\/wp\/v2\/tags?post=2145"}],"curies":[{"name":"wp","href":"https:\/\/api.w.org\/{rel}","templated":true}]}}