{"id":2165,"date":"2014-01-13T12:29:44","date_gmt":"2014-01-13T11:29:44","guid":{"rendered":"http:\/\/www.rosanerosiamonoi.it\/palermocalcio\/?p=2165"},"modified":"2014-01-13T13:17:43","modified_gmt":"2014-01-13T12:17:43","slug":"perinetti-fallire-sarebbe-imperdonabile","status":"publish","type":"post","link":"http:\/\/www.rosanerosiamonoi.it\/palermocalcio\/2014\/01\/13\/perinetti-fallire-sarebbe-imperdonabile\/","title":{"rendered":"PERINETTI : &#8220;Fallire sarebbe imperdonabile !&#8221;"},"content":{"rendered":"<p style=\"text-align: justify;\"><a href=\"http:\/\/www.rosanerosiamonoi.it\/palermocalcio\/2014\/01\/02\/palermo-campagna-acquisti-arriva-vitiello-e-tutte-le-voci-di-mercato\/perinetti-giorgio\/\" rel=\"attachment wp-att-1856\"><img decoding=\"async\" loading=\"lazy\" class=\"aligncenter size-medium wp-image-1856\" alt=\"perinetti Giorgio\" src=\"http:\/\/www.rosanerosiamonoi.it\/palermocalcio\/wp-content\/uploads\/2014\/01\/perinetti-Giorgio-520x345.jpeg\" width=\"520\" height=\"345\" srcset=\"http:\/\/www.rosanerosiamonoi.it\/palermocalcio\/wp-content\/uploads\/2014\/01\/perinetti-Giorgio-520x345.jpeg 520w, http:\/\/www.rosanerosiamonoi.it\/palermocalcio\/wp-content\/uploads\/2014\/01\/perinetti-Giorgio.jpeg 800w\" sizes=\"(max-width: 520px) 100vw, 520px\" \/><\/a><\/p>\n<h1 style=\"text-align: center;\">PERINETTI: &#8220;FALLIRE SAREBBE IMPERDONABILE&#8221;<\/h1>\n<p style=\"text-align: justify;\"><strong>Giorgio Perinetti<\/strong> , Direttore dell&#8217;Area Tecnica del Palermo al<strong> Giornale di Sicilia<\/strong> dice riguardo alla necessit\u00e0 di rinforzare la squadra con un regista : \u00a0<em>&#8220;Siamo concentrati sul centrocampista centrale. Poi vedremo se ci saranno altre possibilit\u00e0 per altri ruoli. Per il nostro progetto siamo orientati verso calciatori di prospettiva o di qualit\u00e0. Prendere tanto per portare un nuovo giocatore sarebbe offensivo nei riguardi di calciatori che sono primi in classifica&#8221;.<\/em><\/p>\n<p style=\"text-align: justify;\">Stando a quanto riportato da noi fino ad ieri ed oggi anche da Tuttosport, il Palermo \u00e8 sempre pi\u00f9 vicino ad <strong>Enzo Maresca<\/strong>, centrocampista della Sampdoria. Gran colpo &#8230;..<\/p>\n<p style=\"text-align: justify;\"><strong style=\"font-size: 14px; line-height: 1.5em;\">Parla anche dell&#8217;importanza del primo posto in classifica:<\/strong><em style=\"font-size: 14px; line-height: 1.5em;\"> &#8220;Perch\u00e9 difendere la vetta \u00e8 pi\u00f9 difficile che conquistarla. Abbiamo il dovere di vincere il campionato e aver conquistato il primato d\u00e0 ulteriori responsabilit\u00e0. Essere primi comunque ci conforta, perch\u00e9 conferma che le scelte fatte in estate sono state per lo pi\u00f9 azzeccate. L&#8217;organico \u00e8 stato concepito per il 4-2-3-1, ma ha retto al cambiamento portato da Iachini, che ha avuto il merito di infondere pragmatismo e solidit\u00e0 difensiva. Adesso vogliamo supportarlo con nuovi innesti a gennaio&#8221;.<\/em><\/p>\n<p style=\"text-align: justify;\"><strong>Spende parole di elogio per le due sorprese Belotti e Verre :<\/strong><em> &#8220;<strong>Belotti<\/strong> ha stupito per autorit\u00e0 e seriet\u00e0 ha suggellato quello che ci aspettavamo. <strong>Verre<\/strong>, invece, \u00e8 un ragazzo di disponibilit\u00e0 e duttilit\u00e0, il giocatore che ci mancava. Per Belotti baster\u00e0 riscattare la seconda met\u00e0 del cartellino e lo faremo. Per Verre speriamo di avere una corsia preferenziale se Udinese e Roma dovessero decidere di cederlo nuovamente&#8221;.<\/em><\/p>\n<p style=\"text-align: justify;\"><em>\u00a0&#8220;La societ\u00e0 si sta impegnando per non perdere i pezzi migliori, cos\u00ec come aveva promesso. E quando si rifiutano le offerte dall&#8217;Italia e dalla Premier per <strong>Hernandez<\/strong>, dalla Fiorentina per <strong>Dybala<\/strong>, o per <strong>Barreto<\/strong> mi riferisco a questo. Poi proseguiamo per fare dei ritocchi, non certo per rivoluzionare. Tranne <strong>Bacinovic<\/strong>, che mi sembra fuori dal contesto, veramente ci chiedono tutti di restare e questo fa piacere perch\u00e9 hanno capito l&#8217;ambiente in cui si trovano e l&#8217;importanza della piazza&#8221;.<\/em><\/p>\n<p style=\"text-align: justify;\">E registriamo anche le dichiarazioni del Presidente Maurizio Zamparini che\u00a0contattato dalla redazione di <strong>sampdorianews.net<\/strong> ha escluso ogni possibilit\u00e0 di cessione per <strong>Abel Hernandez<\/strong>, ammettendo per\u00f2 l&#8217;interesse per il centrocampista <strong>Enzo Maresca<\/strong>: <em>&#8220;Noi stiamo cercando un centrocampista, \u00e8 vero, ma \u00e8 escluso che Hernandez lasci Palermo, neanche per soldi. Per il centrocampo abbiamo 4-5 nomi che ci interessano e tra questi potrebbe esserci Maresca, visto che abbiamo Bacinovic in uscita&#8221;.<\/em><\/p>\n<p style=\"text-align: justify;\">Come ripetiamo da giorni le due operazioni sono legate &#8230; prima cessione di Bacinovic poi arrivo Maresca, ahim\u00e8 queste sono le regole anche se vorremmo vedere \u00a0il regista doriano gi\u00e0 in maglia rosanero &#8230;.subito.<\/p>\n<p style=\"text-align: justify;\"><em>&#8220;<strong>Per esperienza so che tutti i campionati di B si decidono nelle ultime otto gare<\/strong>. Ma fa piacere, per\u00f2, sentire la voglia dei giocatori di ripartire subito forte. Sono segnali positivi da lanciare, vuol dire che sono consapevoli che non possiamo addormentarci. Ripartire bene sarebbe importante, se pensiamo che nelle prime due gare all&#8217;andata con Modena ed Empoli abbiamo fatto un punto&#8221;.<\/em><\/p>\n<p style=\"text-align: justify;\"><em>\u00a0&#8220;Siamo ancora alla ricerca di una quadratura. Di certo dobbiamo evitare distrazioni, come hanno sottolineato gli stessi giocatori. Mi riferisco ad errori difensivi come quelli contro Lanciano e Latina che ci sono costati punti. Il <strong>Pescara<\/strong> \u00e8 la squadra pi\u00f9 attrezzata per qualit\u00e0 e solidit\u00e0. L<strong>&#8216;Empoli<\/strong>, invece, si sta confermando grazie ai giocatori pi\u00f9 prolifici del campionato, Tavano e Maccarone, e a un collaudato impianto di gioco. Occhio anche all&#8217;entusiasmo di squadre come l&#8217;Avellino. <strong>Ma attenzione, l&#8217;unico pericolo siamo noi. Fallire sarebbe imperdonabile&#8221;.<\/strong><\/em><\/p>\n","protected":false},"excerpt":{"rendered":"<p>PERINETTI: &#8220;FALLIRE SAREBBE IMPERDONABILE&#8221; Giorgio Perinetti , Direttore dell&#8217;Area Tecnica del Palermo al Giornale di Sicilia dice riguardo alla necessit\u00e0 di rinforzare la squadra con un regista : \u00a0&#8220;Siamo concentrati sul centrocampista centrale. Poi vedremo se ci saranno altre possibilit\u00e0 per altri ruoli. Per il nostro progetto siamo orientati verso calciatori di prospettiva o di [&hellip;]<\/p>\n","protected":false},"author":2,"featured_media":1689,"comment_status":"closed","ping_status":"open","sticky":false,"template":"","format":"standard","meta":[],"categories":[1,6],"tags":[53],"_links":{"self":[{"href":"http:\/\/www.rosanerosiamonoi.it\/palermocalcio\/wp-json\/wp\/v2\/posts\/2165"}],"collection":[{"href":"http:\/\/www.rosanerosiamonoi.it\/palermocalcio\/wp-json\/wp\/v2\/posts"}],"about":[{"href":"http:\/\/www.rosanerosiamonoi.it\/palermocalcio\/wp-json\/wp\/v2\/types\/post"}],"author":[{"embeddable":true,"href":"http:\/\/www.rosanerosiamonoi.it\/palermocalcio\/wp-json\/wp\/v2\/users\/2"}],"replies":[{"embeddable":true,"href":"http:\/\/www.rosanerosiamonoi.it\/palermocalcio\/wp-json\/wp\/v2\/comments?post=2165"}],"version-history":[{"count":4,"href":"http:\/\/www.rosanerosiamonoi.it\/palermocalcio\/wp-json\/wp\/v2\/posts\/2165\/revisions"}],"predecessor-version":[{"id":2177,"href":"http:\/\/www.rosanerosiamonoi.it\/palermocalcio\/wp-json\/wp\/v2\/posts\/2165\/revisions\/2177"}],"wp:featuredmedia":[{"embeddable":true,"href":"http:\/\/www.rosanerosiamonoi.it\/palermocalcio\/wp-json\/wp\/v2\/media\/1689"}],"wp:attachment":[{"href":"http:\/\/www.rosanerosiamonoi.it\/palermocalcio\/wp-json\/wp\/v2\/media?parent=2165"}],"wp:term":[{"taxonomy":"category","embeddable":true,"href":"http:\/\/www.rosanerosiamonoi.it\/palermocalcio\/wp-json\/wp\/v2\/categories?post=2165"},{"taxonomy":"post_tag","embeddable":true,"href":"http:\/\/www.rosanerosiamonoi.it\/palermocalcio\/wp-json\/wp\/v2\/tags?post=2165"}],"curies":[{"name":"wp","href":"https:\/\/api.w.org\/{rel}","templated":true}]}}