{"id":2266,"date":"2014-01-21T17:52:37","date_gmt":"2014-01-21T16:52:37","guid":{"rendered":"http:\/\/www.rosanerosiamonoi.it\/palermocalcio\/?p=2266"},"modified":"2014-01-21T17:53:37","modified_gmt":"2014-01-21T16:53:37","slug":"lazaar-ultimo-rinforzo-del-palermo-domani-in-citta","status":"publish","type":"post","link":"http:\/\/www.rosanerosiamonoi.it\/palermocalcio\/2014\/01\/21\/lazaar-ultimo-rinforzo-del-palermo-domani-in-citta\/","title":{"rendered":"LAZAAR ultimo rinforzo del Palermo. Domani in citt\u00e0 se non ci sono intoppi."},"content":{"rendered":"<p style=\"text-align: justify;\"><a href=\"http:\/\/www.rosanerosiamonoi.it\/palermocalcio\/2014\/01\/17\/palermo-e-fatta-per-lazaar-struna-a-varese-ultimi-dettagli\/lazaar-2\/\" rel=\"attachment wp-att-2227\"><img decoding=\"async\" loading=\"lazy\" class=\"aligncenter size-full wp-image-2227\" alt=\"lazaar\" src=\"http:\/\/www.rosanerosiamonoi.it\/palermocalcio\/wp-content\/uploads\/2014\/01\/lazaar1.jpg\" width=\"302\" height=\"167\" \/><\/a><\/p>\n<h1 style=\"text-align: center;\">LAZAAR AL PALERMO<\/h1>\n<p style=\"text-align: justify;\">Come avevamo anticipato nei giorni scorsi dando per certo l&#8217;arrivo del forte terzino marocchino , i dirigenti del Palermo &#8211; secondo quanto raccolto da <strong>Nicol\u00f2 Schira di<i>Tuttob.com<\/i>\u00a0<\/strong>&#8211; in giornata saranno a Milano per ultimare l&#8217;ingaggio di\u00a0<b>Archaaf Lazaar\u00a0<\/b>dal Varese.<\/p>\n<p style=\"text-align: justify;\">Il marocchino arriva in maglia rosanero con la formula della <strong>compartecipazione per circa 900mila euro.<\/strong> In prestito ai lombardi andr\u00e0 <strong>Struna<\/strong>.<\/p>\n<p style=\"text-align: justify;\"><strong>Lazaar<\/strong> gi\u00e0 nella giornata di domani , mercoled\u00ec 22 Gennaio, sar\u00e0 in Sicilia a Palermo per sostenere le visite mediche e iniziare la propria avventura alla corte di Beppe Iachini.<\/p>\n<p style=\"text-align: justify;\">Il suo arrivo completa la fascia sinistra nella quale avevamo il solo Daprel\u00e0 adesso a loro due il compito di conquistare il posto di titolare ed in ogni caso anche in questo ruolo adesso abbiamo un doppione di qualit\u00e0.<\/p>\n<p style=\"text-align: justify;\"><a href=\"http:\/\/www.rosanerosiamonoi.it\/palermocalcio\/2013\/11\/27\/conferenza-stampa-perinetti-direttore-area-tecnica-del-palermo\/giorgio-perinetti-primo-piano\/\" rel=\"attachment wp-att-1689\"><img decoding=\"async\" loading=\"lazy\" class=\"aligncenter size-medium wp-image-1689\" alt=\"Giorgio Perinetti primo piano\" src=\"http:\/\/www.rosanerosiamonoi.it\/palermocalcio\/wp-content\/uploads\/2013\/11\/Giorgio-Perinetti-primo-piano-520x345.jpeg\" width=\"520\" height=\"345\" srcset=\"http:\/\/www.rosanerosiamonoi.it\/palermocalcio\/wp-content\/uploads\/2013\/11\/Giorgio-Perinetti-primo-piano-520x345.jpeg 520w, http:\/\/www.rosanerosiamonoi.it\/palermocalcio\/wp-content\/uploads\/2013\/11\/Giorgio-Perinetti-primo-piano.jpeg 800w\" sizes=\"(max-width: 520px) 100vw, 520px\" \/><\/a><\/p>\n<h2 style=\"text-align: center;\">Perinetti:&#8221;Lista definitiva, ecco il termine&#8221;<\/h2>\n<p style=\"text-align: justify;\">Per fare spazio ai neo-acquisti Vitiello e Maresca, il Palermo non ha l&#8217;urgenza di cedere entro la gara contro il Modena. &#8220;La nuova lista definitiva dovr\u00e0 essere consegnata entro il 5 febbraio, quando i giochi di mercato saranno gi\u00e0 fatti &#8211; ha spiegato attraverso le colonne del &#8216;Giornale di Sicilia&#8217; il responsabile dell&#8217;area tecnica Giorgio Perinetti &#8211; e l&#8217;esperienza mi insegna che per alcune situazioni \u00e8 probabile che le cose si possano sbloccare proprio all&#8217;ultimo giorno di mercato&#8221;.<\/p>\n","protected":false},"excerpt":{"rendered":"<p>LAZAAR AL PALERMO Come avevamo anticipato nei giorni scorsi dando per certo l&#8217;arrivo del forte terzino marocchino , i dirigenti del Palermo &#8211; secondo quanto raccolto da Nicol\u00f2 Schira diTuttob.com\u00a0&#8211; in giornata saranno a Milano per ultimare l&#8217;ingaggio di\u00a0Archaaf Lazaar\u00a0dal Varese. Il marocchino arriva in maglia rosanero con la formula della compartecipazione per circa 900mila [&hellip;]<\/p>\n","protected":false},"author":2,"featured_media":2050,"comment_status":"closed","ping_status":"open","sticky":false,"template":"","format":"standard","meta":[],"categories":[1,6],"tags":[224,66],"_links":{"self":[{"href":"http:\/\/www.rosanerosiamonoi.it\/palermocalcio\/wp-json\/wp\/v2\/posts\/2266"}],"collection":[{"href":"http:\/\/www.rosanerosiamonoi.it\/palermocalcio\/wp-json\/wp\/v2\/posts"}],"about":[{"href":"http:\/\/www.rosanerosiamonoi.it\/palermocalcio\/wp-json\/wp\/v2\/types\/post"}],"author":[{"embeddable":true,"href":"http:\/\/www.rosanerosiamonoi.it\/palermocalcio\/wp-json\/wp\/v2\/users\/2"}],"replies":[{"embeddable":true,"href":"http:\/\/www.rosanerosiamonoi.it\/palermocalcio\/wp-json\/wp\/v2\/comments?post=2266"}],"version-history":[{"count":2,"href":"http:\/\/www.rosanerosiamonoi.it\/palermocalcio\/wp-json\/wp\/v2\/posts\/2266\/revisions"}],"predecessor-version":[{"id":2268,"href":"http:\/\/www.rosanerosiamonoi.it\/palermocalcio\/wp-json\/wp\/v2\/posts\/2266\/revisions\/2268"}],"wp:featuredmedia":[{"embeddable":true,"href":"http:\/\/www.rosanerosiamonoi.it\/palermocalcio\/wp-json\/wp\/v2\/media\/2050"}],"wp:attachment":[{"href":"http:\/\/www.rosanerosiamonoi.it\/palermocalcio\/wp-json\/wp\/v2\/media?parent=2266"}],"wp:term":[{"taxonomy":"category","embeddable":true,"href":"http:\/\/www.rosanerosiamonoi.it\/palermocalcio\/wp-json\/wp\/v2\/categories?post=2266"},{"taxonomy":"post_tag","embeddable":true,"href":"http:\/\/www.rosanerosiamonoi.it\/palermocalcio\/wp-json\/wp\/v2\/tags?post=2266"}],"curies":[{"name":"wp","href":"https:\/\/api.w.org\/{rel}","templated":true}]}}