{"id":2438,"date":"2014-02-25T11:27:01","date_gmt":"2014-02-25T10:27:01","guid":{"rendered":"http:\/\/www.rosanerosiamonoi.it\/palermocalcio\/?p=2438"},"modified":"2014-02-25T11:33:39","modified_gmt":"2014-02-25T10:33:39","slug":"bari-viaggio-a-palermo-problemi-economici-2","status":"publish","type":"post","link":"http:\/\/www.rosanerosiamonoi.it\/palermocalcio\/2014\/02\/25\/bari-viaggio-a-palermo-problemi-economici-2\/","title":{"rendered":"BARI: viaggio a Palermo, non ci sono i soldi."},"content":{"rendered":"<h2><a href=\"http:\/\/www.rosanerosiamonoi.it\/palermocalcio\/2014\/02\/25\/bari-viaggio-a-palermo-problemi-economici\/bari-logo-2\/\" rel=\"attachment wp-att-2434\"><img decoding=\"async\" loading=\"lazy\" class=\"aligncenter\" alt=\"Bari Logo\" src=\"http:\/\/www.rosanerosiamonoi.it\/palermocalcio\/wp-content\/uploads\/2014\/02\/Bari-Logo.jpg\" width=\"300\" height=\"135\" \/><\/a><\/h2>\n<h2><\/h2>\n<h2 style=\"text-align: center;\">BARI: viaggio a Palermo, non ci sono i soldi<\/h2>\n<p style=\"text-align: justify;\">La pesante crisi finanziaria del Bari, che ha portato la societ\u00e0 ad un passo dal dichiarare fallimento, rischia di creare problemi anche alla trasferta che i biancorossi dovranno affrontare per la sfida di sabato prossimo col Palermo.<\/p>\n<p style=\"text-align: justify;\">Come riporta la\u00a0<strong>Gazzetta del Mezzogiorno<\/strong>, bisogner\u00e0 reperire una cifra vicina ai 10 mila euro.<\/p>\n<p style=\"text-align: justify;\">Una cifra che, con ogni probabilit\u00e0, verr\u00e0 stanziata da elementi al di fuori della propriet\u00e0.<\/p>\n<h2><a href=\"http:\/\/www.rosanerosiamonoi.it\/palermocalcio\/2014\/02\/25\/bari-viaggio-a-palermo-problemi-economici\/gianluca-paparesta\/\" rel=\"attachment wp-att-2433\"><br \/>\n<img decoding=\"async\" loading=\"lazy\" class=\"aligncenter\" alt=\"gianluca paparesta\" src=\"http:\/\/www.rosanerosiamonoi.it\/palermocalcio\/wp-content\/uploads\/2014\/02\/gianluca-paparesta.jpg\" width=\"260\" height=\"194\" \/><\/a><\/h2>\n<h2><\/h2>\n<h2 style=\"text-align: center;\">Paparesta: &#8220;Bari, fallimento dopo Palermo&#8221;<\/h2>\n<p style=\"text-align: justify;\"><strong>Gianluca Paparesta<\/strong>, ex club manager del Bari, ed ex arbitro, intervenuto ai microfoni di\u00a0<strong>&#8220;Terzo Tempo&#8221;<\/strong>\u00a0ha parlato della procedura di\u00a0<strong>fallimento che il club pugliese avvier\u00e0 dopo la sfida col Palermo di sabato prossimo 1* Marzo al Renzo Barbera alle ore 15.00:<\/strong><\/p>\n<p style=\"text-align: justify;\"><em>&#8220;Non potr\u00e0 essere fatto gi\u00e0 domani. Piuttosto, dopo la partita di Palermo si dovrebbe avviare la procedura per il fallimento, procedura che certamente dovr\u00e0 essere il pi\u00f9 rapida possibile. Ad Ascoli ci sono voluti 51 giorni in totale, qui si punter\u00e0 ad avere una nuova societ\u00e0 entro maggio&#8221;.<\/em><\/p>\n","protected":false},"excerpt":{"rendered":"<p>BARI: viaggio a Palermo, non ci sono i soldi La pesante crisi finanziaria del Bari, che ha portato la societ\u00e0 ad un passo dal dichiarare fallimento, rischia di creare problemi anche alla trasferta che i biancorossi dovranno affrontare per la sfida di sabato prossimo col Palermo. Come riporta la\u00a0Gazzetta del Mezzogiorno, bisogner\u00e0 reperire una cifra [&hellip;]<\/p>\n","protected":false},"author":2,"featured_media":2434,"comment_status":"closed","ping_status":"open","sticky":false,"template":"","format":"standard","meta":[],"categories":[1,6],"tags":[268],"_links":{"self":[{"href":"http:\/\/www.rosanerosiamonoi.it\/palermocalcio\/wp-json\/wp\/v2\/posts\/2438"}],"collection":[{"href":"http:\/\/www.rosanerosiamonoi.it\/palermocalcio\/wp-json\/wp\/v2\/posts"}],"about":[{"href":"http:\/\/www.rosanerosiamonoi.it\/palermocalcio\/wp-json\/wp\/v2\/types\/post"}],"author":[{"embeddable":true,"href":"http:\/\/www.rosanerosiamonoi.it\/palermocalcio\/wp-json\/wp\/v2\/users\/2"}],"replies":[{"embeddable":true,"href":"http:\/\/www.rosanerosiamonoi.it\/palermocalcio\/wp-json\/wp\/v2\/comments?post=2438"}],"version-history":[{"count":2,"href":"http:\/\/www.rosanerosiamonoi.it\/palermocalcio\/wp-json\/wp\/v2\/posts\/2438\/revisions"}],"predecessor-version":[{"id":2440,"href":"http:\/\/www.rosanerosiamonoi.it\/palermocalcio\/wp-json\/wp\/v2\/posts\/2438\/revisions\/2440"}],"wp:featuredmedia":[{"embeddable":true,"href":"http:\/\/www.rosanerosiamonoi.it\/palermocalcio\/wp-json\/wp\/v2\/media\/2434"}],"wp:attachment":[{"href":"http:\/\/www.rosanerosiamonoi.it\/palermocalcio\/wp-json\/wp\/v2\/media?parent=2438"}],"wp:term":[{"taxonomy":"category","embeddable":true,"href":"http:\/\/www.rosanerosiamonoi.it\/palermocalcio\/wp-json\/wp\/v2\/categories?post=2438"},{"taxonomy":"post_tag","embeddable":true,"href":"http:\/\/www.rosanerosiamonoi.it\/palermocalcio\/wp-json\/wp\/v2\/tags?post=2438"}],"curies":[{"name":"wp","href":"https:\/\/api.w.org\/{rel}","templated":true}]}}