{"id":2581,"date":"2014-03-20T01:05:02","date_gmt":"2014-03-20T00:05:02","guid":{"rendered":"http:\/\/www.rosanerosiamonoi.it\/palermocalcio\/?p=2581"},"modified":"2014-03-20T01:06:55","modified_gmt":"2014-03-20T00:06:55","slug":"palermo-ama-palermo-dal-21-al-23-marzo-a-piazza-politeama","status":"publish","type":"post","link":"http:\/\/www.rosanerosiamonoi.it\/palermocalcio\/2014\/03\/20\/palermo-ama-palermo-dal-21-al-23-marzo-a-piazza-politeama\/","title":{"rendered":"PALERMO AMA PALERMO . Dal 21 al 23 Marzo a Piazza Politeama"},"content":{"rendered":"<p style=\"text-align: justify;\"><iframe loading=\"lazy\" src=\"\/\/www.youtube.com\/embed\/LQiRDGZZzak\" height=\"398\" width=\"530\" allowfullscreen=\"\" frameborder=\"0\"><\/iframe><br \/>\nConferenza stampa per presentare<strong>\u00a0<\/strong>la manifestazione<strong> Palermo ama Palermo<\/strong> che avr\u00e0 luogo a <strong>Piazza Politeama<\/strong> da <strong>venerd\u00ec 21 a domenica 23 Marzo 2014<\/strong>.<\/p>\n<p style=\"text-align: justify;\">Consegnate anche<strong> due maglie del Palermo al condirettore del Giornale di Sicilia, Giovanni Pepi ed all&#8217;inviata di Striscia la notizia , Stefania Petyx ,<\/strong> da parte del <strong>Vice Presidente del Palermo , Guglielmo Miccich\u00e8.<\/strong><\/p>\n<p style=\"text-align: justify;\"><strong>Servizio di Mario Giglio<\/strong><\/p>\n<p><a href=\"http:\/\/www.rosanerosiamonoi.it\/palermocalcio\/2014\/03\/20\/palermo-ama-palermo-dal-21-al-23-marzo-a-piazza-politeama\/palermoamapalermo-2\/\" rel=\"attachment wp-att-2582\"><img decoding=\"async\" loading=\"lazy\" class=\"aligncenter size-medium wp-image-2582\" alt=\"PalermoAmaPalermo-2\" src=\"http:\/\/www.rosanerosiamonoi.it\/palermocalcio\/wp-content\/uploads\/2014\/03\/PalermoAmaPalermo-2-520x229.jpg\" width=\"520\" height=\"229\" srcset=\"http:\/\/www.rosanerosiamonoi.it\/palermocalcio\/wp-content\/uploads\/2014\/03\/PalermoAmaPalermo-2-520x229.jpg 520w, http:\/\/www.rosanerosiamonoi.it\/palermocalcio\/wp-content\/uploads\/2014\/03\/PalermoAmaPalermo-2.jpg 680w\" sizes=\"(max-width: 520px) 100vw, 520px\" \/><\/a><\/p>\n<h2 style=\"text-align: center;\"><strong>PalermoAmaPalermo dal 21 al 23 marzo<\/strong><\/h2>\n<p style=\"text-align: justify;\"><strong>Solidariet\u00e0, medicina umanitaria, attivit\u00e0 culturali, informazione e gioco per i bambini<\/strong> per rafforzare il senso di partecipazione dei cittadini per la citt\u00e0. Si \u00e8 svolta ieri presso <strong>la Sala delle Carrozze di Villa Niscemi<\/strong> la conferenza stampa di presentazione della manifestazione <strong>\u201cPalermo ama Palermo\u201d<\/strong>, che si svolger\u00e0 il 21, 22 e 23 marzo in <strong>piazza Castelnuovo e in piazza Ruggero Settimo<\/strong>. Il <strong>Politeama<\/strong> quindi diventer\u00e0 una cittadella chiusa alle auto, popolata da gazebo trasparenti e box informativi dei principali enti che si occupano di ricerca, prevenzione, salute, medicina, volontariato, solidariet\u00e0, legalit\u00e0, sicurezza del territorio.<\/p>\n<p style=\"text-align: justify;\">La manifestazione \u00e8 organizzata dal <strong>Comune in collaborazione con Arteventi di Stefania Morici<\/strong>, col patrocinio dell&#8217;assessorato Regionale dei Beni Culturale e dell&#8217;Identit\u00e0 Siciliana, dell&#8217;Assessorato Regionale alla Salute, del Rettorato e della Croce Rossa.<\/p>\n<p style=\"text-align: justify;\">\u201cRivolgo il mio sincero apprezzamento \u2013 ha dichiarato il sindaco Leoluca Orlando &#8211; a chi ha ideato quest\u2019iniziativa colorata, espressione delle diverse anime della citt\u00e0, i bambini in primo luogo, le scuole, gli artisti. Ma la mia gratitudine va soprattutto a chi l\u2019ha pensata in una dimensione di impegno civile. I colori della nostra citt\u00e0, insomma, tra i quali, immancabili, <strong>anche il rosa e il nero della Palermo Calcio<\/strong>. <strong>Saranno tre giorni di grande festa<\/strong>, un momento di serenit\u00e0 che ci dar\u00e0, ancora una volta &#8211; ha concluso il Sindaco Orlando &#8211; la possibilit\u00e0 di renderci conto che Palermo \u00e8 migliore di quello che spesso pensiamo sia in realt\u00e0\u201d.<\/p>\n<p style=\"text-align: justify;\">&#8220;Palermo ama Palermo\u201d vedr\u00e0 la presenza di <strong>Guardia di finanza, Polizia di Stato, Carabinieri, Capitaneria di porto, Corpo forestale, Vigili del fuoco; della Croce Rossa Italiana e dell\u2019Universit\u00e0 (Scuole di medicina e Politecnico)<\/strong>: ognuno avr\u00e0 il suo spazio all&#8217;interno di box personalizzati, secondo il progetto di allestimento di Agostino Danilo Reale \u2013 FDR architetti;<strong> box che, in notturna, saranno costantemente illuminati<\/strong> all&#8217;interno con luce led, segnando i confini dell&#8217;intera area che rester\u00e0 cos\u00ec visibile tutta la notte.<\/p>\n<p style=\"text-align: justify;\">Previsto anche <strong>\u201cUn messaggio d&#8217;amore per la tua citt\u00e0\u201d<\/strong>, un angolo aperto a tutti i cittadini che potranno scrivere un <strong>messaggio d&#8217;amore su un \u201cpizzino\u201d<\/strong> e depositarlo in una grande urna trasparente. Alla fine dei tre giorni i foglietti verranno estratti e letti da <strong>Sas\u00e0 Salvaggio<\/strong> e i messaggi d&#8217;amore pi\u00f9 belli verranno premiati dagli sponsor: <strong>Eurospin regaler\u00e0 50 buoni spesa da \u20ac60,00 ciascuno e il Palermo Calcio 10 biglietti per la partita Palermo-Siena<\/strong>. Un vero e proprio inno di speranza, nell\u2019epoca degli sms.<\/p>\n<p style=\"text-align: justify;\"><strong>Il colore e i bambini<\/strong>. Un box per i sogni a colori dei palermitani. Negli spazi di Giotto e Maimeri, tutti potranno partecipare a <strong>\u201cColora la tua citt\u00e0\u201d.<\/strong> Giotto e Maimeri, ancora una volta, impegnati a sostenere le iniziative culturali e sociali di Palermo con l&#8217;unico obiettivo di creare divertimento, socializzazione, cooperazione. Sar\u00e0 allestito un gazebo \u201ca misura di bambino\u201c all\u2019interno del quale, grazie alla collaborazione con Giotto Fila e Maimeri,<strong> \u201cProgresso Bambino\u201d<\/strong> proporr\u00e0 attivit\u00e0 rivolte ai piccoli partecipanti, angoli per colorare, giochi, gare di creativit\u00e0, un laboratorio d\u2019arte in cucina, marionette, musica popolare. Nello stesso spazio a cura dell&#8217;<strong>Anisa (Associazione nazionale insegnanti Storia dell&#8217;arte) \u201cPalermo \u2026 ogni favola \u00e8 un gioco\u201d:<\/strong> lettura di storie fantastiche basate sulle fiabe di Maria Antonietta Spadaro ambientate in luoghi di Palermo.<\/p>\n<p style=\"text-align: justify;\"><strong>GLI SPETTACOLI<\/strong><br \/>\nIn apertura, <strong>venerd\u00ec 21 marzo: concerto della Fanfara dei Carabinieri in piazza Politeama<\/strong>. Un messaggio, quello della musica, per unire i palermitani e le varie etnie che oggi vivono la citt\u00e0.<\/p>\n<p style=\"text-align: justify;\"><strong>Sabato 22 marzo (ore 15,30\/16)<\/strong>:<br \/>\n\u2022 <strong>esibizione dei Vigili del Fuoco<\/strong> -Nucleo S.A.F, Speleo-alpino-fluviale (nucleo specializzato nell&#8217;uso di corde ed imbracature)- che simuler\u00e0 un intervento in quota ed altre manovre con le funi; dopo l&#8217;esibizione sar\u00e0 consentito ai bambini di salire, imbracati, su una scala controventata (alta 15 m., sembrer\u00e0 stare in piedi da sola).<br \/>\n\u2022 <strong>esibizione del Nucleo Cinofilo<\/strong> che simuler\u00e0 la ricerca di materiale infiammabile e la scoperta di una persona rimasta sotto le macerie<br \/>\n\u2022 <strong>esibizione del Coro Polifonico della chiesa ADI di Palermo<\/strong><br \/>\n\u2022 <strong>show di Ivan Fiore<\/strong><br \/>\n\u2022 <strong>diretta di Radio Time da piazza Politeama<\/strong>: i dj racconteranno la piazza e le performance; con loro, giovani artisti si alterneranno ai microfoni.<\/p>\n<p style=\"text-align: justify;\">L\u2019ultima giornata, <strong>23 marzo, domenica, si aprir\u00e0 con la sfilata di auto e moto d&#8217;epoca<\/strong> con modelli che ripercorreranno la storia dei motori, dall&#8217;anteguerra al giorno d&#8217;oggi. Le auto partiranno da piazza Croci e, sfilando per via Libert\u00e0 raggiungeranno piazza Verdi. <strong>Chiuder\u00e0 PalermoAmaPalermo un secondo concerto della Fanfara dei Carabinieri, con la Corale dei Vigili Urbani, sul Palchetto della Musica.<\/strong> Nel pomeriggio <strong>estrazione dei \u201cpizzini\u201d e consegna dei premi.<\/strong> Pizzini e disegni dei bambini verranno in seguito esposti a Palazzo Sant\u2019Elia.<\/p>\n<p style=\"text-align: justify;\">Durante i tre giorni, <strong>Scuola di Cinema Sud e Zagara Studio realizzeranno un video su PalermoAmaPalermo<\/strong> che verr\u00e0 proiettato al Politeama durante il cocktail (ad inviti) di chiusura.<\/p>\n<p style=\"text-align: justify;\">L&#8217;evento \u00e8 stato realizzato grazie al contributo e al supporto di: <strong>Alessi Pubblicit\u00e0 Esterna, Anisa, Associazione Siciliana Veicoli Storici, Banca Nuova, Cattolica Assicurazioni, Circolo Auto e Moto d&#8217;Epoca \u201cVincenzo Florio\u201d, Class Editori, Comunit\u00e0 Evangelica delle Assemblee di Dio in Italia, Corso Legnami, Domini Castellare di Castellina, Eurospin, Feudi del Pisciotto, Elenka, Giax Tower, Gibiauto, Giotto Fila, La Cubana, Maimeri, Morettino, Nino &#8216;u Ballerinu, Officine Artistiche, Palermo Calcio, Progresso Bambino, Radio Time, Rotary, Siamar, Technolux, Unionfarma, Vitaldent, Vm Agency.<\/strong><\/p>\n","protected":false},"excerpt":{"rendered":"<p>Conferenza stampa per presentare\u00a0la manifestazione Palermo ama Palermo che avr\u00e0 luogo a Piazza Politeama da venerd\u00ec 21 a domenica 23 Marzo 2014. Consegnate anche due maglie del Palermo al condirettore del Giornale di Sicilia, Giovanni Pepi ed all&#8217;inviata di Striscia la notizia , Stefania Petyx , da parte del Vice Presidente del Palermo , Guglielmo [&hellip;]<\/p>\n","protected":false},"author":2,"featured_media":2582,"comment_status":"closed","ping_status":"open","sticky":false,"template":"","format":"standard","meta":[],"categories":[1],"tags":[284,66],"_links":{"self":[{"href":"http:\/\/www.rosanerosiamonoi.it\/palermocalcio\/wp-json\/wp\/v2\/posts\/2581"}],"collection":[{"href":"http:\/\/www.rosanerosiamonoi.it\/palermocalcio\/wp-json\/wp\/v2\/posts"}],"about":[{"href":"http:\/\/www.rosanerosiamonoi.it\/palermocalcio\/wp-json\/wp\/v2\/types\/post"}],"author":[{"embeddable":true,"href":"http:\/\/www.rosanerosiamonoi.it\/palermocalcio\/wp-json\/wp\/v2\/users\/2"}],"replies":[{"embeddable":true,"href":"http:\/\/www.rosanerosiamonoi.it\/palermocalcio\/wp-json\/wp\/v2\/comments?post=2581"}],"version-history":[{"count":3,"href":"http:\/\/www.rosanerosiamonoi.it\/palermocalcio\/wp-json\/wp\/v2\/posts\/2581\/revisions"}],"predecessor-version":[{"id":2585,"href":"http:\/\/www.rosanerosiamonoi.it\/palermocalcio\/wp-json\/wp\/v2\/posts\/2581\/revisions\/2585"}],"wp:featuredmedia":[{"embeddable":true,"href":"http:\/\/www.rosanerosiamonoi.it\/palermocalcio\/wp-json\/wp\/v2\/media\/2582"}],"wp:attachment":[{"href":"http:\/\/www.rosanerosiamonoi.it\/palermocalcio\/wp-json\/wp\/v2\/media?parent=2581"}],"wp:term":[{"taxonomy":"category","embeddable":true,"href":"http:\/\/www.rosanerosiamonoi.it\/palermocalcio\/wp-json\/wp\/v2\/categories?post=2581"},{"taxonomy":"post_tag","embeddable":true,"href":"http:\/\/www.rosanerosiamonoi.it\/palermocalcio\/wp-json\/wp\/v2\/tags?post=2581"}],"curies":[{"name":"wp","href":"https:\/\/api.w.org\/{rel}","templated":true}]}}