{"id":2586,"date":"2014-03-20T01:40:20","date_gmt":"2014-03-20T00:40:20","guid":{"rendered":"http:\/\/www.rosanerosiamonoi.it\/palermocalcio\/?p=2586"},"modified":"2014-03-20T01:40:20","modified_gmt":"2014-03-20T00:40:20","slug":"precetto-pasquale-interforze-cattedrale-di-palermo-17-marzo-2014","status":"publish","type":"post","link":"http:\/\/www.rosanerosiamonoi.it\/palermocalcio\/2014\/03\/20\/precetto-pasquale-interforze-cattedrale-di-palermo-17-marzo-2014\/","title":{"rendered":"PRECETTO PASQUALE INTERFORZE &#8211; Cattedrale di Palermo 17 Marzo 2014"},"content":{"rendered":"<p><iframe loading=\"lazy\" width=\"530\" height=\"398\" src=\"\/\/www.youtube.com\/embed\/4vT1FRQc__c\" frameborder=\"0\" allowfullscreen><\/iframe><\/p>\n<p style=\"text-align: justify;\">\n<p style=\"text-align: justify;\">Servizio di <strong>Mario Giglio per www.rosanerosiamonoi.it e Canale 46<\/strong> (canale 94 del digitale terrestre e canale 632) e per l&#8217;<strong>Associazione Nazionale Polizia di Stato di Monreale.<\/strong><\/p>\n<p style=\"text-align: justify;\">La messa officiata<strong> luned\u00ec 17 Marzo 2014 per la Celebrazione Eucaristica INTERFORZE alla Cattedrale di Palermo<\/strong>.<\/p>\n<p style=\"text-align: justify;\">Nella Cattedrale di Palermo, come detto, si \u00e8 tenuta la <strong>Celebrazione Eucaristica Interforze<\/strong> per la preparazione alla Santa Pasqua, presieduta da Sua Eminenza il <strong>Cardinale Paolo Romeo<\/strong> Arcivescovo\u00a0Metropolita di Palermo e concelebrata da Sua Eccellenza <strong>Mons. Santo Marcian\u00f2<\/strong> arcivescovo Ordinario Militare per l&#8217;Italia.<\/p>\n<p style=\"text-align: justify;\">Alla manifestazione sono intervenute tutte le pi\u00f9 alte autorit\u00e0 Civili e Militari della citt\u00e0.<\/p>\n<p style=\"text-align: justify;\">Presente anche una Rappresentanza dell&#8217;<strong>Associazione Nazionale Polizia di Stato di Monreale <\/strong>guidata dal Presidente Santo Gazziano.<\/p>\n","protected":false},"excerpt":{"rendered":"<p>Servizio di Mario Giglio per www.rosanerosiamonoi.it e Canale 46 (canale 94 del digitale terrestre e canale 632) e per l&#8217;Associazione Nazionale Polizia di Stato di Monreale. La messa officiata luned\u00ec 17 Marzo 2014 per la Celebrazione Eucaristica INTERFORZE alla Cattedrale di Palermo. Nella Cattedrale di Palermo, come detto, si \u00e8 tenuta la Celebrazione Eucaristica Interforze [&hellip;]<\/p>\n","protected":false},"author":2,"featured_media":1294,"comment_status":"closed","ping_status":"open","sticky":false,"template":"","format":"standard","meta":[],"categories":[1],"tags":[138,285],"_links":{"self":[{"href":"http:\/\/www.rosanerosiamonoi.it\/palermocalcio\/wp-json\/wp\/v2\/posts\/2586"}],"collection":[{"href":"http:\/\/www.rosanerosiamonoi.it\/palermocalcio\/wp-json\/wp\/v2\/posts"}],"about":[{"href":"http:\/\/www.rosanerosiamonoi.it\/palermocalcio\/wp-json\/wp\/v2\/types\/post"}],"author":[{"embeddable":true,"href":"http:\/\/www.rosanerosiamonoi.it\/palermocalcio\/wp-json\/wp\/v2\/users\/2"}],"replies":[{"embeddable":true,"href":"http:\/\/www.rosanerosiamonoi.it\/palermocalcio\/wp-json\/wp\/v2\/comments?post=2586"}],"version-history":[{"count":1,"href":"http:\/\/www.rosanerosiamonoi.it\/palermocalcio\/wp-json\/wp\/v2\/posts\/2586\/revisions"}],"predecessor-version":[{"id":2587,"href":"http:\/\/www.rosanerosiamonoi.it\/palermocalcio\/wp-json\/wp\/v2\/posts\/2586\/revisions\/2587"}],"wp:featuredmedia":[{"embeddable":true,"href":"http:\/\/www.rosanerosiamonoi.it\/palermocalcio\/wp-json\/wp\/v2\/media\/1294"}],"wp:attachment":[{"href":"http:\/\/www.rosanerosiamonoi.it\/palermocalcio\/wp-json\/wp\/v2\/media?parent=2586"}],"wp:term":[{"taxonomy":"category","embeddable":true,"href":"http:\/\/www.rosanerosiamonoi.it\/palermocalcio\/wp-json\/wp\/v2\/categories?post=2586"},{"taxonomy":"post_tag","embeddable":true,"href":"http:\/\/www.rosanerosiamonoi.it\/palermocalcio\/wp-json\/wp\/v2\/tags?post=2586"}],"curies":[{"name":"wp","href":"https:\/\/api.w.org\/{rel}","templated":true}]}}