{"id":2732,"date":"2014-04-15T16:19:30","date_gmt":"2014-04-15T14:19:30","guid":{"rendered":"http:\/\/www.rosanerosiamonoi.it\/palermocalcio\/?p=2732"},"modified":"2014-04-15T16:21:38","modified_gmt":"2014-04-15T14:21:38","slug":"zamparini-iachini-sapra-trovare-le-motivazioni-giuste-anche-con-la-reggina","status":"publish","type":"post","link":"http:\/\/www.rosanerosiamonoi.it\/palermocalcio\/2014\/04\/15\/zamparini-iachini-sapra-trovare-le-motivazioni-giuste-anche-con-la-reggina\/","title":{"rendered":"Zamparini : &#8220;Iachini sapr\u00e0 trovare le motivazioni giuste anche con la Reggina !&#8221;"},"content":{"rendered":"<p style=\"text-align: justify;\"><strong>Gioved\u00ec sera arriva la Reggina<\/strong> e per il<strong> Palermo<\/strong> \u00e8 l&#8217;occasione per allungare ancora e probabilmente per arrivare a vedere molto ma molto da vicino il traguardo della promozione in serie A.<\/p>\n<p style=\"text-align: center;\"><a href=\"http:\/\/www.rosanerosiamonoi.it\/palermocalcio\/2014\/04\/14\/sapete-chi-spingo-da-qualche-mese-perche-venga-a-vestire-la-maglia-rosanero\/palermo-logo\/\" rel=\"attachment wp-att-2717\"><img decoding=\"async\" loading=\"lazy\" class=\"aligncenter size-thumbnail wp-image-2717\" alt=\"palermo logo\" src=\"http:\/\/www.rosanerosiamonoi.it\/palermocalcio\/wp-content\/uploads\/2014\/04\/palermo-logo-150x150.jpg\" width=\"150\" height=\"150\" srcset=\"http:\/\/www.rosanerosiamonoi.it\/palermocalcio\/wp-content\/uploads\/2014\/04\/palermo-logo-150x150.jpg 150w, http:\/\/www.rosanerosiamonoi.it\/palermocalcio\/wp-content\/uploads\/2014\/04\/palermo-logo-50x50.jpg 50w\" sizes=\"(max-width: 150px) 100vw, 150px\" \/><\/a><\/p>\n<p style=\"text-align: center;\"><a href=\"http:\/\/www.rosanerosiamonoi.it\/palermocalcio\/2014\/04\/14\/sapete-chi-spingo-da-qualche-mese-perche-venga-a-vestire-la-maglia-rosanero\/220px-reggina_calcio-svg-2\/\" rel=\"attachment wp-att-2719\"><img decoding=\"async\" loading=\"lazy\" class=\"aligncenter size-thumbnail wp-image-2719\" alt=\"220px-Reggina_Calcio.svg\" src=\"http:\/\/www.rosanerosiamonoi.it\/palermocalcio\/wp-content\/uploads\/2014\/04\/220px-Reggina_Calcio.svg_1-150x150.png\" width=\"150\" height=\"150\" srcset=\"http:\/\/www.rosanerosiamonoi.it\/palermocalcio\/wp-content\/uploads\/2014\/04\/220px-Reggina_Calcio.svg_1-150x150.png 150w, http:\/\/www.rosanerosiamonoi.it\/palermocalcio\/wp-content\/uploads\/2014\/04\/220px-Reggina_Calcio.svg_1-50x50.png 50w\" sizes=\"(max-width: 150px) 100vw, 150px\" \/><\/a><\/p>\n<p style=\"text-align: justify;\"><span style=\"text-align: justify; line-height: 1.5em;\">I numeri dicono che <\/span><strong style=\"text-align: justify; line-height: 1.5em;\">ci vogliono almeno altri 9 punti ma potrebbero bastarne meno &#8230; diciamo 6<\/strong><span style=\"text-align: justify; line-height: 1.5em;\"> &#8230;quindi 3 con la Reggina e gli altri 3 a Latina che all&#8217;andata ci super\u00f2 per 1-2 e quindi \u00e8 giusto andare a pareggiare i conti e festeggiare la tanto sospirata promozione magari proprio quel giorno e per questo sar\u00f2 l\u00ec a seguire il Palermo perch\u00e8 non voglio perdermi la possibilit\u00e0 di festeggiare insieme ai tifosi che arriveranno da tutta Italia e con la squadra &#8230;. mentre<\/span><strong style=\"text-align: justify; line-height: 1.5em;\"> l&#8217;8 Maggio<\/strong><span style=\"text-align: justify; line-height: 1.5em;\"> dopo lo stop del 1\u00b0 Maggio in diretta <\/span><strong style=\"text-align: justify; line-height: 1.5em;\">faremo una trasmissione che sar\u00e0 una grande festa<\/strong><span style=\"text-align: justify; line-height: 1.5em;\"> &#8230;.. e cos\u00ec fino alla fine del campionato !<\/span><\/p>\n<p style=\"text-align: justify;\"><a href=\"http:\/\/www.rosanerosiamonoi.it\/palermocalcio\/2013\/07\/30\/esclusiva-per-rosanerosiamonoi-zamparini-torneremo-in-serie-a-abbiamo-lallenatore-e-la-squadra-giusta\/zamparini_5062088451\/\" rel=\"attachment wp-att-295\"><img decoding=\"async\" loading=\"lazy\" class=\"aligncenter size-full wp-image-295\" alt=\"zamparini_506208845[1]\" src=\"http:\/\/www.rosanerosiamonoi.it\/palermocalcio\/wp-content\/uploads\/2013\/07\/zamparini_5062088451.jpg\" width=\"680\" height=\"408\" srcset=\"http:\/\/www.rosanerosiamonoi.it\/palermocalcio\/wp-content\/uploads\/2013\/07\/zamparini_5062088451.jpg 680w, http:\/\/www.rosanerosiamonoi.it\/palermocalcio\/wp-content\/uploads\/2013\/07\/zamparini_5062088451-300x180.jpg 300w\" sizes=\"(max-width: 680px) 100vw, 680px\" \/><\/a><\/p>\n<p style=\"text-align: justify;\">Ci siamo appena sentiti con il Presidente , <strong>Maurizio Zamparini<\/strong>, che mi ha detto che sar\u00e0 a Palermo gioved\u00ec per venire a salutare la squadra e per scambiare gli auguri di Buona Pasqua .<\/p>\n<p style=\"text-align: justify;\"><em>&#8220;Non sar\u00e0 una partita facile come tutte quelle con le squadre in bassa classifica ma vedrai che Iachini , che finora \u00e8 stato molto bravo , riuscir\u00e0 a trovare le motivazioni e porter\u00e0 la squadra ad una nuova vittoria !&#8221;<\/em><\/p>\n<p style=\"text-align: justify;\"><a href=\"http:\/\/www.rosanerosiamonoi.it\/palermocalcio\/2014\/04\/15\/zamparini-iachini-sapra-trovare-le-motivazioni-giuste-anche-con-la-reggina\/pippobaudorenatozero\/\" rel=\"attachment wp-att-2733\"><img decoding=\"async\" loading=\"lazy\" class=\"aligncenter size-full wp-image-2733\" alt=\"pippobaudorenatozero\" src=\"http:\/\/www.rosanerosiamonoi.it\/palermocalcio\/wp-content\/uploads\/2014\/04\/pippobaudorenatozero.jpg\" width=\"586\" height=\"330\" srcset=\"http:\/\/www.rosanerosiamonoi.it\/palermocalcio\/wp-content\/uploads\/2014\/04\/pippobaudorenatozero.jpg 586w, http:\/\/www.rosanerosiamonoi.it\/palermocalcio\/wp-content\/uploads\/2014\/04\/pippobaudorenatozero-520x292.jpg 520w\" sizes=\"(max-width: 586px) 100vw, 586px\" \/><\/a><\/p>\n<p style=\"text-align: justify;\">Gli ho detto che in una mia intervista anche <strong>Pippo Baudo<\/strong> riconosce la superiorit\u00e0 del Palermo , il fatto che adesso gioca anche bene e che \u00e8 una corazzata e che \u00e8 felice che nel Palermo pari un bravissimo portiere come <strong>Stefano Sorrentino<\/strong> figlio di quel <strong>Roberto<\/strong> che ha lasciato bei ricordi per la sua bravura e la grande professionalit\u00e0 (per curiosit\u00e0 , ieri mi ha scritto su FB proprio Roberto dicendomi che era onorato che Pippo si fosse ricordato sia di lui che di suo figlio) e che ha avuto ragione quando ha deciso di sostituire <strong>Gattuso con Iachini<\/strong> la persona giusta per tornare subito nella massima serie ma che la vera forza del Palermo \u00e8 proprio lui , il nostro Presidente &#8230;<\/p>\n<p style=\"text-align: justify;\"><em>&#8220;Mi fa veramente piacere sentire queste cose &#8230;. ogni tanto gli apprezzamenti non possono che fare piacere , ringrazialo ! Per quanto riguarda Gattuso &#8230; i fatti sembrano proprio che mi stiano dando ragione &#8220;.<\/em><\/p>\n<p style=\"text-align: center;\"><a href=\"http:\/\/www.rosanerosiamonoi.it\/palermocalcio\/2013\/07\/28\/foto-i-magnifici-quattro\/2013-07-28-19-13-22\/\" rel=\"attachment wp-att-223\"><img decoding=\"async\" loading=\"lazy\" class=\"aligncenter  wp-image-223\" alt=\"2013-07-28 19.13.22\" src=\"http:\/\/www.rosanerosiamonoi.it\/palermocalcio\/wp-content\/uploads\/2013\/07\/2013-07-28-19.13.22-1024x768.jpg\" width=\"717\" height=\"538\" srcset=\"http:\/\/www.rosanerosiamonoi.it\/palermocalcio\/wp-content\/uploads\/2013\/07\/2013-07-28-19.13.22-1024x768.jpg 1024w, http:\/\/www.rosanerosiamonoi.it\/palermocalcio\/wp-content\/uploads\/2013\/07\/2013-07-28-19.13.22-300x225.jpg 300w, http:\/\/www.rosanerosiamonoi.it\/palermocalcio\/wp-content\/uploads\/2013\/07\/2013-07-28-19.13.22.jpg 2048w\" sizes=\"(max-width: 717px) 100vw, 717px\" \/><\/a><\/p>\n<p style=\"text-align: justify;\">Quest&#8217;anno ci siamo visti poco gli facevo notare come il fatto di essere felice di essere andato in ritiro per fare sentire anche il mio affetto alla squadra e la mia convinzione che saremmo tornati subito in A anzi <strong>gli ho ricordato di avere detto in Austria che avremmo vinto con almeno 80 punti \u00a0<\/strong>e che , nei giorni scorsi, quando ho chiesto a Bolzoni se ritenevano di potermi accontentare raggiungendo quel traguardo e farmi fare cos\u00ec come si dice da noi &#8220;Bella figura..&#8221; mi ha risposto che avrebbero fatto di tutto per fare almeno 80 punti &#8230;. <strong>ed avendo inoltre indovinato dalla partita con la Juve Stabia non solo il risultato esatto ma anche il punteggio esatto<\/strong> &#8230;. \u00a0gli ho detto che ero molto contento &#8230; e di essere andato anch&#8217;io a Trapani per sostenere da vicino la squadra &#8230;<\/p>\n<p style=\"text-align: justify;\"><em>&#8220;I molteplici impegni di lavoro , quest&#8217;anno, mi hanno tenuto lontano da Palermo ma questo non vuol dire che sono stato lontano dalla societ\u00e0 o dalla squadra.<\/em><\/p>\n<p style=\"text-align: justify;\"><em>Sono molto contento di come stanno andando le cose, \u00e8 un premio anche per tutti quelli che ci hanno creduto ed ora potranno festeggiare il ritorno del Palermo in Serie A !&#8221;<\/em><\/p>\n<p style=\"text-align: justify;\"><strong>&#8230; e siccome nel cuore siamo rosanero &#8230;. Forza Palermo !!!<\/strong><\/p>\n","protected":false},"excerpt":{"rendered":"<p>Gioved\u00ec sera arriva la Reggina e per il Palermo \u00e8 l&#8217;occasione per allungare ancora e probabilmente per arrivare a vedere molto ma molto da vicino il traguardo della promozione in serie A. I numeri dicono che ci vogliono almeno altri 9 punti ma potrebbero bastarne meno &#8230; diciamo 6 &#8230;quindi 3 con la Reggina e [&hellip;]<\/p>\n","protected":false},"author":2,"featured_media":295,"comment_status":"closed","ping_status":"open","sticky":false,"template":"","format":"standard","meta":[],"categories":[1],"tags":[41],"_links":{"self":[{"href":"http:\/\/www.rosanerosiamonoi.it\/palermocalcio\/wp-json\/wp\/v2\/posts\/2732"}],"collection":[{"href":"http:\/\/www.rosanerosiamonoi.it\/palermocalcio\/wp-json\/wp\/v2\/posts"}],"about":[{"href":"http:\/\/www.rosanerosiamonoi.it\/palermocalcio\/wp-json\/wp\/v2\/types\/post"}],"author":[{"embeddable":true,"href":"http:\/\/www.rosanerosiamonoi.it\/palermocalcio\/wp-json\/wp\/v2\/users\/2"}],"replies":[{"embeddable":true,"href":"http:\/\/www.rosanerosiamonoi.it\/palermocalcio\/wp-json\/wp\/v2\/comments?post=2732"}],"version-history":[{"count":3,"href":"http:\/\/www.rosanerosiamonoi.it\/palermocalcio\/wp-json\/wp\/v2\/posts\/2732\/revisions"}],"predecessor-version":[{"id":2736,"href":"http:\/\/www.rosanerosiamonoi.it\/palermocalcio\/wp-json\/wp\/v2\/posts\/2732\/revisions\/2736"}],"wp:featuredmedia":[{"embeddable":true,"href":"http:\/\/www.rosanerosiamonoi.it\/palermocalcio\/wp-json\/wp\/v2\/media\/295"}],"wp:attachment":[{"href":"http:\/\/www.rosanerosiamonoi.it\/palermocalcio\/wp-json\/wp\/v2\/media?parent=2732"}],"wp:term":[{"taxonomy":"category","embeddable":true,"href":"http:\/\/www.rosanerosiamonoi.it\/palermocalcio\/wp-json\/wp\/v2\/categories?post=2732"},{"taxonomy":"post_tag","embeddable":true,"href":"http:\/\/www.rosanerosiamonoi.it\/palermocalcio\/wp-json\/wp\/v2\/tags?post=2732"}],"curies":[{"name":"wp","href":"https:\/\/api.w.org\/{rel}","templated":true}]}}