{"id":2824,"date":"2014-04-25T18:37:21","date_gmt":"2014-04-25T16:37:21","guid":{"rendered":"http:\/\/www.rosanerosiamonoi.it\/palermocalcio\/?p=2824"},"modified":"2014-04-25T18:39:39","modified_gmt":"2014-04-25T16:39:39","slug":"iachini-niente-regali-da-nessuno-la-serie-a-ce-la-guadagnamo-da-soli","status":"publish","type":"post","link":"http:\/\/www.rosanerosiamonoi.it\/palermocalcio\/2014\/04\/25\/iachini-niente-regali-da-nessuno-la-serie-a-ce-la-guadagnamo-da-soli\/","title":{"rendered":"IACHINI : &#8221; Niente regali da nessuno &#8230; la serie A ce la guadagnamo da soli&#8221;"},"content":{"rendered":"<h2 style=\"text-align: center;\"><strong>Giuseppe Iachini, allenatore del Palermo, oggi in conferenza \u00a0<\/strong><strong>stampa\u00a0<\/strong><strong>ha considerato\u00a0<\/strong><strong>anche la possibilit\u00e0 di ottenere\u00a0<\/strong><strong>la promozione gi\u00e0 a Latina<\/strong><\/h2>\n<p>&nbsp;<\/p>\n<p><a href=\"http:\/\/www.rosanerosiamonoi.it\/palermocalcio\/?attachment_id=2355\" rel=\"attachment wp-att-2355\"><img decoding=\"async\" loading=\"lazy\" class=\"aligncenter size-medium wp-image-2355\" alt=\"Lafferty festeggia gol empoli\" src=\"http:\/\/www.rosanerosiamonoi.it\/palermocalcio\/wp-content\/uploads\/2014\/02\/Lafferty-festeggia-gol-empoli-520x293.jpg\" width=\"520\" height=\"293\" srcset=\"http:\/\/www.rosanerosiamonoi.it\/palermocalcio\/wp-content\/uploads\/2014\/02\/Lafferty-festeggia-gol-empoli-520x293.jpg 520w, http:\/\/www.rosanerosiamonoi.it\/palermocalcio\/wp-content\/uploads\/2014\/02\/Lafferty-festeggia-gol-empoli.jpg 630w\" sizes=\"(max-width: 520px) 100vw, 520px\" \/><\/a><\/p>\n<p>&nbsp;<\/p>\n<p style=\"text-align: justify;\">&#8220;<em>Noi non partiamo con l&#8217;obiettivo di vincere, sarebbe troppo presuntuoso e non solo per il Latina, ma per il nostro percorso. Noi andiamo avanti con le nostre tappe, questa \u00e8 l&#8217;ennesima e deve darci un&#8217;altra prestazione importante sul piano della prestazione, degli atteggiamenti e dell&#8217;applicazione. Ci vuole la partita perfetta contro un avversario organizzato, con giocatori di qualit\u00e0 ed esperienza, in un ambiente che sar\u00e0 caldo. Anche sul piano della personalit\u00e0 voglio verificare una nostra crescita. Non ci aspettiamo regali da Empoli o da chiss\u00e0 chi, la nostra classifica \u00e8 conquistata sul campo col lavoro settimanale. Ce la guadagneremo da soli, non mi interessa se la matematica arriva domani o alla prossima partita.<\/em><\/p>\n<p style=\"text-align: justify;\"><a href=\"http:\/\/www.rosanerosiamonoi.it\/palermocalcio\/2014\/04\/24\/2-giorni-a-latina\/loading-serie-a-2\/\" rel=\"attachment wp-att-2797\"><img decoding=\"async\" loading=\"lazy\" class=\"aligncenter size-medium wp-image-2797\" alt=\"loading serie A\" src=\"http:\/\/www.rosanerosiamonoi.it\/palermocalcio\/wp-content\/uploads\/2014\/04\/loading-serie-A1-520x390.jpg\" width=\"520\" height=\"390\" srcset=\"http:\/\/www.rosanerosiamonoi.it\/palermocalcio\/wp-content\/uploads\/2014\/04\/loading-serie-A1-520x390.jpg 520w, http:\/\/www.rosanerosiamonoi.it\/palermocalcio\/wp-content\/uploads\/2014\/04\/loading-serie-A1.jpg 556w\" sizes=\"(max-width: 520px) 100vw, 520px\" \/><\/a><\/p>\n<p style=\"text-align: justify;\"><em>Siamo molto vicini alla promozione, ma ancora dobbiamo andarcela a conquistare. Quando arriver\u00e0 non dobbiamo cambiare il nostro atteggiamento di una virgola, c&#8217;\u00e8 un percorso da andare a fare e un&#8217;idea di professionalit\u00e0 e attaccamento alla maglia da dimostrare. Dobbiamo ritargliarci ulteriore strada e fare ulteriori punti. Giocando fuori casa e in un campo caldo potremmo inserire un giocatore come Maresca, \u00a0cosa che con la Reggina non \u00e8 stata fatta. Dobbiamo valutare la condizione generale. I ragazzi sanno come interpretare la partita, rispetto allo studio della gara conter\u00e0 anche la condizione.<\/em><\/p>\n<p style=\"text-align: justify;\"><a href=\"http:\/\/www.rosanerosiamonoi.it\/palermocalcio\/2013\/10\/22\/video-siena-palermo-2-3-e-qui-la-festa\/belotti-2-3-siena\/\" rel=\"attachment wp-att-1528\"><img decoding=\"async\" loading=\"lazy\" class=\"aligncenter size-medium wp-image-1528\" alt=\"belotti 2-3 siena\" src=\"http:\/\/www.rosanerosiamonoi.it\/palermocalcio\/wp-content\/uploads\/2013\/10\/belotti-2-3-siena-520x316.jpg\" width=\"520\" height=\"316\" srcset=\"http:\/\/www.rosanerosiamonoi.it\/palermocalcio\/wp-content\/uploads\/2013\/10\/belotti-2-3-siena-520x316.jpg 520w, http:\/\/www.rosanerosiamonoi.it\/palermocalcio\/wp-content\/uploads\/2013\/10\/belotti-2-3-siena.jpg 658w\" sizes=\"(max-width: 520px) 100vw, 520px\" \/><\/a><\/p>\n<p style=\"text-align: justify;\"><em style=\"font-size: 14px; line-height: 1.5em;\">Vedremo nello studio della partita se sar\u00e0 il caso di inserire Vazquez sin da subito o a partita in corso. Valuter\u00f2 con lo staff medico, ma questo non cambia il nostro modo di andare in campo. Belotti ha avuto un infortunio importante per la sua riatletizzazione, \u00a0per questo non \u00e8 mai partito titolare. Adesso dipende dalle situazioni contingenti alla partita, che hanno portato a scegliere attaccanti con altre caratteristiche.<\/em><\/p>\n<p style=\"text-align: justify;\"><a href=\"http:\/\/www.rosanerosiamonoi.it\/palermocalcio\/2014\/04\/25\/iachini-niente-regali-da-nessuno-la-serie-a-ce-la-guadagnamo-da-soli\/tifosi-latina-a-palermo-foto-tratta-dal-sito-facebook-ufficiale-latina_p\/\" rel=\"attachment wp-att-2829\"><img decoding=\"async\" loading=\"lazy\" class=\"aligncenter size-full wp-image-2829\" alt=\"Tifosi-Latina-a-Palermo-foto-tratta-dal-sito-facebook-ufficiale-Latina_p\" src=\"http:\/\/www.rosanerosiamonoi.it\/palermocalcio\/wp-content\/uploads\/2014\/04\/Tifosi-Latina-a-Palermo-foto-tratta-dal-sito-facebook-ufficiale-Latina_p.jpg\" width=\"400\" height=\"266\" \/><\/a><\/p>\n<p style=\"text-align: justify;\"><em>La sconfitta patita all&#8217;andata col Latina fu una partita molto casuale, con due gol derivanti da palle lanciate in area. Due episodi, non rischiammo pi\u00f9 di tanto, ma merito a loro perch\u00e9 hanno capitalizzato le loro occasioni. Noi magari non siamo stati cos\u00ec bravi, ma dobbiamo anche vedere il loro parco attaccanti. Jonathas \u00a0e Ghezzal hanno giocato in serie A, \u00a0Jefferson \u00e8 un altro bravo attaccante, poi c&#8217;\u00e8 anche Paolucci. Al di l\u00e0 delle caratteristiche, hanno anche un&#8217;et\u00e0 che non pu\u00f2 essere paragonata a quella dei nostri. Dybala \u00a0ha 20 anni, cos\u00ec come Belotti. Solo Lafferty ha 25 anni, loro sono pi\u00f9 abituati a giocare con furbizia queste partite. Noi cerchiamo di sopperire all&#8217;inesperienza con la conoscenza.<\/em><\/p>\n<p style=\"text-align: justify;\"><a href=\"http:\/\/www.rosanerosiamonoi.it\/palermocalcio\/2014\/04\/25\/iachini-niente-regali-da-nessuno-la-serie-a-ce-la-guadagnamo-da-soli\/serie-a-in-strada\/\" rel=\"attachment wp-att-2828\"><img decoding=\"async\" loading=\"lazy\" class=\"aligncenter size-full wp-image-2828\" alt=\"serie A in strada\" src=\"http:\/\/www.rosanerosiamonoi.it\/palermocalcio\/wp-content\/uploads\/2014\/04\/serie-A-in-strada.jpg\" width=\"266\" height=\"190\" \/><\/a><\/p>\n<p style=\"text-align: justify;\"><em>Non \u00e8 normale che il Palermo vinca subito la Serie B, basta guardare quanti anni hanno perso il Torino o la Sampdoria &#8230;oppure anche squadre che hanno vinto scudetti come Bologna, Verona e Genoa. In annate cos\u00ec va dato merito ai ragazzi e allo staff, in pochissimi mesi abbiamo ritrovato un percorso giusto. Io la Sampdoria l&#8217;ho portata in A ma con 6 mesi di lavoro. La mia metodologia ha portato risultati, ma come lo faccio io lo fanno anche altri colleghi.<\/em><\/p>\n<p style=\"text-align: justify;\"><a href=\"http:\/\/www.rosanerosiamonoi.it\/palermocalcio\/2013\/07\/30\/esclusiva-per-rosanerosiamonoi-zamparini-torneremo-in-serie-a-abbiamo-lallenatore-e-la-squadra-giusta\/zamparini_5062088451\/\" rel=\"attachment wp-att-295\"><img decoding=\"async\" loading=\"lazy\" class=\"aligncenter size-medium wp-image-295\" alt=\"zamparini_506208845[1]\" src=\"http:\/\/www.rosanerosiamonoi.it\/palermocalcio\/wp-content\/uploads\/2013\/07\/zamparini_5062088451-300x180.jpg\" width=\"300\" height=\"180\" srcset=\"http:\/\/www.rosanerosiamonoi.it\/palermocalcio\/wp-content\/uploads\/2013\/07\/zamparini_5062088451-300x180.jpg 300w, http:\/\/www.rosanerosiamonoi.it\/palermocalcio\/wp-content\/uploads\/2013\/07\/zamparini_5062088451.jpg 680w\" sizes=\"(max-width: 300px) 100vw, 300px\" \/><\/a><\/p>\n<p style=\"text-align: justify;\"><em>Possibilit\u00e0 di aprire un ciclo? Ci sono i presupposti: l&#8217;et\u00e0 media, la crescita, la passione dei tifosi e del nostro pubblico. Si pu\u00f2 costruire qualcosa di interessante, per\u00f2 di queste cose ne parleremo pi\u00f9 tardi. La passione del presidente, al di l\u00e0 di quel che poteva sembrare, \u00e8 sempre carica. Anche troppo a volte. Quando c&#8217;\u00e8 un presidente cos\u00ec \u00e8 di buon auspicio.<\/em><\/p>\n<p style=\"text-align: justify;\"><a href=\"http:\/\/www.rosanerosiamonoi.it\/palermocalcio\/2014\/04\/25\/iachini-niente-regali-da-nessuno-la-serie-a-ce-la-guadagnamo-da-soli\/zamparini-e-contdown-a-zero-traguardo-raggiunto\/\" rel=\"attachment wp-att-2827\"><img decoding=\"async\" loading=\"lazy\" class=\"aligncenter size-medium wp-image-2827\" alt=\"Zamparini e contdown a zero - traguardo raggiunto\" src=\"http:\/\/www.rosanerosiamonoi.it\/palermocalcio\/wp-content\/uploads\/2014\/04\/Zamparini-e-contdown-a-zero-traguardo-raggiunto-520x316.jpg\" width=\"520\" height=\"316\" srcset=\"http:\/\/www.rosanerosiamonoi.it\/palermocalcio\/wp-content\/uploads\/2014\/04\/Zamparini-e-contdown-a-zero-traguardo-raggiunto-520x316.jpg 520w, http:\/\/www.rosanerosiamonoi.it\/palermocalcio\/wp-content\/uploads\/2014\/04\/Zamparini-e-contdown-a-zero-traguardo-raggiunto.jpg 658w\" sizes=\"(max-width: 520px) 100vw, 520px\" \/><\/a><\/p>\n<p style=\"text-align: justify;\"><em>Il mio legame col Presidente Zamparini e con l&#8217;ambiente? La conoscenza con il Presidente e dell&#8217;ambiente da tanti anni, l&#8217;affetto reciproco che gi\u00e0 poteva esserci, tutti questi sono elementi importanti. Io ce l&#8217;ho messa tutta anche da altre parti, ma qui ho potuto ricambiare con chi gi\u00e0 mi conosceva. \u00a0Mi ha dato maggior voglia a mettere pi\u00f9 impegno col Presidente. Il mio destino forse era quello di ripartire nell&#8217;annata pi\u00f9 difficile del Palermo e iniziare un nuovo percorso insieme. Sono belle storie, vanno cavalcate e ci saltiamo sopra con la voglia di fare il meglio.<\/em><\/p>\n<p style=\"text-align: justify;\"><a href=\"http:\/\/www.rosanerosiamonoi.it\/palermocalcio\/2013\/11\/27\/conferenza-stampa-perinetti-direttore-area-tecnica-del-palermo\/giorgio-perinetti-primo-piano\/\" rel=\"attachment wp-att-1689\"><img decoding=\"async\" loading=\"lazy\" class=\"aligncenter size-medium wp-image-1689\" alt=\"Giorgio Perinetti primo piano\" src=\"http:\/\/www.rosanerosiamonoi.it\/palermocalcio\/wp-content\/uploads\/2013\/11\/Giorgio-Perinetti-primo-piano-520x345.jpeg\" width=\"520\" height=\"345\" srcset=\"http:\/\/www.rosanerosiamonoi.it\/palermocalcio\/wp-content\/uploads\/2013\/11\/Giorgio-Perinetti-primo-piano-520x345.jpeg 520w, http:\/\/www.rosanerosiamonoi.it\/palermocalcio\/wp-content\/uploads\/2013\/11\/Giorgio-Perinetti-primo-piano.jpeg 800w\" sizes=\"(max-width: 520px) 100vw, 520px\" \/><\/a><\/p>\n<p style=\"text-align: justify;\"><em>Possibilit\u00e0 di proseguire il lavoro con Perinetti? Io sono un uomo di campo, il resto sono interessi della societ\u00e0. Per\u00f2 non posso non parlare positivamente del mio rapporto col direttore Perinetti, con Budan e con Baccin. Il rapporto \u00e8 ottimo con tutti, ma io sono un allenatore di campo e rispondo solo sulle questioni di campo. Se dovr\u00e0 succedere qualcosa, ne parleranno loro. Il mio ruolo, ovunque sono andato, \u00e8 quello di valorizzare al massimo il parco giocatori. Far incrementare il loro valore e farli rendere, trovando la chiave giusta per ognuno. E&#8217; chiaro che allo stesso tempo, come \u00e8 stato nel mercato di gennaio quando ci sono stati degli indirizzi, anche nel futuro si parler\u00e0 tutti insieme.<\/em><\/p>\n<p style=\"text-align: justify;\"><a href=\"http:\/\/www.rosanerosiamonoi.it\/palermocalcio\/2014\/04\/25\/iachini-niente-regali-da-nessuno-la-serie-a-ce-la-guadagnamo-da-soli\/stadio-pieno\/\" rel=\"attachment wp-att-2826\"><img decoding=\"async\" loading=\"lazy\" class=\"aligncenter size-full wp-image-2826\" alt=\"stadio pieno\" src=\"http:\/\/www.rosanerosiamonoi.it\/palermocalcio\/wp-content\/uploads\/2014\/04\/stadio-pieno.jpg\" width=\"275\" height=\"183\" \/><\/a><\/p>\n<p style=\"text-align: justify;\"><em>E&#8217; mancata la presenza allo Stadio della tifoseria ? Ci si arriver\u00e0, sicuramente. Quando vai in giro per la citt\u00e0 vedi i tifosi che ti salutano e si complimentano. Poi ci sono altri risvolti per lo stadio e per il pubblico. Ai tempi dei Picciotti bastava vincere fuori casa per averne 30000 allo stadio, per\u00f2 negli ultimi anni il presidente Zamparini ha portato qui un palcoscenico importante. Un po&#8217; questo, un po&#8217; il tempo, un po&#8217; per il giocare di sabato, la crisi e i controlli allo stadio, che manca solo che controllino le mutande&#8230; Allora uno si fa questa domanda. Ma la citt\u00e0 ha entusiasmo, arriver\u00e0 anche questo e ci sar\u00e0 il giusto riconoscimento per questi ragazzi.<\/em><\/p>\n<p style=\"text-align: justify;\"><a href=\"http:\/\/www.rosanerosiamonoi.it\/palermocalcio\/2014\/04\/20\/buon-pasqua-e-forza-palermo\/dybala-salutate-la-capolista\/\" rel=\"attachment wp-att-2765\"><img decoding=\"async\" loading=\"lazy\" class=\"aligncenter size-medium wp-image-2765\" alt=\"Dybala salutate la capolista\" src=\"http:\/\/www.rosanerosiamonoi.it\/palermocalcio\/wp-content\/uploads\/2014\/04\/Dybala-salutate-la-capolista-445x520.png\" width=\"445\" height=\"520\" srcset=\"http:\/\/www.rosanerosiamonoi.it\/palermocalcio\/wp-content\/uploads\/2014\/04\/Dybala-salutate-la-capolista-445x520.png 445w, http:\/\/www.rosanerosiamonoi.it\/palermocalcio\/wp-content\/uploads\/2014\/04\/Dybala-salutate-la-capolista.png 600w\" sizes=\"(max-width: 445px) 100vw, 445px\" \/><\/a><\/p>\n<p style=\"text-align: justify;\"><em>Possibilit\u00e0 di battere alcuni record ? Potevo pensarci se avessi iniziato io la stagione. Con tre mesi di ritardo \u00e8 pi\u00f9 difficile. Parliamo sempre di situazioni dove altri colleghi sono partiti il 10 luglio programmando e portando avanti una media punti dalla prima giornata. Noi arriviamo al nostro obiettivo, poi vedremo. Non \u00e8 una nostra priorit\u00e0, ma in virt\u00f9 dei tre mesi di lavoro in meno \u00e8 tutto un percorso diverso.<\/em><\/p>\n<p style=\"text-align: justify;\"><a href=\"http:\/\/www.rosanerosiamonoi.it\/palermocalcio\/2013\/11\/30\/conferenza-stampa-iachini-29-novembre-2013\/beppe-iachini-alla-prima-in-panchina-al-barbera\/\" rel=\"attachment wp-att-1709\"><img decoding=\"async\" loading=\"lazy\" class=\"aligncenter size-full wp-image-1709\" alt=\"Beppe Iachini alla prima in panchina al Barbera\" src=\"http:\/\/www.rosanerosiamonoi.it\/palermocalcio\/wp-content\/uploads\/2013\/11\/Beppe-Iachini-alla-prima-in-panchina-al-Barbera.jpg\" width=\"472\" height=\"264\" \/><\/a><\/p>\n<p style=\"text-align: justify;\"><em>Possibilit\u00e0 di arrivare sulla panchina rosanero gi\u00e0 questa estate? Non sono pentito, c&#8217;erano dei presupposti di serie A ma non \u00e8 mai mancato l&#8217;affetto per la piazza e per il Presidente. Ero stato allertato per andare in A, ma certe chiamate non si sono concretizzate poi. Un collega non \u00e8 andato, ma ci siamo lasciati con stima e affetto. Era un &#8216;no&#8217; professionale, nient&#8217;altro. \u00a0Andando avanti, quando mi richiam\u00f2 il Presidente, mi disse di non rompere le scatole. \u00a0Sapeva che sarebbe arrivata qualche chiamata a breve e mi ha chiesto un aiuto sul piano umano. <strong>\u00a0Io l\u00ec non ho neanche parlato di contratto, era impossibile dire di no<\/strong>. Preferisco lavorare dall&#8217;inizio, so gi\u00e0 che non \u00e8 facile lavorare in corso d&#8217;opera, ma la mia vita professionale gi\u00e0 diceva quello. Il rapporto affettivo col Presidente e la sfida sportiva di andar a rimettere in sesto questa situazione difficile mi hanno convinto. Questa battaglia mi ha rimesso in sesto.<\/em><\/p>\n<p style=\"text-align: justify;\"><a href=\"http:\/\/www.rosanerosiamonoi.it\/palermocalcio\/2014\/04\/24\/2-giorni-a-latina\/latina-palermo-logo\/\" rel=\"attachment wp-att-2796\"><img decoding=\"async\" loading=\"lazy\" class=\"aligncenter size-medium wp-image-2796\" alt=\"Latina-Palermo logo\" src=\"http:\/\/www.rosanerosiamonoi.it\/palermocalcio\/wp-content\/uploads\/2014\/04\/Latina-Palermo-logo-520x192.jpg\" width=\"520\" height=\"192\" srcset=\"http:\/\/www.rosanerosiamonoi.it\/palermocalcio\/wp-content\/uploads\/2014\/04\/Latina-Palermo-logo-520x192.jpg 520w, http:\/\/www.rosanerosiamonoi.it\/palermocalcio\/wp-content\/uploads\/2014\/04\/Latina-Palermo-logo.jpg 851w\" sizes=\"(max-width: 520px) 100vw, 520px\" \/><\/a><\/p>\n<p style=\"text-align: justify;\"><em>Tornando alla partita\u00a0col Latina&#8230;. Al di l\u00e0 dei numeri su difese ed attacchi, noi dobbiamo raggiungere un equilibrio di squadra e dobbiamo essere velenosi e imprevedibili offensivamente, giocando su palle inattive ed inserimenti. Nella fase di non possesso si raggiungono gli equilibri di squadra e questo fino ad ora ci ha portato a raggiungere questi punti. La nostra identit\u00e0 \u00a0e quella del Latina \u00e8 stata gi\u00e0 inquadrata, poi saranno gli episodi a poter far girare la partita. Il percorso non cambierebbe .<\/em><\/p>\n<p style=\"text-align: justify;\"><a href=\"http:\/\/www.rosanerosiamonoi.it\/palermocalcio\/2014\/04\/25\/iachini-niente-regali-da-nessuno-la-serie-a-ce-la-guadagnamo-da-soli\/viviani\/\" rel=\"attachment wp-att-2825\"><img decoding=\"async\" loading=\"lazy\" class=\"aligncenter size-medium wp-image-2825\" alt=\"Viviani\" src=\"http:\/\/www.rosanerosiamonoi.it\/palermocalcio\/wp-content\/uploads\/2014\/04\/Viviani-520x217.jpg\" width=\"520\" height=\"217\" srcset=\"http:\/\/www.rosanerosiamonoi.it\/palermocalcio\/wp-content\/uploads\/2014\/04\/Viviani-520x217.jpg 520w, http:\/\/www.rosanerosiamonoi.it\/palermocalcio\/wp-content\/uploads\/2014\/04\/Viviani.jpg 588w\" sizes=\"(max-width: 520px) 100vw, 520px\" \/><\/a><\/p>\n<p style=\"text-align: justify;\"><em>Che dire di <strong>Federico<\/strong>\u00a0<strong>Viviani<\/strong>, (\u00a0<\/em>ex Roma ed oggi regista del Latina \u00a0finito nelle mire dei rosa nello scorso gennaio<em>) ? Viviani lo tenevamo sotto osservazione perch\u00e9 ha qualit\u00e0 di un certo tipo, ma non solo noi. Non trovava spazio a Pescara e nel centrocampo a tre poteva essere un&#8217;idea giusta. A Latina ha trovato una situazione adatta alle sue caratteristiche. E comunque un giovane interessante, nulla da dire.<\/em><\/p>\n<h2><\/h2>\n<p><a href=\"http:\/\/www.rosanerosiamonoi.it\/palermocalcio\/2014\/04\/20\/buon-pasqua-e-forza-palermo\/correte-scappate-arriva-lo-squadrone-rosanero\/\" rel=\"attachment wp-att-2763\"><img decoding=\"async\" loading=\"lazy\" class=\"aligncenter size-medium wp-image-2763\" alt=\"correte scappate arriva lo squadrone rosanero\" src=\"http:\/\/www.rosanerosiamonoi.it\/palermocalcio\/wp-content\/uploads\/2014\/04\/correte-scappate-arriva-lo-squadrone-rosanero-520x290.jpg\" width=\"520\" height=\"290\" srcset=\"http:\/\/www.rosanerosiamonoi.it\/palermocalcio\/wp-content\/uploads\/2014\/04\/correte-scappate-arriva-lo-squadrone-rosanero-520x290.jpg 520w, http:\/\/www.rosanerosiamonoi.it\/palermocalcio\/wp-content\/uploads\/2014\/04\/correte-scappate-arriva-lo-squadrone-rosanero.jpg 563w\" sizes=\"(max-width: 520px) 100vw, 520px\" \/><\/a><\/p>\n<h2><\/h2>\n<h2 style=\"text-align: center;\">Palermo: ventitr\u00e9 convocati per il Latina<\/h2>\n<p>Sono ventitr\u00e9 i giocatori rosanero convocati dal tecnico <strong>Giuseppe Iachini<\/strong> \u00a0per la sfida di domani contro il Latina ore 15.00.<\/p>\n<p><b>PORTIERI<\/b>: Fulignati, <strong>Sorrentino<\/strong>, Ujkani.<br \/>\n<b>DIFENSORI<\/b>: <strong>Andelkovic<\/strong>, Daprel\u00e0, Lazaar, <strong>Milanovic<\/strong>, Pisano, Terzi, <strong>Vitiello<\/strong>.<br \/>\n<b>CENTROCAMPISTI<\/b>: <strong>Barreto, Bolzoni<\/strong>, Di Gennaro, <strong>Maresca,<\/strong> Ngoyi, <strong>Stevanovic<\/strong>, Troianiello, <strong>Vazquez<\/strong>, Verre.<br \/>\n<b>ATTACCANTI<\/b>: <strong>Belotti,<\/strong> Dybala, Hernandez, <strong>Lafferty<\/strong>.<\/p>\n","protected":false},"excerpt":{"rendered":"<p>Giuseppe Iachini, allenatore del Palermo, oggi in conferenza \u00a0stampa\u00a0ha considerato\u00a0anche la possibilit\u00e0 di ottenere\u00a0la promozione gi\u00e0 a Latina &nbsp; &nbsp; &#8220;Noi non partiamo con l&#8217;obiettivo di vincere, sarebbe troppo presuntuoso e non solo per il Latina, ma per il nostro percorso. Noi andiamo avanti con le nostre tappe, questa \u00e8 l&#8217;ennesima e deve darci un&#8217;altra [&hellip;]<\/p>\n","protected":false},"author":2,"featured_media":2808,"comment_status":"closed","ping_status":"open","sticky":false,"template":"","format":"standard","meta":[],"categories":[43,1],"tags":[141],"_links":{"self":[{"href":"http:\/\/www.rosanerosiamonoi.it\/palermocalcio\/wp-json\/wp\/v2\/posts\/2824"}],"collection":[{"href":"http:\/\/www.rosanerosiamonoi.it\/palermocalcio\/wp-json\/wp\/v2\/posts"}],"about":[{"href":"http:\/\/www.rosanerosiamonoi.it\/palermocalcio\/wp-json\/wp\/v2\/types\/post"}],"author":[{"embeddable":true,"href":"http:\/\/www.rosanerosiamonoi.it\/palermocalcio\/wp-json\/wp\/v2\/users\/2"}],"replies":[{"embeddable":true,"href":"http:\/\/www.rosanerosiamonoi.it\/palermocalcio\/wp-json\/wp\/v2\/comments?post=2824"}],"version-history":[{"count":4,"href":"http:\/\/www.rosanerosiamonoi.it\/palermocalcio\/wp-json\/wp\/v2\/posts\/2824\/revisions"}],"predecessor-version":[{"id":2833,"href":"http:\/\/www.rosanerosiamonoi.it\/palermocalcio\/wp-json\/wp\/v2\/posts\/2824\/revisions\/2833"}],"wp:featuredmedia":[{"embeddable":true,"href":"http:\/\/www.rosanerosiamonoi.it\/palermocalcio\/wp-json\/wp\/v2\/media\/2808"}],"wp:attachment":[{"href":"http:\/\/www.rosanerosiamonoi.it\/palermocalcio\/wp-json\/wp\/v2\/media?parent=2824"}],"wp:term":[{"taxonomy":"category","embeddable":true,"href":"http:\/\/www.rosanerosiamonoi.it\/palermocalcio\/wp-json\/wp\/v2\/categories?post=2824"},{"taxonomy":"post_tag","embeddable":true,"href":"http:\/\/www.rosanerosiamonoi.it\/palermocalcio\/wp-json\/wp\/v2\/tags?post=2824"}],"curies":[{"name":"wp","href":"https:\/\/api.w.org\/{rel}","templated":true}]}}