{"id":2885,"date":"2014-05-02T20:04:37","date_gmt":"2014-05-02T18:04:37","guid":{"rendered":"http:\/\/www.rosanerosiamonoi.it\/palermocalcio\/?p=2885"},"modified":"2014-05-02T20:06:32","modified_gmt":"2014-05-02T18:06:32","slug":"ristoranti-bar-pub-case-aperte-agli-amici-tifosi-tutti-insieme-a-tifare-palermo","status":"publish","type":"post","link":"http:\/\/www.rosanerosiamonoi.it\/palermocalcio\/2014\/05\/02\/ristoranti-bar-pub-case-aperte-agli-amici-tifosi-tutti-insieme-a-tifare-palermo\/","title":{"rendered":"Ristoranti, Bar, pub ,case aperte agli amici tifosi tutti insieme &#8230;.. a tifare Palermo !"},"content":{"rendered":"<p style=\"text-align: justify;\"><a href=\"http:\/\/www.rosanerosiamonoi.it\/palermocalcio\/2014\/05\/02\/ristoranti-bar-pub-case-aperte-agli-amici-tifosi-tutti-insieme-a-tifare-palermo\/1-politeama-festa\/\" rel=\"attachment wp-att-2886\"><img decoding=\"async\" loading=\"lazy\" class=\"aligncenter size-full wp-image-2886\" alt=\"-1 politeama festa\" src=\"http:\/\/www.rosanerosiamonoi.it\/palermocalcio\/wp-content\/uploads\/2014\/05\/1-politeama-festa.jpg\" width=\"479\" height=\"300\" \/><\/a><\/p>\n<p style=\"text-align: justify;\"><strong>Sapete che vi dico ?<\/strong> Che visto che era impraticabile la possibilit\u00e0 di mettere uno schermo gigante per vedere insieme la partita e che il tempo mi dicono come sempre &#8230; (non gioca il Palermo ?) &#8230; tende al peggio &#8230;. ma speriamo di no &#8230;. magari qualche goccia portafortuna durante la partita e poi finito l&#8217;incontro torni il sole &#8230;. ed allora <strong>vorrei rivolgere un appello a tifosi ed a \u00a0tutti gli esercenti, tutti i ristoratori che hanno Sky e dove \u00e8 possibile vedere la partita si mettano a disposizione per ricevere i tifosi<\/strong> che poi magari per farsi compagnia od anche per ricompensare l&#8217;ospitalit\u00e0 magari mangeranno qualcosa l\u00ec o berranno una bibita o prenderanno un caff\u00e8 &#8230;. e cos\u00ec oltre a festeggiare insieme \u00a0aiutiamo pure a passare anche loro una giornata un po migliore &#8230;&#8230;<\/p>\n<p style=\"text-align: justify;\"><a href=\"http:\/\/www.rosanerosiamonoi.it\/palermocalcio\/2014\/05\/02\/ristoranti-bar-pub-case-aperte-agli-amici-tifosi-tutti-insieme-a-tifare-palermo\/locale-con-tv\/\" rel=\"attachment wp-att-2887\"><img decoding=\"async\" loading=\"lazy\" class=\"aligncenter size-medium wp-image-2887\" alt=\"locale con tv\" src=\"http:\/\/www.rosanerosiamonoi.it\/palermocalcio\/wp-content\/uploads\/2014\/05\/locale-con-tv-520x390.jpg\" width=\"520\" height=\"390\" srcset=\"http:\/\/www.rosanerosiamonoi.it\/palermocalcio\/wp-content\/uploads\/2014\/05\/locale-con-tv-520x390.jpg 520w, http:\/\/www.rosanerosiamonoi.it\/palermocalcio\/wp-content\/uploads\/2014\/05\/locale-con-tv.jpg 800w\" sizes=\"(max-width: 520px) 100vw, 520px\" \/><\/a><\/p>\n<p style=\"text-align: justify;\">Quindi, \u00a0in qualsiasi modo, \u00a0cercate di informare la gente dove \u00e8 possibile vedere la partita insieme e<strong> riempiamo i locali palermitani e poi a fine partita &#8230;.. tutti insieme a fare festa &#8230; mi raccomando facciamo festa &#8230;. solo festa &#8230;..<\/strong> ed io sar\u00f2 li con voi con il mio cuore mentre in realt\u00e0 sar\u00f2 a Novara con la squadra &#8230;. tutti a festeggiare questa volta ancora insieme come nell&#8217;invasione pacifica a Roma per la Coppa Italia &#8230;e <strong>questa volta si fa al contrario prima tutti a Piazza Politeama e poi tutti allo Stadio ad aspettare la squadra che rientra e festeggiamoli tutti &#8230; con un caldo caloroso abbraccio di ringraziamento<\/strong> e tutto mi raccomando e lo ripeto nel massimo ordine perch\u00e9 \u00a0si festeggia e quindi deve essere solo un momento di gioia condivisa .<\/p>\n<p style=\"text-align: justify;\"><a href=\"http:\/\/www.rosanerosiamonoi.it\/palermocalcio\/2014\/05\/02\/ristoranti-bar-pub-case-aperte-agli-amici-tifosi-tutti-insieme-a-tifare-palermo\/tifosi-palermo-politeama\/\" rel=\"attachment wp-att-2889\"><img decoding=\"async\" loading=\"lazy\" class=\"aligncenter size-medium wp-image-2889\" alt=\"tifosi-palermo politeama\" src=\"http:\/\/www.rosanerosiamonoi.it\/palermocalcio\/wp-content\/uploads\/2014\/05\/tifosi-palermo-politeama-520x338.png\" width=\"520\" height=\"338\" srcset=\"http:\/\/www.rosanerosiamonoi.it\/palermocalcio\/wp-content\/uploads\/2014\/05\/tifosi-palermo-politeama-520x338.png 520w, http:\/\/www.rosanerosiamonoi.it\/palermocalcio\/wp-content\/uploads\/2014\/05\/tifosi-palermo-politeama.png 627w\" sizes=\"(max-width: 520px) 100vw, 520px\" \/><\/a><\/p>\n<p style=\"text-align: justify;\">Organizzatevi in questo modo e vedrete poi che <strong>sar\u00e0 bellissimo quando arriverete da ogni parte di Palermo al Politeama<\/strong> e vedrete come finalmente sarete in tanti &#8230;. compresi quelli che quest&#8217;anno allo stadio pur potendo non sono mai venuti e quando chiuderanno i negozi tutti quelli che al contrario , dovendo lavorare non sono potuti venire &#8230;. per questa sera non vadano a casa &#8230; c&#8217;\u00e8 tempo e vadano a festeggiare finalmente anche loro &#8230;.. perch\u00e9 il tormento \u00e8 finito&#8230;. si torna giocare di domenica &#8230;..<\/p>\n<p style=\"text-align: justify;\"><a href=\"http:\/\/www.rosanerosiamonoi.it\/palermocalcio\/2014\/05\/02\/ristoranti-bar-pub-case-aperte-agli-amici-tifosi-tutti-insieme-a-tifare-palermo\/serie-a-bandiera\/\" rel=\"attachment wp-att-2890\"><img decoding=\"async\" loading=\"lazy\" class=\"aligncenter size-full wp-image-2890\" alt=\"serie a bandiera\" src=\"http:\/\/www.rosanerosiamonoi.it\/palermocalcio\/wp-content\/uploads\/2014\/05\/serie-a-bandiera.jpg\" width=\"300\" height=\"201\" \/><\/a><\/p>\n<p style=\"text-align: justify;\"><strong>Ed il Palermo con grande generosit\u00e0 per non lasciare la massima serie senza rappresentanza siciliana, cos\u00ec , torna subito in Serie A<\/strong> al di la di tutti i detrattori &#8230; ancora sento nelle mie orecchie <em>&#8221; ma quando mai &#8230;non ci vogliono andare in serie A ..ci resteremo tutta la vita &#8230; &#8220;<\/em> e poi sono sicuro che sono quelli che non sono mai venuti allo Stadio quest&#8217;anno e domani magari ve li trovate accanto a festeggiare magari delusi del fallimento nelle coppe della Juventus &#8230;.<\/p>\n<p style=\"text-align: justify;\"><a href=\"http:\/\/www.rosanerosiamonoi.it\/palermocalcio\/2014\/05\/02\/ristoranti-bar-pub-case-aperte-agli-amici-tifosi-tutti-insieme-a-tifare-palermo\/catania-b\/\" rel=\"attachment wp-att-2899\"><img decoding=\"async\" loading=\"lazy\" class=\"aligncenter size-medium wp-image-2899\" alt=\"catania b\" src=\"http:\/\/www.rosanerosiamonoi.it\/palermocalcio\/wp-content\/uploads\/2014\/05\/catania-b-520x309.jpg\" width=\"520\" height=\"309\" srcset=\"http:\/\/www.rosanerosiamonoi.it\/palermocalcio\/wp-content\/uploads\/2014\/05\/catania-b-520x309.jpg 520w, http:\/\/www.rosanerosiamonoi.it\/palermocalcio\/wp-content\/uploads\/2014\/05\/catania-b.jpg 673w\" sizes=\"(max-width: 520px) 100vw, 520px\" \/><\/a><\/p>\n<p style=\"text-align: justify;\"><strong>Lasciamo cos\u00ec generosamente il nostro posto in serie B<\/strong> &#8230;. ad i nostri cugini catanesi ai quali lo scorso anno avevo suggerito di conservarle tutte <strong>quelle belle B<\/strong> perch\u00e9 quest&#8217;anno gli sarebbero servite sicuramente bastava aggiungere .<strong>.&#8221; e quest&#8217;anno ci siamo andati noi !!!&#8221;\u00a0<\/strong><\/p>\n<p style=\"text-align: justify;\">Dice un saggio proverbio<strong><em> &#8220;Chi di spada ferisce &#8230;di spada perisce !!!&#8221;<\/em><\/strong><\/p>\n<p style=\"text-align: justify;\"><a href=\"http:\/\/www.rosanerosiamonoi.it\/palermocalcio\/2014\/04\/25\/iachini-niente-regali-da-nessuno-la-serie-a-ce-la-guadagnamo-da-soli\/zamparini-e-contdown-a-zero-traguardo-raggiunto\/\" rel=\"attachment wp-att-2827\"><img decoding=\"async\" loading=\"lazy\" class=\"aligncenter size-medium wp-image-2827\" alt=\"Zamparini e contdown a zero - traguardo raggiunto\" src=\"http:\/\/www.rosanerosiamonoi.it\/palermocalcio\/wp-content\/uploads\/2014\/04\/Zamparini-e-contdown-a-zero-traguardo-raggiunto-520x316.jpg\" width=\"520\" height=\"316\" srcset=\"http:\/\/www.rosanerosiamonoi.it\/palermocalcio\/wp-content\/uploads\/2014\/04\/Zamparini-e-contdown-a-zero-traguardo-raggiunto-520x316.jpg 520w, http:\/\/www.rosanerosiamonoi.it\/palermocalcio\/wp-content\/uploads\/2014\/04\/Zamparini-e-contdown-a-zero-traguardo-raggiunto.jpg 658w\" sizes=\"(max-width: 520px) 100vw, 520px\" \/><\/a><\/p>\n<p style=\"text-align: justify;\"><strong>Spero proprio che seguite tutti questo mio suggerimento &#8230; e cos\u00ec quando il display segner\u00e0 che il conteggio all&#8217;indietro \u00a0\u00e8 finito e che siamo anche matematicamente in Serie A che \u00a0sia una vera festa dislocata in tutte le parti della citt\u00e0 con un&#8217;unico boato alla fine della partita che si alza verso il cielo da tutti i quartieri della nostra bella e tormentata Palermo nel cui cuore per\u00f2 pulsa forte il suo cuore rosanero.<\/strong><\/p>\n<p style=\"text-align: justify;\"><a href=\"http:\/\/www.rosanerosiamonoi.it\/palermocalcio\/2014\/05\/02\/ristoranti-bar-pub-case-aperte-agli-amici-tifosi-tutti-insieme-a-tifare-palermo\/cuore-rosanero\/\" rel=\"attachment wp-att-2900\"><img decoding=\"async\" loading=\"lazy\" class=\"aligncenter size-medium wp-image-2900\" alt=\"cuore rosanero\" src=\"http:\/\/www.rosanerosiamonoi.it\/palermocalcio\/wp-content\/uploads\/2014\/05\/cuore-rosanero-520x170.jpg\" width=\"520\" height=\"170\" srcset=\"http:\/\/www.rosanerosiamonoi.it\/palermocalcio\/wp-content\/uploads\/2014\/05\/cuore-rosanero-520x170.jpg 520w, http:\/\/www.rosanerosiamonoi.it\/palermocalcio\/wp-content\/uploads\/2014\/05\/cuore-rosanero.jpg 960w\" sizes=\"(max-width: 520px) 100vw, 520px\" \/><\/a><\/p>\n<p style=\"text-align: justify;\">Ed allora come quando chiudo le mie trasmissioni in tv <strong>\u00a0&#8221; &#8230;.e siccome nel cuore sono rosanero &#8230; FORZA PALERMO !!!&#8221; <\/strong><\/p>\n<p style=\"text-align: justify;\"><strong>\u00a0<\/strong><\/p>\n<p style=\"text-align: justify;\"><a href=\"http:\/\/www.rosanerosiamonoi.it\/palermocalcio\/2014\/05\/02\/ristoranti-bar-pub-case-aperte-agli-amici-tifosi-tutti-insieme-a-tifare-palermo\/rosanerosiamonoi-logo\/\" rel=\"attachment wp-att-2901\"><img decoding=\"async\" loading=\"lazy\" class=\"aligncenter size-medium wp-image-2901\" alt=\"rosanerosiamonoi logo\" src=\"http:\/\/www.rosanerosiamonoi.it\/palermocalcio\/wp-content\/uploads\/2014\/05\/rosanerosiamonoi-logo-520x122.gif\" width=\"520\" height=\"122\" \/><\/a><\/p>\n<p style=\"text-align: justify;\">\n<p style=\"text-align: justify;\">\n<p style=\"text-align: justify;\"><strong>&#8230;.. e si dia inizio alle Feste fino alla fine del Campionato e che sia una Festa continua &#8230;&#8230;<\/strong><\/p>\n<p style=\"text-align: justify;\">\n<p style=\"text-align: justify;\"><a href=\"http:\/\/www.rosanerosiamonoi.it\/palermocalcio\/2014\/04\/25\/1-e-domani-tutti-a-latina-a-tifare-palermo-partiamo-subito-a-razzo\/baciamo-le-mani-rosanero\/\" rel=\"attachment wp-att-2810\"><img decoding=\"async\" loading=\"lazy\" class=\"aligncenter size-medium wp-image-2810\" alt=\"baciamo le mani rosanero\" src=\"http:\/\/www.rosanerosiamonoi.it\/palermocalcio\/wp-content\/uploads\/2014\/04\/baciamo-le-mani-rosanero-520x390.jpg\" width=\"520\" height=\"390\" srcset=\"http:\/\/www.rosanerosiamonoi.it\/palermocalcio\/wp-content\/uploads\/2014\/04\/baciamo-le-mani-rosanero-520x390.jpg 520w, http:\/\/www.rosanerosiamonoi.it\/palermocalcio\/wp-content\/uploads\/2014\/04\/baciamo-le-mani-rosanero.jpg 720w\" sizes=\"(max-width: 520px) 100vw, 520px\" \/><\/a><\/p>\n","protected":false},"excerpt":{"rendered":"<p>Sapete che vi dico ? Che visto che era impraticabile la possibilit\u00e0 di mettere uno schermo gigante per vedere insieme la partita e che il tempo mi dicono come sempre &#8230; (non gioca il Palermo ?) &#8230; tende al peggio &#8230;. ma speriamo di no &#8230;. magari qualche goccia portafortuna durante la partita e poi [&hellip;]<\/p>\n","protected":false},"author":2,"featured_media":2888,"comment_status":"closed","ping_status":"open","sticky":false,"template":"","format":"standard","meta":[],"categories":[1],"tags":[332],"_links":{"self":[{"href":"http:\/\/www.rosanerosiamonoi.it\/palermocalcio\/wp-json\/wp\/v2\/posts\/2885"}],"collection":[{"href":"http:\/\/www.rosanerosiamonoi.it\/palermocalcio\/wp-json\/wp\/v2\/posts"}],"about":[{"href":"http:\/\/www.rosanerosiamonoi.it\/palermocalcio\/wp-json\/wp\/v2\/types\/post"}],"author":[{"embeddable":true,"href":"http:\/\/www.rosanerosiamonoi.it\/palermocalcio\/wp-json\/wp\/v2\/users\/2"}],"replies":[{"embeddable":true,"href":"http:\/\/www.rosanerosiamonoi.it\/palermocalcio\/wp-json\/wp\/v2\/comments?post=2885"}],"version-history":[{"count":3,"href":"http:\/\/www.rosanerosiamonoi.it\/palermocalcio\/wp-json\/wp\/v2\/posts\/2885\/revisions"}],"predecessor-version":[{"id":2905,"href":"http:\/\/www.rosanerosiamonoi.it\/palermocalcio\/wp-json\/wp\/v2\/posts\/2885\/revisions\/2905"}],"wp:featuredmedia":[{"embeddable":true,"href":"http:\/\/www.rosanerosiamonoi.it\/palermocalcio\/wp-json\/wp\/v2\/media\/2888"}],"wp:attachment":[{"href":"http:\/\/www.rosanerosiamonoi.it\/palermocalcio\/wp-json\/wp\/v2\/media?parent=2885"}],"wp:term":[{"taxonomy":"category","embeddable":true,"href":"http:\/\/www.rosanerosiamonoi.it\/palermocalcio\/wp-json\/wp\/v2\/categories?post=2885"},{"taxonomy":"post_tag","embeddable":true,"href":"http:\/\/www.rosanerosiamonoi.it\/palermocalcio\/wp-json\/wp\/v2\/tags?post=2885"}],"curies":[{"name":"wp","href":"https:\/\/api.w.org\/{rel}","templated":true}]}}