{"id":3045,"date":"2014-06-01T17:18:28","date_gmt":"2014-06-01T15:18:28","guid":{"rendered":"http:\/\/www.rosanerosiamonoi.it\/palermocalcio\/?p=3045"},"modified":"2014-06-01T19:58:04","modified_gmt":"2014-06-01T17:58:04","slug":"giorgio-perinetti-lascia-il-palermo-arrivederci-a-presto","status":"publish","type":"post","link":"http:\/\/www.rosanerosiamonoi.it\/palermocalcio\/2014\/06\/01\/giorgio-perinetti-lascia-il-palermo-arrivederci-a-presto\/","title":{"rendered":"Giorgio Perinetti lascia il Palermo. Arrivederci a presto!"},"content":{"rendered":"<p style=\"text-align: justify;\"><strong>E&#8217; arrivato ufficialmente<\/strong> <strong>il momento non dell&#8217;addio ma<\/strong>\u00a0, come spero e mi auguro come gi\u00e0 successe lo scorso anno,\u00a0<strong>il momento dell&#8217;arrivederci .<\/strong><\/p>\n<p style=\"text-align: justify;\"><a href=\"http:\/\/www.rosanerosiamonoi.it\/palermocalcio\/2013\/11\/27\/conferenza-stampa-perinetti-direttore-area-tecnica-del-palermo\/giorgio-perinetti-primo-piano\/\" rel=\"attachment wp-att-1689\"><img decoding=\"async\" loading=\"lazy\" class=\"aligncenter size-medium wp-image-1689\" alt=\"Giorgio Perinetti primo piano\" src=\"http:\/\/www.rosanerosiamonoi.it\/palermocalcio\/wp-content\/uploads\/2013\/11\/Giorgio-Perinetti-primo-piano-520x345.jpeg\" width=\"520\" height=\"345\" srcset=\"http:\/\/www.rosanerosiamonoi.it\/palermocalcio\/wp-content\/uploads\/2013\/11\/Giorgio-Perinetti-primo-piano-520x345.jpeg 520w, http:\/\/www.rosanerosiamonoi.it\/palermocalcio\/wp-content\/uploads\/2013\/11\/Giorgio-Perinetti-primo-piano.jpeg 800w\" sizes=\"(max-width: 520px) 100vw, 520px\" \/><\/a><\/p>\n<p style=\"text-align: justify;\">Giustamente come successe con l&#8217;arrivo di Lo Monaco il buon Giorgio preferisce fare un passo indietro per evitare confusione di ruoli e che si creino situazioni che portino poi veramente ad una rottura definitiva e non \u00e8 nel suo stile &#8230;<strong> a lui dobbiamo solo dire sempre grazie<\/strong> , infatti nelle promozioni del Palermo in serie A c&#8217;\u00e8 sempre il suo zampino, e quest&#8217;anno \u00e8 stato preziosissimo nel sapere rimettere a posto un organico nato per Gattuso e finito poi nelle mani preziose di Beppe Iachini, \u00a0anche lui voluto fortemente con il nostro Presidente da Giorgio, per rilanciare il Palermo . come \u00e8 stato, verso la serie A.<\/p>\n<p style=\"text-align: justify;\"><strong>Alla fine della festa dopo la partita con il Crotone tutti hanno notato che non siete stati ringraziati ne tu, \u00a0ne il Presidente<\/strong> ma poco importa perch\u00e8 ti confesso che al contrario a me sono arrivati tantissimi messaggi ed e-mail di persone che di questo ne erano dispiaciute e che mi chiedevano di dirtelo ed io lo faccio pubblicamente <em>&#8220;Grazie Giorgio per tutto quello che hai fatto e che spero in un prossimo futuro saprai ancora fare per i nostri colori rosanero&#8230;.. e Grazie anche a Maurizio che come mi aveva detto <\/em><em>\u00a0mentre eravamo al ritiro in Austria<\/em>&#8221; stai tranquillo che in ogni modo il Palermo quest&#8217;anno torna in serie A ! &#8220;<\/p>\n<p style=\"text-align: justify;\"><em><\/em>&#8230;. e cos\u00ec \u00e8 stato anzi di pi\u00f9 perch\u00e8 \u00e8 stato il Palermo non solo della promozione ma anche il Palermo dei record &#8230;.. volendo guardare il pelo nell&#8217;uovo solo il Modena \u00e8 stato pi\u00f9 prolifico di noi e se le ultime partite come succede a tutti non ci fossimo fermati ed in campo fossero andati Lafferty e Belotti avremmo superato anche i canarini &#8230;.. ma \u00e8 una sottigliezza &#8230; Campionato starordinario !!!<\/p>\n<p style=\"text-align: justify;\">Poi Giorgio \u00e8 stato bravo non solo nel comprare ma sopratutto nel cedere almeno 70 giocatori in busta paga al Palermo inutili e forse questa \u00e8 la cosa pi\u00f9 difficile di tutte da fare e lui lo ha saputo fare egregiamente.<\/p>\n<p style=\"text-align: justify;\"><a href=\"http:\/\/www.rosanerosiamonoi.it\/palermocalcio\/2014\/01\/02\/palermo-campagna-acquisti-arriva-vitiello-e-tutte-le-voci-di-mercato\/perinetti-giorgio\/\" rel=\"attachment wp-att-1856\"><img decoding=\"async\" loading=\"lazy\" class=\"aligncenter size-medium wp-image-1856\" alt=\"perinetti Giorgio\" src=\"http:\/\/www.rosanerosiamonoi.it\/palermocalcio\/wp-content\/uploads\/2014\/01\/perinetti-Giorgio-520x345.jpeg\" width=\"520\" height=\"345\" srcset=\"http:\/\/www.rosanerosiamonoi.it\/palermocalcio\/wp-content\/uploads\/2014\/01\/perinetti-Giorgio-520x345.jpeg 520w, http:\/\/www.rosanerosiamonoi.it\/palermocalcio\/wp-content\/uploads\/2014\/01\/perinetti-Giorgio.jpeg 800w\" sizes=\"(max-width: 520px) 100vw, 520px\" \/><\/a><\/p>\n<p style=\"text-align: justify;\"><strong style=\"line-height: 1.5em;\">Giorgio Perinetti<\/strong><span style=\"line-height: 1.5em;\">\u00a0ha parlato a<\/span><strong style=\"line-height: 1.5em;\"> SerieBnews<\/strong><span style=\"line-height: 1.5em;\"> nel giorno dell\u2019ufficialit\u00e0 del suo addio al Palermo.\u00a0<\/span><em style=\"line-height: 1.5em;\">\u201cAbbiamo riportato il Palermo dove era doveroso che fosse \u2013 <\/em><span style=\"line-height: 1.5em;\">ha dichiarato Perinetti<\/span><em style=\"line-height: 1.5em;\"> -.<\/em><em style=\"line-height: 1.5em;\">Tutto questo grazie all\u2019impegno di Zamparini, alla caparbiet\u00e0 di Iachini ed all\u2019abnegazione di un gruppo di calciatori fantastici, degni del grande popolo rosanero. Il mio futuro? Ancora non so\u2026\u201d<\/em><span style=\"line-height: 1.5em;\">.<\/span><\/p>\n<div>\n<div style=\"text-align: left;\" align=\"center\"><span style=\"line-height: 1.5em;\">Intervistato dal Tg Regione Sicilia, l\u2019ormai ex direttore dell\u2019area tecnica del Palermo Giorgio Perinetti ha parlato del suo addio al club di viale del Fante.<\/span><\/div>\n<\/div>\n<p><em>\u201cHo lavorato con Ceravolo, gli auguro di fare bene a Palermo, <strong>vado via da Palermo ma non posso essere esonerato da tifoso<\/strong> \u2013 ha detto Perinetti -. Non \u00e8 questione di incompatibilit\u00e0. <\/em><\/p>\n<p><em>Ognuno ha dei programmi ed \u00e8 giusto che tra il mio e quello di Zamparini vada avanti quello di Zamparini\u201d<\/em><\/p>\n<p style=\"text-align: justify;\">\n<p style=\"text-align: justify;\"><a href=\"http:\/\/www.rosanerosiamonoi.it\/palermocalcio\/2014\/06\/01\/giorgio-perinetti-lascia-il-palermo-arrivederci-a-presto\/zamparini_perinetti\/\" rel=\"attachment wp-att-3046\"><img decoding=\"async\" loading=\"lazy\" class=\"aligncenter size-medium wp-image-3046\" alt=\"Zamparini_Perinetti\" src=\"http:\/\/www.rosanerosiamonoi.it\/palermocalcio\/wp-content\/uploads\/2014\/06\/Zamparini_Perinetti-520x260.jpg\" width=\"520\" height=\"260\" srcset=\"http:\/\/www.rosanerosiamonoi.it\/palermocalcio\/wp-content\/uploads\/2014\/06\/Zamparini_Perinetti-520x260.jpg 520w, http:\/\/www.rosanerosiamonoi.it\/palermocalcio\/wp-content\/uploads\/2014\/06\/Zamparini_Perinetti.jpg 600w\" sizes=\"(max-width: 520px) 100vw, 520px\" \/><\/a><\/p>\n<p style=\"text-align: justify;\">Ah &#8230;. dimenticavo ecco il comunicato ufficiale .<\/p>\n<p style=\"text-align: justify;\"><em>\u201cNell\u2019ottica di una ristrutturazione aziendale, la Societ\u00e0 comunica che il contratto del Responsabile dell\u2019Area Tecnica Giorgio Perinetti non verr\u00e0 rinnovato\u201d<\/em>. Lo ha reso noto il sito ufficiale del Palermo.<\/p>\n<p><span style=\"line-height: 1.5em;\">Arrivederci a presto Giorgio !<\/span><\/p>\n<p>&nbsp;<\/p>\n<p><a href=\"http:\/\/www.rosanerosiamonoi.it\/palermocalcio\/2014\/03\/04\/conferenza-stampa-sorrentino-del-4-marzo-2014\/sorrentino-stefano\/\" rel=\"attachment wp-att-2483\"><img decoding=\"async\" loading=\"lazy\" class=\"aligncenter size-full wp-image-2483\" alt=\"Sorrentino Stefano\" src=\"http:\/\/www.rosanerosiamonoi.it\/palermocalcio\/wp-content\/uploads\/2014\/03\/Sorrentino-Stefano.jpg\" width=\"352\" height=\"288\" \/><\/a><\/p>\n<p>&nbsp;<\/p>\n<p style=\"text-align: justify;\">PS mi fa molto piacere aggiungere questo messaggio che condivido pienamente da parte del nostro grande portiere \u00a0del\u00a0<strong>Palermo Stefano Sorrentino<\/strong>\u00a0&#8230;. che nel suo profilo Instagram,\u00a0ha cos\u00ec commentato l\u2019addio di\u00a0<strong>Giorgio Perinetti<\/strong>\u00a0al club di viale del Fante.\u00a0<em>\u201c<strong>Un GRAZIE a GIORGIO PERINETTI per aver costruito una squadra fantastica capace di battere tantissimi record. In bocca al lupo per tutto<\/strong>\u201c<\/em><\/p>\n","protected":false},"excerpt":{"rendered":"<p>E&#8217; arrivato ufficialmente il momento non dell&#8217;addio ma\u00a0, come spero e mi auguro come gi\u00e0 successe lo scorso anno,\u00a0il momento dell&#8217;arrivederci . Giustamente come successe con l&#8217;arrivo di Lo Monaco il buon Giorgio preferisce fare un passo indietro per evitare confusione di ruoli e che si creino situazioni che portino poi veramente ad una rottura [&hellip;]<\/p>\n","protected":false},"author":2,"featured_media":1856,"comment_status":"closed","ping_status":"open","sticky":false,"template":"","format":"standard","meta":[],"categories":[1],"tags":[341],"_links":{"self":[{"href":"http:\/\/www.rosanerosiamonoi.it\/palermocalcio\/wp-json\/wp\/v2\/posts\/3045"}],"collection":[{"href":"http:\/\/www.rosanerosiamonoi.it\/palermocalcio\/wp-json\/wp\/v2\/posts"}],"about":[{"href":"http:\/\/www.rosanerosiamonoi.it\/palermocalcio\/wp-json\/wp\/v2\/types\/post"}],"author":[{"embeddable":true,"href":"http:\/\/www.rosanerosiamonoi.it\/palermocalcio\/wp-json\/wp\/v2\/users\/2"}],"replies":[{"embeddable":true,"href":"http:\/\/www.rosanerosiamonoi.it\/palermocalcio\/wp-json\/wp\/v2\/comments?post=3045"}],"version-history":[{"count":6,"href":"http:\/\/www.rosanerosiamonoi.it\/palermocalcio\/wp-json\/wp\/v2\/posts\/3045\/revisions"}],"predecessor-version":[{"id":3072,"href":"http:\/\/www.rosanerosiamonoi.it\/palermocalcio\/wp-json\/wp\/v2\/posts\/3045\/revisions\/3072"}],"wp:featuredmedia":[{"embeddable":true,"href":"http:\/\/www.rosanerosiamonoi.it\/palermocalcio\/wp-json\/wp\/v2\/media\/1856"}],"wp:attachment":[{"href":"http:\/\/www.rosanerosiamonoi.it\/palermocalcio\/wp-json\/wp\/v2\/media?parent=3045"}],"wp:term":[{"taxonomy":"category","embeddable":true,"href":"http:\/\/www.rosanerosiamonoi.it\/palermocalcio\/wp-json\/wp\/v2\/categories?post=3045"},{"taxonomy":"post_tag","embeddable":true,"href":"http:\/\/www.rosanerosiamonoi.it\/palermocalcio\/wp-json\/wp\/v2\/tags?post=3045"}],"curies":[{"name":"wp","href":"https:\/\/api.w.org\/{rel}","templated":true}]}}