{"id":3050,"date":"2014-06-01T18:02:40","date_gmt":"2014-06-01T16:02:40","guid":{"rendered":"http:\/\/www.rosanerosiamonoi.it\/palermocalcio\/?p=3050"},"modified":"2014-06-01T18:02:51","modified_gmt":"2014-06-01T16:02:51","slug":"e-ceravolo-il-nuovo-direttore-sportivo-del-palermo","status":"publish","type":"post","link":"http:\/\/www.rosanerosiamonoi.it\/palermocalcio\/2014\/06\/01\/e-ceravolo-il-nuovo-direttore-sportivo-del-palermo\/","title":{"rendered":"E&#8217; Ceravolo il nuovo Direttore Sportivo del Palermo"},"content":{"rendered":"<p style=\"text-align: justify;\">Dopo il mancato rinnovo da parte di Perinetti la societ\u00e0 di Via del Fante ufficializza il nome del nuovo direttore sportivo per la stagione 2014-2015.<\/p>\n<p style=\"text-align: justify;\"><em>\u201cIl Palermo Calcio comunica di aver ingaggiato con la qualifica di Direttore Sportivo <strong>Franco Ceravolo<\/strong>, che avr\u00e0 il compito di coordinare lo scouting e la ricerca di giovani talenti\u201d<\/em>. Lo ha reso noto il sito ufficiale del Palermo.<\/p>\n<p style=\"text-align: justify;\">\n<p style=\"text-align: justify;\"><a href=\"http:\/\/www.rosanerosiamonoi.it\/palermocalcio\/2014\/06\/01\/e-ceravolo-il-nuovo-direttore-sportivo-del-palermo\/franco-ceravolo\/\" rel=\"attachment wp-att-3051\"><img decoding=\"async\" loading=\"lazy\" class=\"aligncenter size-medium wp-image-3051\" alt=\"franco ceravolo\" src=\"http:\/\/www.rosanerosiamonoi.it\/palermocalcio\/wp-content\/uploads\/2014\/06\/franco-ceravolo-520x436.jpg\" width=\"520\" height=\"436\" srcset=\"http:\/\/www.rosanerosiamonoi.it\/palermocalcio\/wp-content\/uploads\/2014\/06\/franco-ceravolo-520x436.jpg 520w, http:\/\/www.rosanerosiamonoi.it\/palermocalcio\/wp-content\/uploads\/2014\/06\/franco-ceravolo.jpg 945w\" sizes=\"(max-width: 520px) 100vw, 520px\" \/><\/a><\/p>\n<p style=\"text-align: justify;\">\n<p>Il nuovo direttore sportivo \u00e8 legato a Moggi ed aveva seguito di recente anche Lippi nella sua avventura in Cina.<\/p>\n<p style=\"text-align: justify;\">In termini entusiastici ne parla il quotidiano sportivo torinese Tuttosport<\/p>\n<p style=\"text-align: justify;\">\n<p style=\"text-align: justify;\"><a href=\"http:\/\/www.rosanerosiamonoi.it\/palermocalcio\/2014\/06\/01\/e-ceravolo-il-nuovo-direttore-sportivo-del-palermo\/images\/\" rel=\"attachment wp-att-3054\"><img decoding=\"async\" loading=\"lazy\" class=\"aligncenter size-full wp-image-3054\" alt=\"images\" src=\"http:\/\/www.rosanerosiamonoi.it\/palermocalcio\/wp-content\/uploads\/2014\/06\/images.jpg\" width=\"275\" height=\"67\" \/><\/a><\/p>\n<p style=\"text-align: justify;\">\n<p style=\"text-align: justify;\">L\u2019edizione odierna di Tuttosport infatti sottolinea con entusiasmo la notizia dell\u2019arrivo a Palermo di\u00a0<strong>Franco Ceravolo<\/strong>, ex dirigente della Juventus negli anni migliori della gestione Moggi.\u00a0<em>\u201cMaurizio Zamparini non ha perso tempo e ha piazzato il suo primo colpo di mercato: Franco Ceravolo. Non un giocatore, ma un dirigente, consapevole che la rifondazione di una societ\u00e0 deve cominciare dalle fondamenta, dunque dal management. [&#8230;] L\u2019obiettivo \u00e8 quello di costruire una squadra che torni a giocarsela con le grandi del calcio italiano come succedeva alcune stagioni fa quando i siciliani si qualificarono per l\u2019Europa League. I tifosi del Palermo, dunque, possono guardare ad un futuro solo rosa e per niente nero. [&#8230;] Adesso la nuova ed esaltante esperienza a Palermo dove si porta dietro le esperienze maturate in passato. Il compito \u00e8 di prestigio. Zamparini, dopo la retrocessione e l\u2019immediato ritorno in serie A, vuole recuperare il terreno perduto e riportare il Palermo all\u2019onore del mondo. A naso immaginiamo che sar\u00e0 un\u2019estate caldissima. Per il Palermo e per Ceravolo\u201d<\/em>.<\/p>\n<p style=\"text-align: justify;\">\n<p style=\"text-align: justify;\"><a href=\"http:\/\/www.rosanerosiamonoi.it\/palermocalcio\/2014\/06\/01\/e-ceravolo-il-nuovo-direttore-sportivo-del-palermo\/logo_corriere_dello_sport\/\" rel=\"attachment wp-att-3052\"><\/a><a href=\"http:\/\/www.rosanerosiamonoi.it\/palermocalcio\/?attachment_id=3055\" rel=\"attachment wp-att-3055\"><img decoding=\"async\" loading=\"lazy\" class=\"aligncenter size-full wp-image-3055\" alt=\"images (1)\" src=\"http:\/\/www.rosanerosiamonoi.it\/palermocalcio\/wp-content\/uploads\/2014\/06\/images-1.jpg\" width=\"371\" height=\"67\" \/><\/a><\/p>\n<p style=\"text-align: justify;\">\n<p style=\"text-align: justify;\">Mentre il <strong>Corriere dello Sport<\/strong>\u00a0<em>\u201cIl giorno dopo la conclusione di un trionfale campionato di serie B, Zamparini detta le nuove regole. La compagine rosanero cambia ancora, e magari non \u00e8 finita qui. Il presidente continua a restare defilato (non si \u00e8 fatto vedere per le due feste al Barbera e ha imposto che non fosse neppure citato il suo nome durante la premiazione) ma progetta qualcosa. <\/em><\/p>\n<p style=\"text-align: justify;\"><em>Tanto per cominciare, non \u00e8 chiaro, almeno dal comunicato apparso sul sito della societ\u00e0, se Ceravolo si occuper\u00e0 direttamente di mercato o ne lascer\u00e0 le responsabilit\u00e0 agli stessi Zamparini e Iachini, come annunciato giorni fa dal patron. <\/em><\/p>\n<p style=\"text-align: justify;\"><em>(aggiungiamo noi che vorrebbe Iachini come fu Fergusson nella doppia veste di direttore sportivo reale ed allenatore, ma che non piace a Beppe che vuole che i ruoli rimangano divisi per una questione di competenze e conoscenze che lui non ritiene proprie)<\/em><\/p>\n<p style=\"text-align: justify;\"><em>\u00abIl Palermo calcio comunica di aver ingaggiato con la qualifica di Direttore Sportivo Franco Ceravolo che avr\u00e0 il compito di coordinare lo scouting e la ricerca di giovani talenti\u00bb \u00e8 la frase apparsa sul sito. <\/em><\/p>\n<p style=\"text-align: justify;\"><em>Eppure finora le trattative neppure tanto sotterranee sono state portate avanti proprio da Ceravolo\u201d<\/em>.<\/p>\n<p>Nei prossimi giorni <strong>Iachini ed il Presidente<\/strong> si incontreranno certamente per stabilire quali ruoli e quali debbano essere i futuri rinforzi per il Palermo partendo dalla certezza che <strong>Iachini vuole 5 punte in organico<\/strong> e per ora ci sono certi solo Lafferty, Belotti e Dybala, e quindi servono due attaccanti (Paulinho e Mancosu ?) \u00a0che <strong>vuole almeno 5 esterni<\/strong> e quindi ne serviranno almeno due o tre e fra questi uno come <strong>Hallfredson del Verona<\/strong> da comprare e che certamente servir\u00e0 a centrocampo un giocatore come<strong> Lodi o Giovinco<\/strong> dietro le punte e che servirebbe un centrale importante come<strong> Rugani<\/strong> per completare i tre di difesa con <strong>Milanovic e d Andelkovic<\/strong> .<\/p>\n<p style=\"text-align: justify;\">Vi confesso che se arrivassero i nomi che ho fatto un pensierino all&#8217;alta classifica il prossimo anno non sarebbe solo un sogno ma una quasi certezza &#8230; giocatori mirati, forti, giovani e gi\u00e0 di sicuro affidamento guidati dalla mano sicura di <strong>Iachini<\/strong> che speriamo non debba soffrire di questi cambiamenti societari ma che come leggerete nel prossimo articolo<strong> \u00e8 stato riconfermato fino al 2016.<\/strong><\/p>\n","protected":false},"excerpt":{"rendered":"<p>Dopo il mancato rinnovo da parte di Perinetti la societ\u00e0 di Via del Fante ufficializza il nome del nuovo direttore sportivo per la stagione 2014-2015. \u201cIl Palermo Calcio comunica di aver ingaggiato con la qualifica di Direttore Sportivo Franco Ceravolo, che avr\u00e0 il compito di coordinare lo scouting e la ricerca di giovani talenti\u201d. Lo [&hellip;]<\/p>\n","protected":false},"author":2,"featured_media":3056,"comment_status":"closed","ping_status":"open","sticky":false,"template":"","format":"standard","meta":[],"categories":[1],"tags":[367,106],"_links":{"self":[{"href":"http:\/\/www.rosanerosiamonoi.it\/palermocalcio\/wp-json\/wp\/v2\/posts\/3050"}],"collection":[{"href":"http:\/\/www.rosanerosiamonoi.it\/palermocalcio\/wp-json\/wp\/v2\/posts"}],"about":[{"href":"http:\/\/www.rosanerosiamonoi.it\/palermocalcio\/wp-json\/wp\/v2\/types\/post"}],"author":[{"embeddable":true,"href":"http:\/\/www.rosanerosiamonoi.it\/palermocalcio\/wp-json\/wp\/v2\/users\/2"}],"replies":[{"embeddable":true,"href":"http:\/\/www.rosanerosiamonoi.it\/palermocalcio\/wp-json\/wp\/v2\/comments?post=3050"}],"version-history":[{"count":2,"href":"http:\/\/www.rosanerosiamonoi.it\/palermocalcio\/wp-json\/wp\/v2\/posts\/3050\/revisions"}],"predecessor-version":[{"id":3058,"href":"http:\/\/www.rosanerosiamonoi.it\/palermocalcio\/wp-json\/wp\/v2\/posts\/3050\/revisions\/3058"}],"wp:featuredmedia":[{"embeddable":true,"href":"http:\/\/www.rosanerosiamonoi.it\/palermocalcio\/wp-json\/wp\/v2\/media\/3056"}],"wp:attachment":[{"href":"http:\/\/www.rosanerosiamonoi.it\/palermocalcio\/wp-json\/wp\/v2\/media?parent=3050"}],"wp:term":[{"taxonomy":"category","embeddable":true,"href":"http:\/\/www.rosanerosiamonoi.it\/palermocalcio\/wp-json\/wp\/v2\/categories?post=3050"},{"taxonomy":"post_tag","embeddable":true,"href":"http:\/\/www.rosanerosiamonoi.it\/palermocalcio\/wp-json\/wp\/v2\/tags?post=3050"}],"curies":[{"name":"wp","href":"https:\/\/api.w.org\/{rel}","templated":true}]}}