{"id":3059,"date":"2014-06-01T19:17:09","date_gmt":"2014-06-01T17:17:09","guid":{"rendered":"http:\/\/www.rosanerosiamonoi.it\/palermocalcio\/?p=3059"},"modified":"2014-06-01T19:17:22","modified_gmt":"2014-06-01T17:17:22","slug":"iachini-rinnovo-fino-al-2016-campagna-acquisti-rumors","status":"publish","type":"post","link":"http:\/\/www.rosanerosiamonoi.it\/palermocalcio\/2014\/06\/01\/iachini-rinnovo-fino-al-2016-campagna-acquisti-rumors\/","title":{"rendered":"Iachini rinnovo fino al 2016 &#8211; Campagna acquisti rumors"},"content":{"rendered":"<h2 style=\"text-align: center;\">Rinnovato il contratto dell\u2019allenatore del Palermo, Beppe Iachini.<\/h2>\n<p>&nbsp;<\/p>\n<p><a href=\"http:\/\/www.rosanerosiamonoi.it\/palermocalcio\/2014\/05\/31\/ussi-premia-iachini\/ussi-mario-giglio-e-beppe-iachini-targa-a-3\/\" rel=\"attachment wp-att-3034\"><img decoding=\"async\" loading=\"lazy\" class=\"aligncenter size-medium wp-image-3034\" alt=\"Ussi Mario Giglio e Beppe Iachini targa A (3)\" src=\"http:\/\/www.rosanerosiamonoi.it\/palermocalcio\/wp-content\/uploads\/2014\/05\/Ussi-Mario-Giglio-e-Beppe-Iachini-targa-A-3-520x389.jpg\" width=\"520\" height=\"389\" srcset=\"http:\/\/www.rosanerosiamonoi.it\/palermocalcio\/wp-content\/uploads\/2014\/05\/Ussi-Mario-Giglio-e-Beppe-Iachini-targa-A-3-520x389.jpg 520w, http:\/\/www.rosanerosiamonoi.it\/palermocalcio\/wp-content\/uploads\/2014\/05\/Ussi-Mario-Giglio-e-Beppe-Iachini-targa-A-3-1024x766.jpg 1024w\" sizes=\"(max-width: 520px) 100vw, 520px\" \/><\/a><\/p>\n<p>&nbsp;<\/p>\n<p style=\"text-align: justify;\">Il Palermo ha ufficializzato con una nota il rinnovo del tecnico:\u00a0<em>\u201cIl Palermo \u00e8 felice di comunicare ai propri tifosi che il tecnico Beppe Iachini ha rinnovato il proprio contratto fino al 30 giugno 2016 con opzione per un\u2019ulteriore stagione\u201d<\/em>.<\/p>\n<p>La riconferma dell&#8217;allenatore dei record non pu\u00f2 che farci piacere anche perch\u00e8 siamo convinti che Beppe possa addirittura fare meglio in serie A a patto che gli vengano presi adesso non dei doppioni a giocatori che lui ha in organico e sui quali la societ\u00e0 vuole puntare come Vasquez per cui Kone che \u00e8 anche un buon giocatore che lui ha allenato non \u00e8 utile alla causa del Palermo per Iachini meglio prendere a centrocampo qualcuno con altre caratteristiche \u00a0e su questo noi concordiamo con lui.<\/p>\n<p style=\"text-align: justify;\">\n<p style=\"text-align: center;\"><a href=\"http:\/\/www.rosanerosiamonoi.it\/palermocalcio\/2014\/06\/01\/iachini-rinnovo-fino-al-2016-campagna-acquisti-rumors\/iachini-zampa\/\" rel=\"attachment wp-att-3060\"><img decoding=\"async\" loading=\"lazy\" class=\"aligncenter  wp-image-3060\" alt=\"IACHINI ZAMPA\" src=\"http:\/\/www.rosanerosiamonoi.it\/palermocalcio\/wp-content\/uploads\/2014\/06\/IACHINI-ZAMPA.jpg\" width=\"520\" height=\"389\" \/><\/a><\/p>\n<p style=\"text-align: justify;\">\n<p style=\"text-align: justify;\">Dunque prolungamento\u00a0 fino al 30 giugno 2016, invece, per Beppe\u00a0<strong>Iachini<\/strong>, che ha un&#8217;opzione anche per un ulteriore stagione. <strong><em>&#8220;Ringrazio il Presidente e la Societ\u00e0 per la fiducia. Lavoreremo insieme per il bene del Palermo del presente e del futuro&#8221;<\/em><\/strong>, le prime parole del tecnico.<\/p>\n<p style=\"text-align: justify;\"><em>\u201cSono felice di poter prolungare questo legame.\u00a0<\/em><em>L\u2019obiettivo \u00e8 regalare altre grandi soddisfazioni ai nostri tifosi\u201d<\/em>.<\/p>\n<p style=\"text-align: justify;\"><em>\u201cSiamo gi\u00e0 all\u2019opera per preparare la prossima stagione. Ci attendono nuove ed affascinanti sfide, siamo pronti ad affrontarle\u201d<\/em>.<\/p>\n<p>Come conferma lo stesso Presidente,<strong> Zamparini,<\/strong> che conferma che nei prossimi giorni con Iachini metteranno a punto il programma di rafforzamento della squadra &#8220;<strong><em>\u00a0voglio un Palermo in stile Atletico Madrid<\/em><\/strong>&#8220;.<\/p>\n<p style=\"text-align: justify;\">\n<p style=\"text-align: justify;\"><a href=\"http:\/\/www.rosanerosiamonoi.it\/palermocalcio\/2013\/11\/30\/conferenza-stampa-iachini-29-novembre-2013\/beppe-iachini-alla-prima-in-panchina-al-barbera\/\" rel=\"attachment wp-att-1709\"><img decoding=\"async\" loading=\"lazy\" class=\"aligncenter size-full wp-image-1709\" alt=\"Beppe Iachini alla prima in panchina al Barbera\" src=\"http:\/\/www.rosanerosiamonoi.it\/palermocalcio\/wp-content\/uploads\/2013\/11\/Beppe-Iachini-alla-prima-in-panchina-al-Barbera.jpg\" width=\"472\" height=\"264\" \/><\/a><\/p>\n<p style=\"text-align: justify;\">\n<p style=\"text-align: justify;\"><span style=\"line-height: 1.5em;\">Iniziando a lavoraci fra l&#8217;altro fin dal ritiro nella prima parte dal 15 Luglio a Bad e dal mese successivo in Trentino e curandone anche la preparazione in maniera pi\u00f9 specifica e dettagliata , curando l&#8217;esecuzione degli schemi e valutando il grado di preparazione di ogni singolo giocatore e la sua attitudine a far parte di un gioco corale piuttosto che su singole giocate alla fine siamo sicuri che se arriveranno i giocatori giusti cio\u00e8 quelli che sapranno dare quel quid in pi\u00f9 tutte le volte che andranno in campo quest&#8217;anno vedremo in campo certamente un grande Palermo.<\/span><\/p>\n<p style=\"text-align: justify;\">\n<p style=\"text-align: justify;\"><a href=\"http:\/\/www.rosanerosiamonoi.it\/palermocalcio\/2013\/10\/04\/video-conferenza-stampa-iachini-prima-di-brescia-palermo-4-10-2013\/iachini-conferenza-stampa\/\" rel=\"attachment wp-att-1429\"><img decoding=\"async\" loading=\"lazy\" class=\"aligncenter size-medium wp-image-1429\" alt=\"Iachini Conferenza Stampa\" src=\"http:\/\/www.rosanerosiamonoi.it\/palermocalcio\/wp-content\/uploads\/2013\/10\/Iachini-Conferenza-Stampa-520x416.jpg\" width=\"520\" height=\"416\" srcset=\"http:\/\/www.rosanerosiamonoi.it\/palermocalcio\/wp-content\/uploads\/2013\/10\/Iachini-Conferenza-Stampa-520x416.jpg 520w, http:\/\/www.rosanerosiamonoi.it\/palermocalcio\/wp-content\/uploads\/2013\/10\/Iachini-Conferenza-Stampa.jpg 720w\" sizes=\"(max-width: 520px) 100vw, 520px\" \/><\/a><\/p>\n<p style=\"text-align: justify;\">\n<p style=\"text-align: justify;\">Nei giorni scorsi<strong> Iachini<\/strong> aveva detto <em>\u201cIl presidente valuta tutto, non lascia nulla al caso, sta attento a tutti i particolari e so che il lavoro fatto \u00e8 stato apprezzato. Per quella che \u00e8 la mia visione di calcio \u00e8 importante che si lavori in staff, ognuno deve fare il suo lavoro, io far\u00f2 l\u2019allenatore cercando sempre un confronto diretto e sincero con il mio presidente e il direttore. Per la Serie A ci vuole unita di intenti e un grande gruppo<\/em>\u201c.<\/p>\n<p><span style=\"line-height: 1.5em;\">I nomi li ho fatti nell&#8217;articolo della nomina di Ceravolo, posso solo dire che al contrario di quello che sull&#8217;onda dell&#8217;emotivit\u00e0 pensano molti tifosi questa volta io sono contento se come sembra per accontentare\u00a0<\/span><strong style=\"line-height: 1.5em;\">Iachini<\/strong><span style=\"line-height: 1.5em;\">\u00a0come premio promozione per il suo Palermo voleva oltre ad alcune riconferme importanti anche l&#8217;arrivo di un nuovo regista costruttore\u00a0<\/span><span style=\"line-height: 1.5em;\">ovvero\u00a0<\/span><strong style=\"line-height: 1.5em;\">Francesco Lodi<\/strong><span style=\"line-height: 1.5em;\">.<\/span><\/p>\n<p style=\"text-align: justify;\">\n<p style=\"text-align: justify;\"><a href=\"http:\/\/www.rosanerosiamonoi.it\/palermocalcio\/2014\/06\/01\/iachini-rinnovo-fino-al-2016-campagna-acquisti-rumors\/lodi-genoa\/\" rel=\"attachment wp-att-3061\"><img decoding=\"async\" loading=\"lazy\" class=\"aligncenter size-medium wp-image-3061\" alt=\"lodi genoa\" src=\"http:\/\/www.rosanerosiamonoi.it\/palermocalcio\/wp-content\/uploads\/2014\/06\/lodi-genoa-520x309.jpg\" width=\"520\" height=\"309\" srcset=\"http:\/\/www.rosanerosiamonoi.it\/palermocalcio\/wp-content\/uploads\/2014\/06\/lodi-genoa-520x309.jpg 520w, http:\/\/www.rosanerosiamonoi.it\/palermocalcio\/wp-content\/uploads\/2014\/06\/lodi-genoa.jpg 673w\" sizes=\"(max-width: 520px) 100vw, 520px\" \/><\/a><\/p>\n<p style=\"text-align: justify;\">\n<p style=\"text-align: justify;\">Voci dicono che Ceravolo ha infatti incontrato e concluso sulla parola l&#8217;intera operazione con l&#8217;entourage del giocatore (gli stessi che seguono anche gli interessi di\u00a0<strong>Tot\u00f2 Di Natale<\/strong>).<\/p>\n<p style=\"text-align: justify;\">Ci sarebbe anche lo sta bene da parte di Pulvirenti e sembra che la cifra per far approdare \u00a0Lodi a Palermo si aggiri intorno ai\u00a0<strong>3 milioni di euro<\/strong>, contro un valore di mercato stimato pi\u00f9 o meno del doppio.<\/p>\n<p style=\"text-align: justify;\">Insomma, la strada \u00e8 tracciata e lo stesso Lodi gradisce il cambio di maglia.<\/p>\n<p style=\"text-align: justify;\">Giocatore ancora integro fisicamente e dal piede sinistro ben sopra la media, Lodi pu\u00f2 dare molto a questo Palermo, che punta ad un posto nelle coppe da subito, anche grazie \u00a0alle sue magistrali punizioni.<\/p>\n<p style=\"text-align: justify;\">\n<p style=\"text-align: justify;\"><a href=\"http:\/\/www.rosanerosiamonoi.it\/palermocalcio\/2014\/06\/01\/iachini-rinnovo-fino-al-2016-campagna-acquisti-rumors\/rigoni-2\/\" rel=\"attachment wp-att-3063\"><img decoding=\"async\" loading=\"lazy\" class=\"aligncenter size-medium wp-image-3063\" alt=\"rigoni\" src=\"http:\/\/www.rosanerosiamonoi.it\/palermocalcio\/wp-content\/uploads\/2014\/06\/rigoni1-520x323.jpg\" width=\"520\" height=\"323\" srcset=\"http:\/\/www.rosanerosiamonoi.it\/palermocalcio\/wp-content\/uploads\/2014\/06\/rigoni1-520x323.jpg 520w, http:\/\/www.rosanerosiamonoi.it\/palermocalcio\/wp-content\/uploads\/2014\/06\/rigoni1.jpg 570w\" sizes=\"(max-width: 520px) 100vw, 520px\" \/><\/a><\/p>\n<p style=\"text-align: justify;\">\n<p style=\"text-align: justify;\">\n<p style=\"text-align: justify;\">Altro giocatore trattato era stato Rigoni . Ed \u00e8 proprio il procuratore\u00a0<strong>Andrea D\u2019Amico <\/strong>\u00a0<span style=\"line-height: 1.5em;\">che \u00e8 tornato<\/span><span style=\"line-height: 1.5em;\">\u00a0a parlare di\u00a0<\/span><strong style=\"line-height: 1.5em;\">Luca Rigoni<\/strong><span style=\"line-height: 1.5em;\">, 29enne capitano del Chievo da anni nel mirino del Palermo.\u00a0<\/span><em style=\"line-height: 1.5em;\">\u201cDi recente non ho parlato di Rigoni con Zamparini, ma col presidente ho un super-rapporto d\u2019amicizia \u2013<\/em><span style=\"line-height: 1.5em;\"> ha dichiarato a TGS<\/span><em style=\"line-height: 1.5em;\"> -.\u00a0<\/em><em style=\"line-height: 1.5em;\">D\u2019altronde \u00e8 risaputo che il Palermo ha provato a prenderlo in passato. Confesso che anche la scorsa estate Gattuso lo aveva chiesto a Zamparini\u201d<\/em><span style=\"line-height: 1.5em;\">.<\/span><\/p>\n<p style=\"text-align: justify;\">\n<p style=\"text-align: justify;\"><a href=\"http:\/\/www.rosanerosiamonoi.it\/palermocalcio\/2014\/06\/01\/iachini-rinnovo-fino-al-2016-campagna-acquisti-rumors\/livorno-empoli-serie-b\/\" rel=\"attachment wp-att-3064\"><img decoding=\"async\" loading=\"lazy\" class=\"aligncenter size-medium wp-image-3064\" alt=\"Livorno-Empoli serie B\" src=\"http:\/\/www.rosanerosiamonoi.it\/palermocalcio\/wp-content\/uploads\/2014\/06\/Paulinho-520x290.jpg\" width=\"520\" height=\"290\" srcset=\"http:\/\/www.rosanerosiamonoi.it\/palermocalcio\/wp-content\/uploads\/2014\/06\/Paulinho-520x290.jpg 520w, http:\/\/www.rosanerosiamonoi.it\/palermocalcio\/wp-content\/uploads\/2014\/06\/Paulinho.jpg 1020w\" sizes=\"(max-width: 520px) 100vw, 520px\" \/><\/a><\/p>\n<p style=\"text-align: justify;\">\n<div style=\"text-align: justify;\">Altro giocatore che piace \u00e8\u00a0<strong>Paulinho<\/strong> ma che sembra interessare anche mezza Serie A come \u00a0scrive l\u2019edizione odierna di<strong> Tuttosport,<\/strong> che sottolinea come Spinelli stia cercando di velocizzare la cessione del giocatore per evitare che nei prossimi mesi il prezzo del brasiliano possa calare.<\/div>\n<div style=\"text-align: justify;\"><\/div>\n<div style=\"text-align: justify;\"><\/div>\n<div style=\"text-align: justify;\">Sul giocatore \u00e8 soprattutto il <strong>Torino<\/strong>, che ha pensato a lui per sostituire il partente Immobile. Infatti\u00a0\u00a0\u00e8 il brasiliano del Livorno il primo obiettivo per il dopo Ciro Immobile, ormai diretto al Borussia Dortmund.<\/div>\n<div style=\"text-align: justify;\"><\/div>\n<div style=\"text-align: justify;\">I granata hanno offerto sembra un massimo di<strong>\u00a06-7 milioni di euro <\/strong>ma il\u00a0presidente amaranto Aldo Spinelli, per\u00f2, fa resistenza, fissando il costo del cartellino a circa 10 milioni di euro.<\/div>\n<div style=\"text-align: justify;\"><\/div>\n<div style=\"text-align: justify;\">Per abbassare il prezzo, il ds Gianluca Petrachi potrebbe proporre alcune contropartite tecniche (giovani oppure altri giocatori come Guillermo Rodriguez), puntando anche sulla volont\u00e0 di Paulinho che non ha intenzione di andare in B.<\/div>\n<div style=\"text-align: justify;\"><\/div>\n<div style=\"text-align: justify;\">I granata devono sbrigarsi a completare la squadra perch\u00e9 saranno tra i primi a cominciare la stagione ufficiale per via dell\u2019inaspettata qualificazione in Europa League.<\/div>\n<div style=\"text-align: justify;\"><\/div>\n<div style=\"text-align: justify;\"><span style=\"line-height: 1.5em;\">Ma oltre al Toro sul giocatore sembrano esserci anche <\/span><strong style=\"line-height: 1.5em;\">Palermo e Verona<\/strong><span style=\"line-height: 1.5em;\"> e ultimi rumors parlano anche di\u00a0<\/span><strong style=\"line-height: 1.5em;\">Milan <\/strong><span style=\"line-height: 1.5em;\">interessato al giocatore.<\/span><\/div>\n<p style=\"text-align: justify;\">\n<p style=\"text-align: justify;\">\n<p style=\"text-align: justify;\">\n","protected":false},"excerpt":{"rendered":"<p>Rinnovato il contratto dell\u2019allenatore del Palermo, Beppe Iachini. &nbsp; &nbsp; Il Palermo ha ufficializzato con una nota il rinnovo del tecnico:\u00a0\u201cIl Palermo \u00e8 felice di comunicare ai propri tifosi che il tecnico Beppe Iachini ha rinnovato il proprio contratto fino al 30 giugno 2016 con opzione per un\u2019ulteriore stagione\u201d. La riconferma dell&#8217;allenatore dei record non [&hellip;]<\/p>\n","protected":false},"author":2,"featured_media":3060,"comment_status":"closed","ping_status":"open","sticky":false,"template":"","format":"standard","meta":[],"categories":[1,5],"tags":[141,369,368,16],"_links":{"self":[{"href":"http:\/\/www.rosanerosiamonoi.it\/palermocalcio\/wp-json\/wp\/v2\/posts\/3059"}],"collection":[{"href":"http:\/\/www.rosanerosiamonoi.it\/palermocalcio\/wp-json\/wp\/v2\/posts"}],"about":[{"href":"http:\/\/www.rosanerosiamonoi.it\/palermocalcio\/wp-json\/wp\/v2\/types\/post"}],"author":[{"embeddable":true,"href":"http:\/\/www.rosanerosiamonoi.it\/palermocalcio\/wp-json\/wp\/v2\/users\/2"}],"replies":[{"embeddable":true,"href":"http:\/\/www.rosanerosiamonoi.it\/palermocalcio\/wp-json\/wp\/v2\/comments?post=3059"}],"version-history":[{"count":2,"href":"http:\/\/www.rosanerosiamonoi.it\/palermocalcio\/wp-json\/wp\/v2\/posts\/3059\/revisions"}],"predecessor-version":[{"id":3066,"href":"http:\/\/www.rosanerosiamonoi.it\/palermocalcio\/wp-json\/wp\/v2\/posts\/3059\/revisions\/3066"}],"wp:featuredmedia":[{"embeddable":true,"href":"http:\/\/www.rosanerosiamonoi.it\/palermocalcio\/wp-json\/wp\/v2\/media\/3060"}],"wp:attachment":[{"href":"http:\/\/www.rosanerosiamonoi.it\/palermocalcio\/wp-json\/wp\/v2\/media?parent=3059"}],"wp:term":[{"taxonomy":"category","embeddable":true,"href":"http:\/\/www.rosanerosiamonoi.it\/palermocalcio\/wp-json\/wp\/v2\/categories?post=3059"},{"taxonomy":"post_tag","embeddable":true,"href":"http:\/\/www.rosanerosiamonoi.it\/palermocalcio\/wp-json\/wp\/v2\/tags?post=3059"}],"curies":[{"name":"wp","href":"https:\/\/api.w.org\/{rel}","templated":true}]}}